{"id":1424,"date":"2023-08-09T13:52:57","date_gmt":"2023-08-09T13:52:57","guid":{"rendered":"https:\/\/blog.uantwerpen.be\/global-pen-friends\/?p=1424"},"modified":"2023-08-29T19:23:58","modified_gmt":"2023-08-29T19:23:58","slug":"climate-change-consciousness-and-impact","status":"publish","type":"post","link":"https:\/\/blog.uantwerpen.be\/global-pen-friends\/climate-change-consciousness-and-impact\/","title":{"rendered":"Climate change: consciousness and impact"},"content":{"rendered":"\n<p>This is exchange between Laura CZamora from Nicaragua and Amey Prakash from India. For security reasons, the name of the student from Nicaragua was anonymised.<\/p>\n\n\n\n<p class=\"has-luminous-vivid-orange-background-color has-background\">Letter 1<\/p>\n\n\n\n<p>Managua, Nicaragua<\/p>\n\n\n\n<p>Marzo 02, Jueves, 2023<\/p>\n\n\n\n<p>01:22 pm<\/p>\n\n\n\n<h2 class=\"wp-block-heading\">Querido nuevo amigo, Amey:<\/h2>\n\n\n\n<p>\u00a1Hola!, \u00bfqu\u00e9 tal te encuentras? Espero que te encuentres bien, y si no es as\u00ed, no te preocupes. Todo mejorar\u00e1 pronto. A m\u00ed me ha estado yendo bien, hace poco inici\u00e9 mi semestre de clase y vamos viento en popa. Antes de continuar, me presentar\u00e9. Mi nombre es Laura, tengo 21 a\u00f1os y estudio dise\u00f1o gr\u00e1fico. Soy de Managua, la capital de mi pa\u00eds, Nicaragua. Quiz\u00e1s no hayas o\u00eddo mencionar este lugar antes, no te preocupes. Nicaragua es un pa\u00eds situado en Centroam\u00e9rica, somos el centro del centro. Nuestra posici\u00f3n geogr\u00e1fica nos permite ser un pa\u00eds con mucha diversidad de flora y fauna lo cual resulta ser un privilegio. Lo que m\u00e1s amo de esto es que durante todo el a\u00f1o puedo degustar diferentes tipos de frutas, aunque por ello tenga que pagar con meses calurosos.<\/p>\n\n\n\n<p>Es un lugar fascinante para vivir mi peque\u00f1o pa\u00eds, el problema ahonda en que no lo queremos lo suficiente pues lo cuidamos bastante poco. Estoy consciente de que un pa\u00eds en desarrollo tiene como prioridad otras situaciones como erradicar la pobreza y aumentar los \u00edndices de trabajo; pero el cuidado del lugar que nos acoge es, al menos para m\u00ed, otra prioridad que debe ser o\u00edda y atendida.<\/p>\n\n\n\n<p>Desgraciadamente este tema es el \u00faltimo en discusi\u00f3n por nuestras autoridades. Durante los \u00faltimos 5 a\u00f1os he tomado consciencia pol\u00edtica, y he llegado a la conclusi\u00f3n de que las figuras gubernamentales no son confiables, ni ellas, ni sus discursos, ni sus promesas. No solo en Latinoam\u00e9rica, sino en gran parte del mundo. Leo noticias de gobiernos firmando tratados en los que se comprometen a cuidar del medio ambiente, pero al mismo tiempo estos permiten que las grandes corporaciones exploten sus recursos sin regulaciones (tal es el caso de M\u00e9xico con Coca Cola, donde el pa\u00eds sufre de sequ\u00eda pero la refresquera tiene permitido extraer m\u00e1s de 3 mil millones de litros de agua anuales solamente en un estado). Luchar contra esto es complicado pues existen intereses de muchos lados, adem\u00e1s, cualquiera disfruta de una coca cola.<\/p>\n\n\n\n<p>En Nicaragua existen problemas similares al de M\u00e9xico; se deforestan reservas naturales protegidas, se explotan suelos en busca de minerales y en el \u00e1rea donde vivo se construyen residenciales (terrenos donde se construyen casas habitables) a sabiendas que debajo de estos se encuentran mantos acu\u00edferos importantes para la distribuci\u00f3n de agua potable en la capital, los que pueden llegar a contaminarse o ser destruidos.<\/p>\n\n\n\n<p>Aun as\u00ed, nuestro mayor problema es la cultura del descuido que arrastramos hace varias generaciones. Imagina que es normal que las personas tiren basura por la calle, lo que ocasiona tremendos problemas en la \u00e9poca de lluvia, o que los juegos de los ni\u00f1os sean matar aves con resorte. La soluci\u00f3n de esto claramente es la educaci\u00f3n, pero es un reto muy grande. Educar una sociedad implica hacer cambios en el estilo de vida que llevamos, se\u00f1alar los errores que no queremos aceptar y crear acciones para mejorar. Es una tarea constante y costosa.<\/p>\n\n\n\n<p>Es que, \u00bfc\u00f3mo haces consciencia real de un problema? Dicen que no hay peor ciego que el que no quiere ver, y con todas las cat\u00e1strofes que d\u00eda a d\u00eda pasan en el mundo uno piensa, bueno la gente va a reaccionar, pero no lo hacen \u00bfc\u00f3mo cambias eso vos? \u00bfQu\u00e9 haces para que alguien salga de una casa que se est\u00e1 incendiando si no reacciona? Estas preguntas me pasan por la mente de vez en cuando.<\/p>\n\n\n\n<p>\u00bfQu\u00e9 estoy haciendo yo para que esto mejore? No mucho, no s\u00e9 por d\u00f3nde empezar, quiz\u00e1s en redes, apoyar a las fundaciones, estoy limitada y a la vez no. Tenemos a Greta, pero, \u00bfy el cambio? Todo se queda en palabras, en discursos bonitos, y me desanimo, porque si personas que pueden hacer algo son ignoradas \u00bfqu\u00e9 pasa conmigo? Ya es dif\u00edcil que en tu casa separen la basura, ahora imag\u00ednate tus vecinos, tu comunidad que es donde se empieza. Las leyes de reciclaje en Corea son un buen ejemplo de cambio, pero hay que ver que si lo que reciclan compensa todo lo que contaminan.&nbsp;<\/p>\n\n\n\n<p>Intento no rendirme, desde hace un tiempo me he comprometido con el ambiente a realizar los cambios que est\u00e1n en mis manos: 5 minutos en el ba\u00f1o, rehuso todo lo que puedo, hago composta y estoy intentando cultivar plantas arom\u00e1ticas. Tambi\u00e9n tengo como meta a largo plazo comer menos carne, pero es tan dif\u00edcil ya que los productos animales son deliciosos, es una contradicci\u00f3n con la que vivo d\u00eda a d\u00eda. Una contradicci\u00f3n que me quema pues los animales que consumimos son seres tan inteligentes, con sentimientos, que si los conoces lo suficiente llegan a ser tus amigos. T\u00fa no te comes a tu amigo. Lo cuidas.&nbsp;<\/p>\n\n\n\n<p>Ver\u00e1s, en mi realidad, la consciencia ambiental incluye no solo el cuido por el medio ambiente, sino tambi\u00e9n por los animales que conviven con nosotros.&nbsp;<\/p>\n\n\n\n<p>Yo quiero que la naturaleza est\u00e9 en paz, que los animales no sufran en nuestras manos, que gocen de su derecho a estar vivos y en su paz. Que los arboles crezcan y vivan 100, 1000 a\u00f1os sin que los consideren un estorbo, que se respete el mundo.&nbsp;<\/p>\n\n\n\n<p>Por suerte, existen personas cuyo amor al planeta es m\u00e1s grande que su miedo a lo que pasar\u00e1. Estas personas crean fundaciones sin fines de lucro para ayudar sobre todo a los animales que tanto hacemos sufrir. Las que m\u00e1s me inspiran son El mirador de gal\u00e1n, un refugio para caballos que son rescatados de la explotaci\u00f3n laboral y la ONG Latinoamericana Paso Pac\u00edfico, con su trabajo especial en la conservaci\u00f3n de las tortugas marinas.&nbsp;<\/p>\n\n\n\n<p>Protegemos lo que amamos, creo que por eso se me hace f\u00e1cil cuidar de lo que tengo. Cuido mi jard\u00edn, \u00bfeso cuenta? \u00bfEs suficiente? Creo que estar\u00e9 feliz si al menos consigo que alguien recicle una botella.<\/p>\n\n\n\n<p>No tenemos un buen panorama a futuro. Me preocupa tambi\u00e9n el rumbo del mundo, nos estamos condenando a la extinci\u00f3n. Hace unos d\u00edas le\u00ed un art\u00edculo algo inquietante sobre c\u00f3mo los humanos y animales estamos empezando a competir por recursos debido al cambio clim\u00e1tico. Me dej\u00f3 con un nudo en el est\u00f3mago.&nbsp;<\/p>\n\n\n\n<p>Creo que por esta vez es todo. Escribir esta carta me pareci\u00f3 jugar a abrir y cerrar puertas, pues empezaba hablando de un problema, que luego conduce a otro y solo parece que va aumentando. As\u00ed que disculpa si de pronto parece que no hay coherencia con lo que escribo, es un tema extenso y complicado de abordar.&nbsp;<\/p>\n\n\n\n<p>Tambi\u00e9n tengo unas preguntas para ti:&nbsp;<\/p>\n\n\n\n<p>\u00bfQu\u00e9 te parece mi situaci\u00f3n?<\/p>\n\n\n\n<p>\u00bfC\u00f3mo es la situaci\u00f3n en tu pa\u00eds?&nbsp;<\/p>\n\n\n\n<p>\u00bfC\u00f3mo la vives t\u00fa?&nbsp;<\/p>\n\n\n\n<p>\u00bfEres m\u00e1s valiente que yo y trabajas de una forma m\u00e1s activa para mejorar esto?<\/p>\n\n\n\n<p>\u00bfPor qu\u00e9 elegiste este tema?<\/p>\n\n\n\n<p>Me muero por leer tu respuesta, esperar\u00e9 tu carta con el entusiasmo de un ni\u00f1o.<\/p>\n\n\n\n<p>Me despido cordialmente dese\u00e1ndote salud y buenas energ\u00edas.<\/p>\n\n\n\n<p>Atte.: tu amiga del otro lado del planeta, Laura.<\/p>\n\n\n\n<p>Por ac\u00e1 te dejo los links de algunas cosas que mencion\u00e9<\/p>\n\n\n\n<ul class=\"wp-block-list\">\n<li><a href=\"https:\/\/www.mexicosocial.org\/agua-industria-comida-chatarra-coca-cola-bebidas-azucaradas-produccion-de-refrescos-poplab\/#:~:text=Coca%20Cola%20consume%20el%20agua,litros%20de%20agua%20al%20a%C3%B1o\">https:\/\/www.mexicosocial.org\/agua-industria-comida-chatarra-coca-cola-bebidas-azucaradas-produccion-de-refrescos-poplab\/#:~:text=Coca%20Cola%20consume%20el%20agua,litros%20de%20agua%20al%20a%C3%B1o<\/a>.<\/li>\n\n\n\n<li><a href=\"https:\/\/www.facebook.com\/miradordegalan\/?locale=es_LA\">https:\/\/www.facebook.com\/miradordegalan\/?locale=es_LA<\/a><\/li>\n\n\n\n<li><a href=\"https:\/\/es.mongabay.com\/2018\/07\/nicaragua-tortugas-marinas-mujeres-guardaparques\/\">https:\/\/es.mongabay.com\/2018\/07\/nicaragua-tortugas-marinas-mujeres-guardaparques\/<\/a><\/li>\n\n\n\n<li><a href=\"https:\/\/pasopacifico.org\/es\/\">https:\/\/pasopacifico.org\/es\/<\/a><\/li>\n\n\n\n<li><a href=\"https:\/\/www.nationalgeographic.com.es\/medio-ambiente\/aumentan-conflictos-entre-humanos-vida-silvestre-debido-cambio-climatico_19588\">https:\/\/www.nationalgeographic.com.es\/medio-ambiente\/aumentan-conflictos-entre-humanos-vida-silvestre-debido-cambio-climatico_19588<\/a><\/li>\n<\/ul>\n\n\n\n<p class=\"has-pale-cyan-blue-background-color has-background\">Letter 2<\/p>\n\n\n\n<p>New Delhi, India<\/p>\n\n\n\n<p>Wednesday, 22<sup>nd<\/sup> March, 2023<\/p>\n\n\n\n<p>21:00<\/p>\n\n\n\n<h2 class=\"wp-block-heading\">Dear Laura<\/h2>\n\n\n\n<p>I hope this letter finds you in good health. It gives me great pleasure to reply to your letter which indeed touched my heart with its deep exploration of some critical issues that face our generation. I really appreciate the depth of your awareness and genuine concerns about our environment that were communicated very effectively. Having friends like you to represent my generation makes me proud and assured of the possibilities of change that we can collectively bring about.<\/p>\n\n\n\n<p>Allow me to introduce myself first. My name is Amey Prakash. I belong to Mumbai, the city that\u2019s considered the financial capital of India. Currently, I am pursuing a degree in Law at the National Law University in New Delhi, the Capital of India. To start off, of course, I am aware of Nicaragua. Apart from my geography class in school, it was its beautiful depiction in the Tom Cruise starrer <strong>American<\/strong> <strong>Made<\/strong>, that gave me an introduction to Nicaragua.&nbsp; The movie was based on the \u201cWar on drugs\u201d in the 1980s. While it showed the lush greenery of Nicaragua, it was only from you that I came to know about the social aspects of the country.<\/p>\n\n\n\n<p>I am not aware if the country, especially the urban parts of it are still as lush green and beautiful, but that makes me admit that I am living in a country with the highest number of polluted cities in the world. While Delhi tops the list of polluted cities in India, Mumbai is not far behind. And yet, the public awareness on climate change and environmental conservation remains abysmally low. It is certainly a matter of grave concern to our generation who hope to inherit this country sooner than later.<\/p>\n\n\n\n<p>India achieved independence from colonial rule in 1947, and a general trend surrounding the development of countries that liberated from colonial rule was a scarcity of resources emphasized by lack of development of human resource during the colonial rule and problems in making judicious use of those meagre resources with the pressures of meeting the economic goals. It is argued that the colonizers had their opportunities of achieving a certain level of development in the last century without due regard to efficient use of resources, while the modern developing nations are being pressured to achieve their development goals in an environmentally sustainable manner. Don\u2019t you think that amounts to denial of a level playing field to these developing nations? In addition to this, educated people from developing countries migrate to developed countries in pursuit of prosperity and opportunities, causing brain drain and hampering the progress of development in developing countries.<\/p>\n\n\n\n<p>There indeed are no two ways about sustainable development as our collective future depends on it. Isn\u2019t that reason enough for the more resourceful countries to come to the help of the developing countries and do a bit of handholding, so that together we make a breakthrough a bit faster. I believe that instead of imposing sanctions for not achieving certain targets, a helping hand could be extended by developed nations and international bodies to the developing nations, particularly in terms of technology. We are one world; one beautiful planet and the Sustainable Development Goals (SDGs) should be a collective responsibility. Unfortunately, it does not work in a world where, to our utter shock, a war is raging for over a year. It is just a matter of misplaced priorities and failure of international diplomacy which is making things harder to mend than it is. This might provide a part explanation to your argument against politicians not being able to do enough to tackle climate change.&nbsp; In a country like mine, illiteracy and lack of resources drive people to do things that could harm the environment; for example, in most Indian villages, women cook by burning firewood. The source of air pollution every winter in Delhi is burning of farm stents when farmers prepare their fields for the next crop season. In this highly populated country, land holdings are highly fragmented and mechanisation or adoption of cleaner processes cannot be implemented due to the cost involved.<\/p>\n\n\n\n<p>Let me refer to an interesting quote from the fictional movie <strong>Black<\/strong> <strong>Panther<\/strong>, \u201cWe all know the truth: More connects us than separates us. We must find a way to look after one another as if we were one single tribe.\u201d \u2013 King T\u2019Challa.<\/p>\n\n\n\n<p>An example of how politicians in most Asian countries where freedom is limited exploit and suppress the masses can be seen from the \u201cAarey Forest Protests\u201d which took place in Mumbai, my hometown. The existence of Aarey Forest, once considered the largest urban forest in Asia and the lungs of the city of Mumbai, came into trouble when the Government decided to fell thousands of its trees to construct a loco shed for the ongoing metro rail project. A huge ecosystem and with it the huge population were to suffer if this happened. There were demonstrations and public protests in and outside the Forest to prevent the cutting down of trees, but eventually the trees were cut down and the masses were silenced, and arrested by the State police force for the crime of protesting.<\/p>\n\n\n\n<p>Just as I saw your country in a movie, you could see my country in a movie, an Academy Award winner <strong>Slumdog Millionaire<\/strong>. While it may not exactly be a matter of pride, Mumbai hosts one of Asia\u2019s largest slums, Dharavi. Dharavi is a city inside a city. It is a self-sufficient space with its own industry that greatly contributes to the economy of the city which is the financial capital of India. The spirit and solidarity of residents of Dharavi is indeed commendable in the face of abject poverty, and poor human development indices. Obviously, the activities in Dharavi would not align with the SDGs, but it suits the politics of vote bank and cheap labour. Given the lack of growth and poverty in other parts of the country, people from the remote villages are still drawn to spaces like Dharavi. Uneven urbanization has contributed to putting pressure on the environment within the cities. People are forced to live in slums as there is no planned development. Many things such as waste management are outside the control of the Government. Population density is putting huge pressure on town planning. Decentralisation could be a solution. India is trying to build infrastructure countrywide. I just hope that the economic goals are pursued in environmentally sustainable manner.<\/p>\n\n\n\n<p>Let me now come to what we can do as global citizens for environmental conservation. The technology is there to connect us all and networking is not difficult at all. However, let us accept that the role of corporate media and social media is dubious in today\u2019s world full of misinformation and post truth. It is important to trust each other and come together to fight common battles locally. Spreading awareness is important so that pressure could be built on authorities to act.&nbsp;&nbsp;<\/p>\n\n\n\n<p>More people than ever before have been turning to \u201cVeganism\u201d. I am somewhat supportive of this concept even though I am not a vegan myself. Did you know that the global meat industry is a major contributor to causing harm to the planet as the industry uses a large amount of water? It would be a blessing to our planet if at least half the population of meat eaters stopped eating meat as a matter of conscious choice. At the same time, however, I do not advise converting or switching entirely to veganism, because that would also affect the planet in a harmful manner. I believe \u201ctoo much of anything is a bad thing\u201d and therefore, we must have a balance in whatever we do.<\/p>\n\n\n\n<p>I cannot really comment on the situation in Nicaragua, but may I try to answer your queries in terms of my own experiences and practices. I would suggest to you only one thing, and that is, as I have done, <em>change yourself<\/em>. Regardless of what other people do, say or think, one must have the conviction to do what is right. I acknowledge that it would be difficult to change the behaviour of people altogether. It is difficult to make people stop throwing garbage out in the open, but if history has taught us anything, it is that people lead by example. So, show them what is to be done. Eventually, people close to you will start to follow, and subsequently, those close to your friends and relatives will fall in line. Even if they don\u2019t, what could go wrong? The urgency with the battle on climate change is such that it would eventually affect everybody, and those who are reluctant to act now will be compelled to act in the future. We will be proud on that day to have done our bit in the right direction. I hope the awareness rises faster and new laws as well as regional agreements are introduced. I also hope that if nothing else, we could pressure the authorities to make the existing laws stricter.&nbsp;<\/p>\n\n\n\n<p>You may be aware that Mohandas Karamchand Gandhi is considered the father of India. He taught us to live a simple minimalistic lifestyle and stand up without fear for what we believe in. His principles of non-violence and satyagraha (passive political resistance) effectively brought the mighty British empire to its knees during our freedom struggle. Unity is the key; fearless and persistent pursuit of our collective goals should be our response to the present situation.<\/p>\n\n\n\n<p>So, if I were to comment on your situation, I would say to you the same thing you said to me; \u201cDon&#8217;t worry. Everything will get better soon.\u201d<\/p>\n\n\n\n<p>I hope I have satisfactorily answered your questions. I too, bring some questions of my own for you.<\/p>\n\n\n\n<p>What is your opinion about the SDGs and Climate Action? Do you think International Organizations have been\/would be successful enough to achieve their goals or to bring about real change? Can they impact sovereign nations? If yes, in what way?<\/p>\n\n\n\n<p>To end the letter, I would like to tell you that I am truly obliged to have had the opportunity of communicating my views to someone so close to me as a human being on this planet yet so far, owing to territorial boundaries created by unnecessary wars and disputes. The fact that the only freshwater sharks known in the world can be found in Lake Nicaragua still makes me think, \u201cHow can a country with such abundance of exquisite flora and fauna still face problems that most would describe to be \u2018ironical\u2019 for their situation?\u201d It does seem as if people do not appreciate what they have until they lose it. I do empathize with you, and your situation in Nicaragua, while I sure hope we could connect outside the walls of the Global Pen Pals program to discuss the larger climate and related issues facing our planet, and become friends across borders as well.<\/p>\n\n\n\n<p>Your friend from miles away,<\/p>\n\n\n\n<p>Amey<\/p>\n\n\n\n<p>I have included links to some of the references used by me throughout the letter:<\/p>\n\n\n\n<p>1. &nbsp; &nbsp; IQAir Global Air quality and pollution city ranking<\/p>\n\n\n\n<p><a href=\"https:\/\/www.iqair.com\/in-en\/world-air-quality-ranking\">https:\/\/www.iqair.com\/in-en\/world-air-quality-ranking<\/a><\/p>\n\n\n\n<p>2. &nbsp; &nbsp; The World\u2019s Largest Slums (Dharavi)<\/p>\n\n\n\n<figure class=\"wp-block-embed is-type-wp-embed is-provider-habitat-for-humanity-gb wp-block-embed-habitat-for-humanity-gb\"><div class=\"wp-block-embed__wrapper\">\n<blockquote class=\"wp-embedded-content\" data-secret=\"eYPmoZ2ESF\"><a href=\"https:\/\/www.habitatforhumanity.org.uk\/blog\/2017\/12\/the-worlds-largest-slums-dharavi-kibera-khayelitsha-neza\/\">The World&#8217;s Largest Slums: Dharavi, Kibera, Khayelitsha &#038; Neza<\/a><\/blockquote><iframe loading=\"lazy\" class=\"wp-embedded-content\" sandbox=\"allow-scripts\" security=\"restricted\" style=\"position: absolute; clip: rect(1px, 1px, 1px, 1px);\" title=\"&#8220;The World&#8217;s Largest Slums: Dharavi, Kibera, Khayelitsha &#038; Neza&#8221; &#8212; Habitat for Humanity GB\" src=\"https:\/\/www.habitatforhumanity.org.uk\/blog\/2017\/12\/the-worlds-largest-slums-dharavi-kibera-khayelitsha-neza\/embed\/#?secret=riBdiJO98s#?secret=eYPmoZ2ESF\" data-secret=\"eYPmoZ2ESF\" width=\"525\" height=\"296\" frameborder=\"0\" marginwidth=\"0\" marginheight=\"0\" scrolling=\"no\"><\/iframe>\n<\/div><\/figure>\n\n\n\n<p>3. &nbsp; &nbsp; \u201cFinally, voices of Aarey protesters fall silent\u201d by Prayag Arora-Desai, Mumbai<\/p>\n\n\n\n<p><a href=\"https:\/\/www.hindustantimes.com\/cities\/mumbai-news\/finally-voices-of-aarey-protesters-fall-silent-101669749870675.html\">https:\/\/www.hindustantimes.com\/cities\/mumbai-news\/finally-voices-of-aarey-protesters-fall-silent-101669749870675.html<\/a><\/p>\n\n\n\n<p>4. &nbsp; &nbsp; \u201cWe all know the truth: More connect us than separate us. We must find the way to look after one another as if we were one single tribe.\u201d \u2015 King T\u2019challa.<\/p>\n\n\n\n<p><a href=\"https:\/\/www.goodreads.com\/quotes\/tag\/black-panther#:~:text=Fictional%20characters%20such%20as%20Superman,alife%20from%20deep%20within%20us.%E2%80%9D&amp;text=%E2%80%9CWe%20all%20know%20the%20truth,%E2%80%95%20King%20T'challa.\">https:\/\/www.goodreads.com\/quotes\/tag\/black-panther#:~:text=Fictional%20characters%20such%20as%20Superman,alife%20from%20deep%20within%20us.%E2%80%9D&amp;text=%E2%80%9CWe%20all%20know%20the%20truth,%E2%80%95%20King%20T&#8217;challa.<\/a><\/p>\n\n\n\n<p>5. &nbsp; &nbsp; Sustainability: How does chicken production impact the environment? How is the chicken industry minimizing its environmental impact?<\/p>\n\n\n\n<figure class=\"wp-block-embed is-type-wp-embed is-provider-chicken-check-in wp-block-embed-chicken-check-in\"><div class=\"wp-block-embed__wrapper\">\n<blockquote class=\"wp-embedded-content\" data-secret=\"pVe5QWi6wG\"><a href=\"https:\/\/www.chickencheck.in\/faq\/sustainability\/\">Sustainability: How does chicken production impact the environment? How is the chicken industry minimizing its environmental impact?<\/a><\/blockquote><iframe loading=\"lazy\" class=\"wp-embedded-content\" sandbox=\"allow-scripts\" security=\"restricted\" style=\"position: absolute; clip: rect(1px, 1px, 1px, 1px);\" title=\"&#8220;Sustainability: How does chicken production impact the environment? How is the chicken industry minimizing its environmental impact?&#8221; &#8212; Chicken Check In\" src=\"https:\/\/www.chickencheck.in\/faq\/sustainability\/embed\/#?secret=s8qx2BYHZm#?secret=pVe5QWi6wG\" data-secret=\"pVe5QWi6wG\" width=\"525\" height=\"296\" frameborder=\"0\" marginwidth=\"0\" marginheight=\"0\" scrolling=\"no\"><\/iframe>\n<\/div><\/figure>\n\n\n\n<p>6. &nbsp; &nbsp; 39 Of World&#8217;s 50 Most Polluted Cities Are In India: Report<\/p>\n\n\n\n<p><a href=\"https:\/\/www.ndtv.com\/science\/39-of-worlds-50-most-polluted-cities-are-in-india-report-3859266\">https:\/\/www.ndtv.com\/science\/39-of-worlds-50-most-polluted-cities-are-in-india-report-3859266<\/a><\/p>\n\n\n\n<p class=\"has-luminous-vivid-orange-background-color has-background\">Letter 3<\/p>\n\n\n\n<p>Managua, Nicaragua<\/p>\n\n\n\n<p>Abril 13, Jueves, 2023<\/p>\n\n\n\n<p>17:00<\/p>\n\n\n\n<h2 class=\"wp-block-heading\">Querido Amey:<\/h2>\n\n\n\n<p>\u00a1Hola!, \u00bfc\u00f3mo va todo por all\u00e1? Aqu\u00ed ha entrado ya el verano por lo fuerte y hace un calor sofocante, el resto de cosas han ido bien. He recibido tu carta con alegr\u00eda y admiraci\u00f3n, tus palabras me atraparon y me conmovieron. Te felicito por tu excelente redacci\u00f3n y narrativa.<\/p>\n\n\n\n<p>Me alegra saber que conoces Nicaragua, me parece interesante tambi\u00e9n saber que mucho de lo que me compartes de tu pa\u00eds se asemeja un mont\u00f3n a la realidad que vivimos por estos lados. Algunas veces pensamos que tenemos mil diferencias con los dem\u00e1s humanos, pero leerte solo refuerza mi teor\u00eda de que tenemos m\u00e1s cosas en com\u00fan que diferencias, acentuando sobre todo los mismos problemas sociales donde la b\u00fasqueda de soluciones es interferida por aquellos con dinero y poder.<\/p>\n\n\n\n<p>Gracias por la clase de historia que me has dado sobre India y su independencia, pues me ayuda a comprender como esto les pasa la cuenta como sociedad. Si bien en Nicaragua conseguimos la independencia un poco antes que ustedes, la situaci\u00f3n se asemeja porque el pa\u00eds parece haberse estancado.<\/p>\n\n\n\n<p>Lo que me lleva al planteamiento interesante que hiciste sobre las naciones desarrolladas que nos deber\u00edan de echar una mano. Nicaragua recibe ayuda de algunos pa\u00edses para obras sociales (como construcci\u00f3n de carreteras, puentes, escuelas, etc.) el problema ac\u00e1 recae en que es dif\u00edcil seguir el rastro a las ayudas, muchas veces ese dinero es mal invertido o termina en la cuenta bancaria de alg\u00fan se\u00f1or pol\u00edtico. Nuestras instituciones son incapaces de rendir cuentas claras acerca del uso de estos fondos y, bueno. Es triste que sea as\u00ed, pero combatir la corrupci\u00f3n es algo muy complicado; a\u00f1adiendo tambi\u00e9n que es un problema que no s\u00f3lo le pertenece a Nicaragua sino tambi\u00e9n a toda Latinoam\u00e9rica.&nbsp;<\/p>\n\n\n\n<p>Obviamente esta ayuda no es suficiente, pues en mi opini\u00f3n, la responsabilidad de mejorar recae en nosotros, los ciudadanos y habitantes de nuestros pa\u00edses. Pero claro, es dif\u00edcil actuar positivamente y de forma proactiva en un lugar donde esto no se permite.&nbsp; Y tambi\u00e9n los pa\u00edses industrializados juegan con una carta de doble cara, pues son expertos en&nbsp; aprovecharse de la pobreza y necesidad que existe en nuestros pa\u00edses y no dudan en sacar ventaja de ello. Su especialidad, mano de obra barata o como vertederos. En Nicaragua tenemos zonas francas con trabajadores en situaciones precarias y por supuesto, un mal salario. Desde hace unos a\u00f1os estas zonas francas se han expandido y mutaron para convertirse en Call Centers. Muchos conocidos m\u00edos trabajan en estos explotativos lugares en situaciones horribles; con horarios exhaustivamente largos, sin seguros sociales y donde son muy maltratados verbalmente no solo por sus clientes, sino tambi\u00e9n por sus superiores. Lo triste de esto es que la mayor\u00eda de los trabajadores son j\u00f3venes, con y sin carreras universitarias que se vieron orillados de una u otra forma a trabajar en estas nuevas maquilas. Tanto potencial desperdiciado para arreglar el error 530 de Netflix. Est\u00e1 situaci\u00f3n genera desesperanza a toda una generaci\u00f3n y como consecuencia, se crea la fuga de cerebros de la que tambi\u00e9n hablaste.<\/p>\n\n\n\n<p>No s\u00e9 si lo hab\u00eda mencionado antes, pero en Chile existe el vertedero m\u00e1s grande de ropa en Latinoam\u00e9rica. Me enter\u00e9 de esto mediante un documental. La historia va as\u00ed, me gusta mucho el mundo de la moda, y un d\u00eda se cruz\u00f3 ante m\u00ed el fast fashion, puntualmente un documental bajo el canal de DW Documentary; el cual te recomiendo seguir mediante youtube, tiene muy buen contenido. Fue una buena sentada a realidad, pues aprend\u00ed que la industria de la moda es la segunda m\u00e1s contaminante del mundo, adem\u00e1s de otros detalles como que se gasta demasiada agua para crear una sola pieza de ropa y bueno, lo recuerdo y empiezo a sudar fr\u00edo. Es un problema serio y si bien existen alternativas como las tienda de segunda mano, a\u00fan tenemos un largo trayecto que recorrer.<\/p>\n\n\n\n<p>Otro sector que contamina bastante es el del arte, los acr\u00edlicos contaminan con micropl\u00e1sticos el medio ambiente y las fuentes h\u00eddricas, y existen pocas formas de tratarlos. Estamos conviviendo sin preocupaci\u00f3n con estos cosos que nos van a matar muy pronto.<\/p>\n\n\n\n<p>Pecamos demasiado en codicia.<\/p>\n\n\n\n<p>Parece que cada cosa que hacemos solo afecta al planeta, y no quiero recaer en la posici\u00f3n de que los humanos somos una plaga pero si lo somos. Intento no tomar una postura pesimista ante estas situaciones pero se me complica. Por ello tus palabras de \u00e1nimo a no rendirme dan fuerza a mi doblegado esp\u00edritu. Gracias por ello.<\/p>\n\n\n\n<p>Nicaragua no se queda atr\u00e1s con la contaminaci\u00f3n y explotaci\u00f3n de recursos. Algo parecido a lo de las Protestas del Bosque Aarey pas\u00f3 ac\u00e1 en 2018, a\u00f1o en que se desat\u00f3 una situaci\u00f3n pol\u00edtica de la cual a\u00fan no nos recuperamos. Alumnos de mi universidad empezaron una protesta pac\u00edfica sobre la explotaci\u00f3n, en esta situaci\u00f3n fue una serie de incendios para obtener madera, de la Reserva Natural Indio Ma\u00edz (uno de los pulmones de Centroam\u00e9rica) y las cosas fueron escalando hasta que se cre\u00f3 una especie de insurrecci\u00f3n. Tema para otra sesi\u00f3n de cartas. Al final, de igual forma, en la reserva se sigue extrayendo madera ilegalmente y cada cierto tiempo se lee en noticias que asesinan a los locales de la zona por defender su territorio, estos tienden a ser en su mayor\u00eda de pueblos ind\u00edgenas de esta regi\u00f3n del pa\u00eds.&nbsp;<\/p>\n\n\n\n<p>Nicaragua sigue siendo verde y nuestros cielos no est\u00e1n contaminados, pero si tenemos estos problemas graves de destrucci\u00f3n de bosques y explotaci\u00f3n de los suelos. De nuevo por mi pueblo, est\u00e1n construyendo casas para vivir en un terreno donde hab\u00eda un gran \u00e1rea verde que no solo nos ayudaba con el calor, daba cobijo a aves y embellec\u00eda la zona, sino que funcionaba como ret\u00e9n de las aguas de lluvia y bueno, ya veremos c\u00f3mo resulta ese proyecto una vez finalizado y con personas viviendo ah\u00ed. No adivinar\u00e1s nunca a quien pertenece.<br><img loading=\"lazy\" decoding=\"async\" src=\"https:\/\/lh5.googleusercontent.com\/UEczPZ9sH-0KL9M8CKjiKOQ8rDj7WywgPF9qcMTk1t3ewiY6BWAJDUT-ErThYdd53L_FgDgfP9rWPzcf7eFk1xXthVxtuegZlh96GnFGUhcGdqrvbv2oLEf3e3HowNDqdZ1UaPcA5GMfkx2DF9kRKg\" width=\"256\" height=\"256\"><\/p>\n\n\n\n<p>Esta imagen es un meme que dice algo como: \u201cFriends, don\u00b4t let the Canadian mining destroy our hills, bc where we are going to transform into nahuales\u201d&nbsp;<\/p>\n\n\n\n<p>Los nahuales son leyendas de personas con habilidades oscuras, tipo brujos, que se pueden transformar en animales. Muchas historias acerca de estos&nbsp; se escuchan y recientemente se ha vuelto una mini tendencia.<\/p>\n\n\n\n<p>Reafirmo lo que dices, las personas no apreciamos lo que tenemos. Es una tristeza lo de los lagos de mi pa\u00eds en verdad, pues estos han sido mal administrados desde hace unas d\u00e9cadas y tenemos pocas esperanzas de recuperarlos, junto con su fauna y flora.&nbsp;<\/p>\n\n\n\n<p>Respondiendo tus preguntas, admitir\u00e9 que no estaba completamente informada acerca de ODS y Acci\u00f3n por el clima, as\u00ed que me dispuse a buscar informaci\u00f3n y bueno, mi opini\u00f3n acerca de estos es que me recuerda a m\u00ed creando un horario ideal para realizar mis actividades para luego empezar a procrastinar hasta hacerlo todo a \u00faltimo minuto. Y no, no creo que las organizaciones lleguen a cumplirlo, mira, hay gente que si lo hace como Greenpeace lanzando rocas al mar para evitar la pesca de arrastre, pero las acciones quedan hasta ah\u00ed. Si por un lado algunos pa\u00edses en serio se preocupan por actuar lo que hab\u00edan pactado, por el otro hay muchos que siguen incumpliendo sus tratos, tal es Jap\u00f3n a punto de lanzar aguas con residuos radioactivos al Oc\u00e9ano Pac\u00edfico o Estados Unidos, yendo a buscar petr\u00f3leo a la fr\u00eda Alaska en vez de preocuparse por cuidarla.&nbsp;<\/p>\n\n\n\n<p>No tengo buenas expectativas acerca de un cambio radical de los pa\u00edses, pero me aferro a la esperanza de que nuestra generaci\u00f3n podr\u00e1 hacer alg\u00fan cambio antes que sea demasiado tarde. Aunque demos pasos de beb\u00e9, eso cuenta como algo.<\/p>\n\n\n\n<p>Finalizar\u00e9 esta carta agradeciendo el tiempo que has dedicado en leerme y escribirme, en compartir tus experiencias y puntos de vista conmigo.&nbsp; Agradeciendo la oportunidad de compartir mis inquietudes y ver que no estoy sola. Agradeciendo por gente como t\u00fa que tiene la preocupaci\u00f3n por el cuidado de nuestra casa com\u00fan y la situaci\u00f3n social del lugar que pertenece. Y sobre todo agradeciendo las palabras de aliento para continuar. No deseo m\u00e1s que buenas cosas para ti y que sigas teniendo fuerza para seguir luchando por tus ideales.<\/p>\n\n\n\n<p>Recuerda vivir una vida coherente, que lo que pienses y digas, tus acciones lo reflejen.<\/p>\n\n\n\n<p>Espero encontrarte alg\u00fan d\u00eda de igual forma fuera del programa que nos ha reunido.<\/p>\n\n\n\n<p>Un abrazo fraterno de tu amiga nicarag\u00fcense,&nbsp;<\/p>\n\n\n\n<p>Laura.&nbsp;<\/p>\n\n\n\n<p>La informaci\u00f3n extra<\/p>\n\n\n\n<ol class=\"wp-block-list\">\n<li>Documental Fast Fashion<br><img loading=\"lazy\" decoding=\"async\" width=\"249\" height=\"187\" src=\"https:\/\/lh4.googleusercontent.com\/14nEHjYsYjtVerifePTnjD_q46AA7kVjtgDAJVt5KUtY7l5VzI9dfe1X-TbpUhSJspbVRHMJmkC2RtBj0tpJ06UT69s5Xe2buwVivSEfQOvMsecnoEXFXTCXjyahUplskuoadIx8fR3EuNpN5czfAg\"><img loading=\"lazy\" decoding=\"async\" width=\"245\" height=\"184\" src=\"https:\/\/lh4.googleusercontent.com\/hUPwBmm2QNA8lXP_bH-L-DW_z5QrUzzrSM2tVqL0YSOOECpcJ7nKK9LsOBvFlpx__3skZmYLBxfTuXiqwVH5J4A0GS1p3lBXwz5B7QpJ1iEMbihgLW7YYI_d6orMQUsOzV12YFKyBEpglRsuGIWdxQ\"><\/li>\n<\/ol>\n\n\n\n<ol class=\"wp-block-list\" start=\"2\">\n<li>Vertedero en Chile<\/li>\n<\/ol>\n\n\n\n<p><img loading=\"lazy\" decoding=\"async\" src=\"https:\/\/lh4.googleusercontent.com\/RhxTV4iW1p8VCWv1EB17O96_NGeWoYKHxSVti7HwNAYqGAPwR_toyGnjJk0_BVVpHw5OQB82mnmdAXh8O4cxg4qQRtBx7c4nImaPwSvpTkaQdTTdqPGtNmnIP_TRF2jpVbk8njmCIrJXAnHUuz6oFQ\" width=\"246\" height=\"185\"><\/p>\n\n\n\n<ol class=\"wp-block-list\" start=\"3\">\n<li>Indio Ma\u00edz<\/li>\n<\/ol>\n\n\n\n<figure class=\"wp-block-embed is-type-wp-embed is-provider-reservaindiomaiz-org wp-block-embed-reservaindiomaiz-org\"><div class=\"wp-block-embed__wrapper\">\n<blockquote class=\"wp-embedded-content\" data-secret=\"D9ORMz2gbX\"><a href=\"https:\/\/reservaindiomaiz.org\/\">INICIO<\/a><\/blockquote><iframe loading=\"lazy\" class=\"wp-embedded-content\" sandbox=\"allow-scripts\" security=\"restricted\" style=\"position: absolute; clip: rect(1px, 1px, 1px, 1px);\" title=\"\u00abINICIO\u00bb \u2014 reservaindiomaiz.org\" src=\"https:\/\/reservaindiomaiz.org\/embed\/#?secret=mTxMPKOnDG#?secret=D9ORMz2gbX\" data-secret=\"D9ORMz2gbX\" width=\"525\" height=\"296\" frameborder=\"0\" marginwidth=\"0\" marginheight=\"0\" scrolling=\"no\"><\/iframe>\n<\/div><\/figure>\n\n\n\n<p><a href=\"https:\/\/confidencial.digital\/nacion\/jovenes-marcharon-por-indio-maiz-a-pesar-de-represion-policial\/\">https:\/\/confidencial.digital\/nacion\/jovenes-marcharon-por-indio-maiz-a-pesar-de-represion-policial\/<\/a><\/p>\n\n\n\n<ol class=\"wp-block-list\" start=\"4\">\n<li>Nahuales<\/li>\n<\/ol>\n\n\n\n<p><a href=\"https:\/\/www.mexicodesconocido.com.mx\/nahuales-en-mexico.html\">https:\/\/www.mexicodesconocido.com.mx\/nahuales-en-mexico.html<\/a><\/p>\n\n\n\n<ol class=\"wp-block-list\" start=\"5\">\n<li>Green Peace<br><img loading=\"lazy\" decoding=\"async\" width=\"282\" height=\"211\" src=\"https:\/\/lh4.googleusercontent.com\/tbr9VX4tg2LIncdMTLGILtUTcibsmeuBu9kgM2_YN3XFLv12BNQl2xcSqiGF3ujzeumI0sMGKXDT3KEd3Z3KprGRShnPJh446nqn1rc2H8a588yvtD4DEJ5aV7xN0nXxDGjU_TkNgFb1Xjhrn1NX6A\"><\/li>\n<\/ol>\n\n\n\n<ol class=\"wp-block-list\" start=\"6\">\n<li>Jap\u00f3n y Canad\u00e1<\/li>\n<\/ol>\n\n\n\n<p><a href=\"https:\/\/www.bbc.com\/mundo\/noticias-internacional-64264020\">https:\/\/www.bbc.com\/mundo\/noticias-internacional-64264020<\/a><\/p>\n\n\n\n<p><a href=\"https:\/\/www.bbc.com\/mundo\/noticias-internacional-64944840\">https:\/\/www.bbc.com\/mundo\/noticias-internacional-64944840<\/a><\/p>\n\n\n\n<p><img loading=\"lazy\" decoding=\"async\" src=\"https:\/\/lh3.googleusercontent.com\/AN5qHQs2n6nCOROkTepIJuXP9Q-Xb_3WJlI-kdilyzxrpmzjLftGFDycQwGajSYNOjOp8Gk2BnO9pVBsLea_fxrKNfaO0whBTA38_cuLiIP4rxDG6ZF9M8qq8eVtl5B7iNAmI2VwkpsAYdJDkcHUjQ\" width=\"268\" height=\"478\"><\/p>\n\n\n\n<p>Por \u00faltimo te comparto una foto de la primera cosecha de mis calalas o maracuy\u00e1s, creo que lo mencion\u00e9 en la carta anterior pero si no es as\u00ed, tengo una peque\u00f1a ramada de esta planta que estoy cuidando desde que eran semillas. Hace una semana pude recoger el esfuerzo de unos 6 meses de trabajo y me siento feliz y orgullosa.&nbsp;<\/p>\n\n\n\n<p class=\"has-pale-cyan-blue-background-color has-background\">Letter 4<\/p>\n\n\n\n<p>New Delhi, India<\/p>\n\n\n\n<p>May 12, Friday, 2023<\/p>\n\n\n\n<p>19:00<\/p>\n\n\n\n<h2 class=\"wp-block-heading\">Dear Laura<\/h2>\n\n\n\n<p>The summer has begun here as well. However, due to climate change, there have been weeks of severe heat followed subsequently by weeks of heavy rainfall. This is an abnormal weather phenomenon. At present, we face extreme heat. Even at night, it feels like we are walking on a burning stove.<\/p>\n\n\n\n<p>I am intrigued by your thoughts regarding the commonalities between our peoples. In India as well, several infrastructure and related project are funded entirely or in part by the multinational corporations and\/or the Governments of other nations. I agree that corruption is a major problem in third world countries like ours. Take for instance the recent controversy regarding one of the world\u2019s richest persons, an Indian by the name Gautam Adani. Allegations of potential insider trading involving the stocks of the Adani Group are part of the latest Gautam Adani controversy. According to sources, three Mauritius-based firms that hold Adani Group companies made investments in them just before their stock prices spiked, prompting the Securities and Exchange Board of India (SEBI) to open an inquiry. SEBI requested information on the subject from Adani Group firms and other organizations. The investments were made by the funds, according to Adani Group, who have denied any wrongdoing, based on their own research and market trends. The funds, according to the business, are long-term investors and have owned shares of the Adani Group companies for a considerable amount of time. Investors have expressed considerable worry about the matter, and it has sparked discussion regarding the Adani Group&#8217;s transparency and corporate governance policies.<\/p>\n\n\n\n<p>Further, I am deeply saddened by the situation of labor exploitation in your country which you have narrated. India goes beyond the exploitation of labor. Although the law prohibits manual scavenging, it is practiced in abundance in our country. Poor enforcement of law and absence of regulation and control are a part of the reason, I believe, that people have to work these jobs. Moreover, the jobs that people will take up are determined at birth for a large population in India. These problems are exploited, rather than resolved, by the industrialized countries you mentioned, because they allow for cheap and easy labor.<\/p>\n\n\n\n<p>Fashion and Art are, indeed, enormously polluting industries. It can be argued that humans are the root cause of all the destruction and pollution on this planet, but it is also humans who can fix it. You are right in saying that the responsibility for improvement lies with us, the citizens and inhabitants of our countries. Individuals have a responsibility to reduce their own carbon footprints and contribute to reducing overall emissions. Citizens must come together to demand policy changes and support collective actions that can have a greater impact than individual actions alone. By mobilizing and demanding action, citizens can even drive policy changes and support the development of sustainable solutions. Most important; the impacts of climate change will be felt for generations to come. It is therefore the responsibility of citizens to take action today to protect the planet for future generations.<\/p>\n\n\n\n<p>I suggest you to study the relevant topics in the subjects of Political Science and Sociology to develop an understanding as to why countries do what they do. A lot many of your questions, such as why do countries not keep their promises, or why do they play double-sided cards, would be answered. In addition, you would gain a deeper insight of the various aspects of a country. It would definitely develop your understanding of the issues you are very much interested in.<\/p>\n\n\n\n<p>Recently, my hometown Mumbai surpassed Delhi by having a higher level of pollution. This news came as a shock to me because Delhi is known for being one of the most polluted cities in the world, while it is believed that being closer to the coast, Mumbai has the privilege of enjoying fresh air throughout the year. However, some time ago, there was more air pollution in Mumbai than there was in Delhi. The way I see it, there can be many reasons for this. One of the most common reasons is construction of buildings. In recent times, Mumbai has undertaken a large number of construction projects.<\/p>\n\n\n\n<p>Construction activities can generate a lot of dust, which can contribute to particulate matter (PM) pollution. In Mumbai, construction activities have been found to generate a large amount of dust, which can cause respiratory problems and other health issues.<\/p>\n\n\n\n<p>The use of heavy machinery such as cranes, bulldozers, and excavators can contribute to air pollution through the emission of exhaust fumes. These machines typically run on diesel, which can emit harmful particulates and nitrogen oxides (NOx).<\/p>\n\n\n\n<p>The transportation of construction materials to the site can also contribute to air pollution, particularly if the vehicles used are old and poorly maintained. These vehicles can emit high levels of pollutants such as particulate matter, carbon monoxide (CO), and NOx.<\/p>\n\n\n\n<p>In Mumbai, the recent increase in construction activities has led to a significant increase in air pollution levels. The Maharashtra Pollution Control Board (MPCB) reported that the levels of PM10 and PM2.5 (two types of particulate matter) were several times higher than the safe limits prescribed by the National Ambient Air Quality Standards (NAAQS) due to construction activities. To mitigate the effects of construction-related pollution, the government has introduced measures such as restricting construction activities during certain hours and ensuring that construction sites have adequate dust control measures in place.<\/p>\n\n\n\n<p>It&#8217;s disheartening to know about the clothing dump in Chile, but it&#8217;s good to see that you are taking steps to reduce your contribution to the problem. I will definitely check out the documentary you recommended and try to educate myself further on this issue. In addition, you brought out the art industry&#8217;s contribution to pollution, something few people are aware of. Unfortunately, we frequently disregard how our activities affect the environment and other living things. But it&#8217;s admirable that you&#8217;re determined to keep going, and I hope more people will do the same. The fact that there is illegal logging taking on in the Indio Maz Natural Reserve in Nicaragua saddens me. It&#8217;s sad that the selfishness of a select few is having an impact on indigenous people and the environment. It&#8217;s crucial to raise awareness of these problems and seek to develop solutions. I&#8217;m interested in learning more about this at our next letter sessions. It&#8217;s unfortunate that housing is taking the place of the green space in your community. I can only hope that the new project will not hurt the environment and that steps to guarantee sustainability have been put in place. It&#8217;s unfortunate to learn that the area&#8217;s owner did not recognize its significance.<\/p>\n\n\n\n<p>Thank you again for writing to me and sharing your thoughts. It&#8217;s always a pleasure to hear from you and learn about the world beyond my own. I hope you&#8217;re doing well and staying safe.<\/p>\n\n\n\n<p>Your friend,<\/p>\n\n\n\n<p>Amey<\/p>\n\n\n\n<p>Rutgers, M. R. (2008). The Purpose of the State. Administrative Theory &amp; Praxis, 30(3), 349\u2013354. <a href=\"http:\/\/www.jstor.org\/stable\/25610939\">http:\/\/www.jstor.org\/stable\/25610939<\/a><\/p>\n\n\n\n<p>Fain, H. (1972). The Idea of the State. No\u00fbs, 6(1), 15\u201326. <a href=\"https:\/\/doi.org\/10.2307\/2214510\">https:\/\/doi.org\/10.2307\/2214510<\/a><\/p>\n\n\n\n<figure class=\"wp-block-embed is-type-video is-provider-youtube wp-block-embed-youtube wp-embed-aspect-16-9 wp-has-aspect-ratio\"><div class=\"wp-block-embed__wrapper\">\n<iframe loading=\"lazy\" title=\"How the $120 Billion Adani Scandal Shook India\" width=\"525\" height=\"295\" src=\"https:\/\/www.youtube.com\/embed\/LLYdOnX1REo?feature=oembed\" frameborder=\"0\" allow=\"accelerometer; autoplay; clipboard-write; encrypted-media; gyroscope; picture-in-picture; web-share\" referrerpolicy=\"strict-origin-when-cross-origin\" allowfullscreen><\/iframe>\n<\/div><\/figure>\n\n\n\n<figure class=\"wp-block-embed is-type-video is-provider-youtube wp-block-embed-youtube wp-embed-aspect-16-9 wp-has-aspect-ratio\"><div class=\"wp-block-embed__wrapper\">\n<iframe loading=\"lazy\" title=\"What makes Delhi&#039;s air so deadly\" width=\"525\" height=\"295\" src=\"https:\/\/www.youtube.com\/embed\/bVzvZxW5n2Q?feature=oembed\" frameborder=\"0\" allow=\"accelerometer; autoplay; clipboard-write; encrypted-media; gyroscope; picture-in-picture; web-share\" referrerpolicy=\"strict-origin-when-cross-origin\" allowfullscreen><\/iframe>\n<\/div><\/figure>\n","protected":false},"excerpt":{"rendered":"<p>This is exchange between Laura CZamora from Nicaragua and Amey Prakash from India. For security reasons, the &hellip; <\/p>\n<p class=\"link-more\"><a href=\"https:\/\/blog.uantwerpen.be\/global-pen-friends\/climate-change-consciousness-and-impact\/\" class=\"more-link\"><span class=\"screen-reader-text\"> &#8220;Climate change: consciousness and impact&#8221;<\/span><\/a><\/p>\n","protected":false},"author":137,"featured_media":1416,"comment_status":"closed","ping_status":"open","sticky":false,"template":"","format":"standard","meta":{"_acf_changed":false,"_jetpack_memberships_contains_paid_content":false,"footnotes":""},"categories":[66,70],"tags":[146],"coauthors":[249,250],"class_list":["post-1424","post","type-post","status-publish","format-standard","has-post-thumbnail","hentry","category-india","category-nicaragua","tag-climate-change"],"acf":[],"yoast_head":"<!-- This site is optimized with the Yoast SEO plugin v27.4 - https:\/\/yoast.com\/product\/yoast-seo-wordpress\/ -->\n<title>Climate change: consciousness and impact - USOS<\/title>\n<meta name=\"robots\" content=\"noindex, follow, max-snippet:-1, max-image-preview:large, max-video-preview:-1\" \/>\n<meta property=\"og:locale\" content=\"en_GB\" \/>\n<meta property=\"og:type\" content=\"article\" \/>\n<meta property=\"og:title\" content=\"Climate change: consciousness and impact - USOS\" \/>\n<meta property=\"og:description\" content=\"This is exchange between Laura CZamora from Nicaragua and Amey Prakash from India. For security reasons, the &hellip; &quot;Climate change: consciousness and impact&quot;\" \/>\n<meta property=\"og:url\" content=\"https:\/\/blog.uantwerpen.be\/global-pen-friends\/climate-change-consciousness-and-impact\/\" \/>\n<meta property=\"og:site_name\" content=\"USOS\" \/>\n<meta property=\"article:published_time\" content=\"2023-08-09T13:52:57+00:00\" \/>\n<meta property=\"article:modified_time\" content=\"2023-08-29T19:23:58+00:00\" \/>\n<meta property=\"og:image\" content=\"https:\/\/blog.uantwerpen.be\/global-pen-friends\/wp-content\/uploads\/2023\/08\/6-5-1024x664.png\" \/>\n\t<meta property=\"og:image:width\" content=\"1024\" \/>\n\t<meta property=\"og:image:height\" content=\"664\" \/>\n\t<meta property=\"og:image:type\" content=\"image\/png\" \/>\n<meta name=\"author\" content=\"Laura CZamora, Amey Prakash\" \/>\n<meta name=\"twitter:card\" content=\"summary_large_image\" \/>\n<meta name=\"twitter:label1\" content=\"Written by\" \/>\n\t<meta name=\"twitter:data1\" content=\"Laura CZamora, Amey Prakash\" \/>\n\t<meta name=\"twitter:label2\" content=\"Estimated reading time\" \/>\n\t<meta name=\"twitter:data2\" content=\"27 minutes\" \/>\n<script type=\"application\/ld+json\" class=\"yoast-schema-graph\">{\"@context\":\"https:\\\/\\\/schema.org\",\"@graph\":[{\"@type\":\"Article\",\"@id\":\"https:\\\/\\\/blog.uantwerpen.be\\\/global-pen-friends\\\/climate-change-consciousness-and-impact\\\/#article\",\"isPartOf\":{\"@id\":\"https:\\\/\\\/blog.uantwerpen.be\\\/global-pen-friends\\\/climate-change-consciousness-and-impact\\\/\"},\"author\":{\"name\":\"Laura CZamora\",\"@id\":\"https:\\\/\\\/blog.uantwerpen.be\\\/global-pen-friends\\\/#\\\/schema\\\/person\\\/eaa121fdc02d98b7dff6b17816582433\"},\"headline\":\"Climate change: consciousness and impact\",\"datePublished\":\"2023-08-09T13:52:57+00:00\",\"dateModified\":\"2023-08-29T19:23:58+00:00\",\"mainEntityOfPage\":{\"@id\":\"https:\\\/\\\/blog.uantwerpen.be\\\/global-pen-friends\\\/climate-change-consciousness-and-impact\\\/\"},\"wordCount\":6217,\"publisher\":{\"@id\":\"https:\\\/\\\/blog.uantwerpen.be\\\/global-pen-friends\\\/#organization\"},\"image\":{\"@id\":\"https:\\\/\\\/blog.uantwerpen.be\\\/global-pen-friends\\\/climate-change-consciousness-and-impact\\\/#primaryimage\"},\"thumbnailUrl\":\"https:\\\/\\\/blog.uantwerpen.be\\\/global-pen-friends\\\/wp-content\\\/uploads\\\/2023\\\/08\\\/6-5.png\",\"keywords\":[\"climate change\"],\"articleSection\":[\"India\",\"Nicaragua\"],\"inLanguage\":\"en-GB\"},{\"@type\":\"WebPage\",\"@id\":\"https:\\\/\\\/blog.uantwerpen.be\\\/global-pen-friends\\\/climate-change-consciousness-and-impact\\\/\",\"url\":\"https:\\\/\\\/blog.uantwerpen.be\\\/global-pen-friends\\\/climate-change-consciousness-and-impact\\\/\",\"name\":\"Climate change: consciousness and impact - USOS\",\"isPartOf\":{\"@id\":\"https:\\\/\\\/blog.uantwerpen.be\\\/global-pen-friends\\\/#website\"},\"primaryImageOfPage\":{\"@id\":\"https:\\\/\\\/blog.uantwerpen.be\\\/global-pen-friends\\\/climate-change-consciousness-and-impact\\\/#primaryimage\"},\"image\":{\"@id\":\"https:\\\/\\\/blog.uantwerpen.be\\\/global-pen-friends\\\/climate-change-consciousness-and-impact\\\/#primaryimage\"},\"thumbnailUrl\":\"https:\\\/\\\/blog.uantwerpen.be\\\/global-pen-friends\\\/wp-content\\\/uploads\\\/2023\\\/08\\\/6-5.png\",\"datePublished\":\"2023-08-09T13:52:57+00:00\",\"dateModified\":\"2023-08-29T19:23:58+00:00\",\"breadcrumb\":{\"@id\":\"https:\\\/\\\/blog.uantwerpen.be\\\/global-pen-friends\\\/climate-change-consciousness-and-impact\\\/#breadcrumb\"},\"inLanguage\":\"en-GB\",\"potentialAction\":[{\"@type\":\"ReadAction\",\"target\":[\"https:\\\/\\\/blog.uantwerpen.be\\\/global-pen-friends\\\/climate-change-consciousness-and-impact\\\/\"]}]},{\"@type\":\"ImageObject\",\"inLanguage\":\"en-GB\",\"@id\":\"https:\\\/\\\/blog.uantwerpen.be\\\/global-pen-friends\\\/climate-change-consciousness-and-impact\\\/#primaryimage\",\"url\":\"https:\\\/\\\/blog.uantwerpen.be\\\/global-pen-friends\\\/wp-content\\\/uploads\\\/2023\\\/08\\\/6-5.png\",\"contentUrl\":\"https:\\\/\\\/blog.uantwerpen.be\\\/global-pen-friends\\\/wp-content\\\/uploads\\\/2023\\\/08\\\/6-5.png\",\"width\":3374,\"height\":2188},{\"@type\":\"BreadcrumbList\",\"@id\":\"https:\\\/\\\/blog.uantwerpen.be\\\/global-pen-friends\\\/climate-change-consciousness-and-impact\\\/#breadcrumb\",\"itemListElement\":[{\"@type\":\"ListItem\",\"position\":1,\"name\":\"Home\",\"item\":\"https:\\\/\\\/blog.uantwerpen.be\\\/global-pen-friends\\\/\"},{\"@type\":\"ListItem\",\"position\":2,\"name\":\"Climate change: consciousness and impact\"}]},{\"@type\":\"WebSite\",\"@id\":\"https:\\\/\\\/blog.uantwerpen.be\\\/global-pen-friends\\\/#website\",\"url\":\"https:\\\/\\\/blog.uantwerpen.be\\\/global-pen-friends\\\/\",\"name\":\"USOS\",\"description\":\"Global Pen Friends\",\"publisher\":{\"@id\":\"https:\\\/\\\/blog.uantwerpen.be\\\/global-pen-friends\\\/#organization\"},\"potentialAction\":[{\"@type\":\"SearchAction\",\"target\":{\"@type\":\"EntryPoint\",\"urlTemplate\":\"https:\\\/\\\/blog.uantwerpen.be\\\/global-pen-friends\\\/?s={search_term_string}\"},\"query-input\":{\"@type\":\"PropertyValueSpecification\",\"valueRequired\":true,\"valueName\":\"search_term_string\"}}],\"inLanguage\":\"en-GB\"},{\"@type\":\"Organization\",\"@id\":\"https:\\\/\\\/blog.uantwerpen.be\\\/global-pen-friends\\\/#organization\",\"name\":\"USOS\",\"url\":\"https:\\\/\\\/blog.uantwerpen.be\\\/global-pen-friends\\\/\",\"logo\":{\"@type\":\"ImageObject\",\"inLanguage\":\"en-GB\",\"@id\":\"https:\\\/\\\/blog.uantwerpen.be\\\/global-pen-friends\\\/#\\\/schema\\\/logo\\\/image\\\/\",\"url\":\"https:\\\/\\\/blog.uantwerpen.be\\\/global-pen-friends\\\/wp-content\\\/uploads\\\/2021\\\/09\\\/cropped-usos-en-white.png\",\"contentUrl\":\"https:\\\/\\\/blog.uantwerpen.be\\\/global-pen-friends\\\/wp-content\\\/uploads\\\/2021\\\/09\\\/cropped-usos-en-white.png\",\"width\":725,\"height\":250,\"caption\":\"USOS \"},\"image\":{\"@id\":\"https:\\\/\\\/blog.uantwerpen.be\\\/global-pen-friends\\\/#\\\/schema\\\/logo\\\/image\\\/\"}},{\"@type\":\"Person\",\"@id\":\"https:\\\/\\\/blog.uantwerpen.be\\\/global-pen-friends\\\/#\\\/schema\\\/person\\\/eaa121fdc02d98b7dff6b17816582433\",\"name\":\"Laura CZamora\",\"url\":\"https:\\\/\\\/blog.uantwerpen.be\\\/global-pen-friends\\\/author\\\/laura-czamora\\\/\"}]}<\/script>\n<!-- \/ Yoast SEO plugin. -->","yoast_head_json":{"title":"Climate change: consciousness and impact - USOS","robots":{"index":"noindex","follow":"follow","max-snippet":"max-snippet:-1","max-image-preview":"max-image-preview:large","max-video-preview":"max-video-preview:-1"},"og_locale":"en_GB","og_type":"article","og_title":"Climate change: consciousness and impact - USOS","og_description":"This is exchange between Laura CZamora from Nicaragua and Amey Prakash from India. For security reasons, the &hellip; \"Climate change: consciousness and impact\"","og_url":"https:\/\/blog.uantwerpen.be\/global-pen-friends\/climate-change-consciousness-and-impact\/","og_site_name":"USOS","article_published_time":"2023-08-09T13:52:57+00:00","article_modified_time":"2023-08-29T19:23:58+00:00","og_image":[{"width":1024,"height":664,"url":"https:\/\/blog.uantwerpen.be\/global-pen-friends\/wp-content\/uploads\/2023\/08\/6-5-1024x664.png","type":"image\/png"}],"author":"Laura CZamora, Amey Prakash","twitter_card":"summary_large_image","twitter_misc":{"Written by":"Laura CZamora, Amey Prakash","Estimated reading time":"27 minutes"},"schema":{"@context":"https:\/\/schema.org","@graph":[{"@type":"Article","@id":"https:\/\/blog.uantwerpen.be\/global-pen-friends\/climate-change-consciousness-and-impact\/#article","isPartOf":{"@id":"https:\/\/blog.uantwerpen.be\/global-pen-friends\/climate-change-consciousness-and-impact\/"},"author":{"name":"Laura CZamora","@id":"https:\/\/blog.uantwerpen.be\/global-pen-friends\/#\/schema\/person\/eaa121fdc02d98b7dff6b17816582433"},"headline":"Climate change: consciousness and impact","datePublished":"2023-08-09T13:52:57+00:00","dateModified":"2023-08-29T19:23:58+00:00","mainEntityOfPage":{"@id":"https:\/\/blog.uantwerpen.be\/global-pen-friends\/climate-change-consciousness-and-impact\/"},"wordCount":6217,"publisher":{"@id":"https:\/\/blog.uantwerpen.be\/global-pen-friends\/#organization"},"image":{"@id":"https:\/\/blog.uantwerpen.be\/global-pen-friends\/climate-change-consciousness-and-impact\/#primaryimage"},"thumbnailUrl":"https:\/\/blog.uantwerpen.be\/global-pen-friends\/wp-content\/uploads\/2023\/08\/6-5.png","keywords":["climate change"],"articleSection":["India","Nicaragua"],"inLanguage":"en-GB"},{"@type":"WebPage","@id":"https:\/\/blog.uantwerpen.be\/global-pen-friends\/climate-change-consciousness-and-impact\/","url":"https:\/\/blog.uantwerpen.be\/global-pen-friends\/climate-change-consciousness-and-impact\/","name":"Climate change: consciousness and impact - USOS","isPartOf":{"@id":"https:\/\/blog.uantwerpen.be\/global-pen-friends\/#website"},"primaryImageOfPage":{"@id":"https:\/\/blog.uantwerpen.be\/global-pen-friends\/climate-change-consciousness-and-impact\/#primaryimage"},"image":{"@id":"https:\/\/blog.uantwerpen.be\/global-pen-friends\/climate-change-consciousness-and-impact\/#primaryimage"},"thumbnailUrl":"https:\/\/blog.uantwerpen.be\/global-pen-friends\/wp-content\/uploads\/2023\/08\/6-5.png","datePublished":"2023-08-09T13:52:57+00:00","dateModified":"2023-08-29T19:23:58+00:00","breadcrumb":{"@id":"https:\/\/blog.uantwerpen.be\/global-pen-friends\/climate-change-consciousness-and-impact\/#breadcrumb"},"inLanguage":"en-GB","potentialAction":[{"@type":"ReadAction","target":["https:\/\/blog.uantwerpen.be\/global-pen-friends\/climate-change-consciousness-and-impact\/"]}]},{"@type":"ImageObject","inLanguage":"en-GB","@id":"https:\/\/blog.uantwerpen.be\/global-pen-friends\/climate-change-consciousness-and-impact\/#primaryimage","url":"https:\/\/blog.uantwerpen.be\/global-pen-friends\/wp-content\/uploads\/2023\/08\/6-5.png","contentUrl":"https:\/\/blog.uantwerpen.be\/global-pen-friends\/wp-content\/uploads\/2023\/08\/6-5.png","width":3374,"height":2188},{"@type":"BreadcrumbList","@id":"https:\/\/blog.uantwerpen.be\/global-pen-friends\/climate-change-consciousness-and-impact\/#breadcrumb","itemListElement":[{"@type":"ListItem","position":1,"name":"Home","item":"https:\/\/blog.uantwerpen.be\/global-pen-friends\/"},{"@type":"ListItem","position":2,"name":"Climate change: consciousness and impact"}]},{"@type":"WebSite","@id":"https:\/\/blog.uantwerpen.be\/global-pen-friends\/#website","url":"https:\/\/blog.uantwerpen.be\/global-pen-friends\/","name":"USOS","description":"Global Pen Friends","publisher":{"@id":"https:\/\/blog.uantwerpen.be\/global-pen-friends\/#organization"},"potentialAction":[{"@type":"SearchAction","target":{"@type":"EntryPoint","urlTemplate":"https:\/\/blog.uantwerpen.be\/global-pen-friends\/?s={search_term_string}"},"query-input":{"@type":"PropertyValueSpecification","valueRequired":true,"valueName":"search_term_string"}}],"inLanguage":"en-GB"},{"@type":"Organization","@id":"https:\/\/blog.uantwerpen.be\/global-pen-friends\/#organization","name":"USOS","url":"https:\/\/blog.uantwerpen.be\/global-pen-friends\/","logo":{"@type":"ImageObject","inLanguage":"en-GB","@id":"https:\/\/blog.uantwerpen.be\/global-pen-friends\/#\/schema\/logo\/image\/","url":"https:\/\/blog.uantwerpen.be\/global-pen-friends\/wp-content\/uploads\/2021\/09\/cropped-usos-en-white.png","contentUrl":"https:\/\/blog.uantwerpen.be\/global-pen-friends\/wp-content\/uploads\/2021\/09\/cropped-usos-en-white.png","width":725,"height":250,"caption":"USOS "},"image":{"@id":"https:\/\/blog.uantwerpen.be\/global-pen-friends\/#\/schema\/logo\/image\/"}},{"@type":"Person","@id":"https:\/\/blog.uantwerpen.be\/global-pen-friends\/#\/schema\/person\/eaa121fdc02d98b7dff6b17816582433","name":"Laura CZamora","url":"https:\/\/blog.uantwerpen.be\/global-pen-friends\/author\/laura-czamora\/"}]}},"jetpack_featured_media_url":"https:\/\/blog.uantwerpen.be\/global-pen-friends\/wp-content\/uploads\/2023\/08\/6-5.png","jetpack_sharing_enabled":true,"_links":{"self":[{"href":"https:\/\/blog.uantwerpen.be\/global-pen-friends\/wp-json\/wp\/v2\/posts\/1424","targetHints":{"allow":["GET"]}}],"collection":[{"href":"https:\/\/blog.uantwerpen.be\/global-pen-friends\/wp-json\/wp\/v2\/posts"}],"about":[{"href":"https:\/\/blog.uantwerpen.be\/global-pen-friends\/wp-json\/wp\/v2\/types\/post"}],"author":[{"embeddable":true,"href":"https:\/\/blog.uantwerpen.be\/global-pen-friends\/wp-json\/wp\/v2\/users\/137"}],"replies":[{"embeddable":true,"href":"https:\/\/blog.uantwerpen.be\/global-pen-friends\/wp-json\/wp\/v2\/comments?post=1424"}],"version-history":[{"count":2,"href":"https:\/\/blog.uantwerpen.be\/global-pen-friends\/wp-json\/wp\/v2\/posts\/1424\/revisions"}],"predecessor-version":[{"id":1547,"href":"https:\/\/blog.uantwerpen.be\/global-pen-friends\/wp-json\/wp\/v2\/posts\/1424\/revisions\/1547"}],"wp:featuredmedia":[{"embeddable":true,"href":"https:\/\/blog.uantwerpen.be\/global-pen-friends\/wp-json\/wp\/v2\/media\/1416"}],"wp:attachment":[{"href":"https:\/\/blog.uantwerpen.be\/global-pen-friends\/wp-json\/wp\/v2\/media?parent=1424"}],"wp:term":[{"taxonomy":"category","embeddable":true,"href":"https:\/\/blog.uantwerpen.be\/global-pen-friends\/wp-json\/wp\/v2\/categories?post=1424"},{"taxonomy":"post_tag","embeddable":true,"href":"https:\/\/blog.uantwerpen.be\/global-pen-friends\/wp-json\/wp\/v2\/tags?post=1424"},{"taxonomy":"author","embeddable":true,"href":"https:\/\/blog.uantwerpen.be\/global-pen-friends\/wp-json\/wp\/v2\/coauthors?post=1424"}],"curies":[{"name":"wp","href":"https:\/\/api.w.org\/{rel}","templated":true}]}}