{"id":1381,"date":"2023-08-02T14:47:27","date_gmt":"2023-08-02T14:47:27","guid":{"rendered":"https:\/\/blog.uantwerpen.be\/global-pen-friends\/?p=1381"},"modified":"2023-09-01T20:00:45","modified_gmt":"2023-09-01T20:00:45","slug":"juvenile-ageism-recognizing-childrens-voices-and-needs","status":"publish","type":"post","link":"https:\/\/blog.uantwerpen.be\/global-pen-friends\/juvenile-ageism-recognizing-childrens-voices-and-needs\/","title":{"rendered":"Juvenile ageism: recognizing children&#8217;s voices and needs"},"content":{"rendered":"\n<p>This is a letter exchange between SOS (pen name) from Managua and Nabami (Naomi) from Democratic Republic of Congo, who is studying in Belgium.<\/p>\n\n\n\n<p class=\"has-luminous-vivid-amber-background-color has-background\">Letter 1<\/p>\n\n\n\n<p>1 de marzo, 2023<\/p>\n\n\n\n<h2 class=\"wp-block-heading\">Estimada Naomi,&nbsp;<\/h2>\n\n\n\n<p>Te env\u00edo un saludo muy c\u00e1lido desde Managua, Nicaragua. Es para mi muy emocionante enviarte esta carta, sobre todo porque es con el objetivo hermoso, de hablar sobre un tema tan delicado pero importante como lo es la discriminaci\u00f3n por edad, o sea la falta de reconocimiento de las voces y necesidades de los ni\u00f1os.&nbsp;<\/p>\n\n\n\n<p>Soy estudiante de psicolog\u00eda, y desde muy peque\u00f1a siempre tuve la vocaci\u00f3n de ayudar. Con el tiempo me di cuenta de que el \u00e1rea de mi carrera que m\u00e1s me gusta es la infanto-juvenil. Muchas veces existe el temor de abordar temas que incluyan a ni\u00f1os y ni\u00f1as, sobre todo en Latinoam\u00e9rica.&nbsp;<\/p>\n\n\n\n<p>Te cuento que he escuchado muchas historias de conocidos\/as, amigos\/as, desconocidos\/as, etc, para los cuales la mayor parte del sufrimiento ha sido durante su infancia, y esto por no haber sido tomados en cuenta. Hay muchos casos que hoy en d\u00eda est\u00e1n conmoviendo al mundo, pero desear\u00eda que esto deje de suceder y que cada vez sean menos. Considero que la manera de que esto se reduzca es hablando del tema.&nbsp;<\/p>\n\n\n\n<p>Las personas adultas creen que la infancia es solo jugar y nada m\u00e1s, pero est\u00e1n equivocados. Es la etapa m\u00e1s importante del desarrollo de cada individuo, es donde empiezan a descubrir el mundo, y crear el suyo propio. Frecuentemente los padres o cuidadores primarios pretenden \u201cmoldear\u201d a los ni\u00f1os y ni\u00f1as a su manera, olvidando que estos pueden elegir quien quieren ser en un futuro.&nbsp;<\/p>\n\n\n\n<p>De hecho, se les arrebata el poder que tienen de elegir, de decir si algo les gusta o no, de decidir por su cuerpo, y de CREERLES. Pongo esto \u00faltimo en may\u00fasculas, porque hay miles de casos de abusos sexuales que pudieron prevenirse si tan solo los adultos hubieran cre\u00eddo en las palabras de los ni\u00f1os y ni\u00f1as.&nbsp; Es muy doloroso escuchar y leer noticias de esta \u00edndole, y ver que la justicia no hace absolutamente nada.&nbsp;<\/p>\n\n\n\n<p>Te comento que hay un caso en particular que me ha tocado el alma. Se trata de un ni\u00f1o de tan solo 5 a\u00f1os que recibi\u00f3 abusos sexuales, verbales, psicol\u00f3gicos y f\u00edsicos de su propia madre, llev\u00e1ndolo a la muerte. El ni\u00f1o daba muchas se\u00f1ales de lo que le estaban haciendo; en la escuela llegaba todo golpeado y las maestras le preguntaban que le pasaba y el \u00fanicamente respond\u00eda que se hab\u00eda ca\u00eddo, porque claro era amenazado por su madre si dec\u00eda algo. Lleg\u00f3 un punto en que su mama ni siquiera lo mandaba a clases porque el ni\u00f1o estaba muy golpeado y evidentemente la madre tem\u00eda a ser descubierta. Este ni\u00f1o solo quer\u00eda el amor de su madre, jugar con ella, contarle de c\u00f3mo le fue en el k\u00ednder, de los colores, de la nueva canci\u00f3n que le ense\u00f1aron en la escuela, pero su mama solo quer\u00eda su silencio. El ni\u00f1o le pidi\u00f3 a su mama un juguete, y ella se molest\u00f3 tanto que decidi\u00f3 golpearlo porque la estaba \u201cmolestando\u201d y le dio patadas en su cuerpo que terminaron acabando con la vida de su hijo.&nbsp;<\/p>\n\n\n\n<p>Parece absurdo que por un juguete ella se enojara, pero si, as\u00ed mismo fue.&nbsp; Me duele este y todos los casos, y es ah\u00ed donde reflexiono y me pregunto \u00bfC\u00f3mo es posible que un ser humano sea tan cruel? \u00bfC\u00f3mo es posible que el ego\u00edsmo est\u00e9 por encima del amor? Me parece tan injusto silenciar las voces de los\/las ni\u00f1os\/as y que sean los\/las \u00faltimos\/as en ser escuchados\/as.&nbsp;<\/p>\n\n\n\n<p>Claro, este es un caso fuerte, pero no nos tenemos que ir tan lejos, podemos pensar en la explotaci\u00f3n laboral de los ni\u00f1os, que, en mi pa\u00eds, se ve mucho. Hay padres que mandan a sus hijos a las calles a pedir dinero, mientras ellos esperan en una esquina sin mover un dedo, solo envi\u00e1ndo a los m\u00e1s peque\u00f1os a exponerse.&nbsp;<\/p>\n\n\n\n<p>Otro de los casos m\u00e1s comunes, es la falta de amor en la familia cuando \u00fanicamente existe la preocupaci\u00f3n econ\u00f3mica o los problemas en las parejas, y tristemente siempre se omite la opini\u00f3n de los ni\u00f1os, el sentir de ellos, etc. La pobreza es una realidad, pero no se puede seguir fomentando la pobreza emocional y sobre todo en los m\u00e1s peque\u00f1os, porque estos son \u00fanicamente peque\u00f1os de estatura ya que los\/las ni\u00f1os\/as son nuestros\/as grandes maestros\/as. Cada d\u00eda aprendemos de ellos\/ellas para ver m\u00e1s simple la vida, con una sonrisa y para buscarle la soluci\u00f3n a los problemas de una manera m\u00e1s sutil y sin tantas vueltas.&nbsp;<\/p>\n\n\n\n<p>Hoy en d\u00eda, hay muchos adolescentes y\/o adultos que est\u00e1n sufriendo las consecuencias de una infancia da\u00f1ada, frustrada y solitaria. Y esto, no porque as\u00ed lo decidieron sino porque nunca su voz no fue tomada en cuenta.&nbsp;<\/p>\n\n\n\n<p>Y vos Naomi, \u00bfQu\u00e9 opinas sobre este tema de que la sociedad menosprecie a los ni\u00f1os\/as? tambi\u00e9n me gustar\u00eda saber \u00bfQu\u00e9 tipos de situaciones se ven en tu pa\u00eds, o bueno, en tu continente? Y una \u00faltima interrogante es, \u00bfQu\u00e9 har\u00edas vos o que propuesta ten\u00e9s para que disminuya esto?&nbsp;<\/p>\n\n\n\n<p>Me despido con mucha alegr\u00eda de poder entablar esta conversaci\u00f3n con vos, sobre un tema que me gusta mucho y que trato de abordar cada d\u00eda para que las personas entiendan que nuestros ni\u00f1os y ni\u00f1as tambi\u00e9n son parte de nuestra sociedad y deben ser tomados en cuenta.&nbsp;<\/p>\n\n\n\n<p>Sin nada m\u00e1s que agregar,&nbsp;<\/p>\n\n\n\n<p>Saludos,&nbsp;<\/p>\n\n\n\n<p>SOS &#8211; Managua, Nicaragua.&nbsp;<\/p>\n\n\n\n<p class=\"has-pale-cyan-blue-background-color has-background\">Letter 2<\/p>\n\n\n\n<p>Anvers, le 23 mars 2023<\/p>\n\n\n\n<h2 class=\"wp-block-heading\">Ch\u00e8re SOS,<\/h2>\n\n\n\n<p>Permettez-moi de vous tutoyer dans mes \u00e9crits.&nbsp;<\/p>\n\n\n\n<p>J\u2019esp\u00e8re que tu te portes bien. Je te remercie pour ta lettre sinc\u00e8re ainsi que pour avoir partag\u00e9 ton enthousiasme pour la psychologie de l&#8217;enfant et de l&#8217;adolescent. C&#8217;est inspirant d&#8217;en apprendre davantage sur des gens comme toi qui sont passionn\u00e9s par le fait d&#8217;aider les enfants et d&#8217;avoir un impact positif sur leur vie.<\/p>\n\n\n\n<p>Je suis congolaise, mais je r\u00e9side actuellement en Belgique, o\u00f9 je fais un master en gouvernance et d\u00e9veloppement \u00e0 l&#8217;Universit\u00e9 d&#8217;Anvers. Je pr\u00e9f\u00e8re souvent que les gens m&#8217;appellent Nabami plut\u00f4t que Naomi, bien que les deux soient mes noms.<\/p>\n\n\n\n<p>En effet, je suis tout \u00e0 fait d&#8217;accord avec toi pour dire que le probl\u00e8me de la discrimination fond\u00e9e sur l&#8217;\u00e2ge, parfois appel\u00e9e \u00ab \u00e2gisme juv\u00e9nile \u00bb, est essentiel et doit \u00eatre abord\u00e9, particuli\u00e8rement en ce qui concerne la reconnaissance des voix et des besoins des enfants. Entendre parler des exemples que vous avez cit\u00e9s est d\u00e9vastateur, surtout celui du petit gar\u00e7on qui a \u00e9t\u00e9 agress\u00e9 sexuellement et finalement tu\u00e9 par sa propre m\u00e8re.<\/p>\n\n\n\n<p>Je ne sais pas si c\u2019est le cas au Nicaragua, mais dans la plupart des pays africains la sant\u00e9 mentale est mise au dernier plan. C\u2019est le genre de probl\u00e8me qui n\u2019est jamais pris au s\u00e9rieux par l\u2019entourage de la personne qui en souffre. Mais que dis-je&nbsp;? Tout \u00eatre humain, \u00e0 un moment ou un autre, rencontre des probl\u00e8mes de sant\u00e9 mentale tels que la d\u00e9pression, l\u2019anxi\u00e9t\u00e9, etc. Cela devrait \u00eatre normalis\u00e9 plut\u00f4t que d\u2019\u00eatre ignor\u00e9 ou pire qualifi\u00e9 comme par la plupart des gens de mon pays en tant que \u00ab&nbsp;maladie des Occidentaux&nbsp;\u00bb, pour ne pas dire \u00ab&nbsp;maladie des Blancs\u00bb. \u00bb<\/p>\n\n\n\n<p>La sant\u00e9 mentale \u00e9tant d\u00e9j\u00e0 n\u00e9glig\u00e9e par le grand public, quoi de plus anodin que la sant\u00e9 mentale des enfants que personne ne consid\u00e8re comme des humains \u00e0 part enti\u00e8re. Pour la majorit\u00e9 des parents dans mon pays, ayant un niveau de vie moyen, les meilleures choses \u00e0 donner aux enfants sont orient\u00e9es niveau mat\u00e9riel comme leur acheter des v\u00eatements, \u00e0 manger, leur garantir l\u2019acc\u00e8s \u00e0 l\u2019\u00e9ducation, etc.&nbsp; Je n\u2019en disconviens pas, ce sont des droits fondamentaux dont chaque enfant doit jouir. Mais comme tu l\u2019as montr\u00e9 dans ta lettre, un aspect demeure le plus important pour le d\u00e9veloppement de l\u2019enfant. Et c\u2019est la prise en charge psychologique, l\u2019affection, l\u2019attention et l\u2019amour qu\u2019il re\u00e7oit de son environnement qui forge son caract\u00e8re et impacteront sa croissance.&nbsp;<\/p>\n\n\n\n<p>Pour revenir au ph\u00e9nom\u00e8ne de \u00ab l&#8217;\u00e2gisme juv\u00e9nile \u00bb qui semble \u00eatre un probl\u00e8me mondial, mon propre pays, la R\u00e9publique d\u00e9mocratique du Congo (RDC), ne fait pas exception. En fait, les enfants congolais rencontrent plusieurs obstacles, allant de la pauvret\u00e9 et du manque d&#8217;acc\u00e8s \u00e0 l&#8217;\u00e9cole au travail des enfants et \u00e0 la guerre arm\u00e9e.<\/p>\n\n\n\n<p>La probl\u00e9matique des enfants soldats est l&#8217;une des pr\u00e9occupations les plus graves que nous ayons en RDC. De nombreux enfants sont contraints de rejoindre des bandes arm\u00e9es et \u00e0 devenir des acteurs de violence. Ils sont oblig\u00e9s de tuer et\/ou de regarder les gens se faire tuer, g\u00e9n\u00e9ralement des membres de leur propre famille. C&#8217;est plus qu&#8217;un \u00e9v\u00e9nement p\u00e9nible et traumatisant pour les enfants. Ceci viole leurs droits d&#8217;enfants et les prive de leur enfance.&nbsp;<\/p>\n\n\n\n<p>Malgr\u00e9 les efforts d\u00e9ploy\u00e9s par le gouvernement et plusieurs Organisations Non-Gouvernementales pour mettre fin \u00e0 cette pratique, elle persiste dans certaines r\u00e9gions du pays, notamment dans l&#8217;Est de la RDC, d&#8217;o\u00f9 je suis originaire. Au cours des deux derni\u00e8res d\u00e9cennies, l&#8217;est de la RDC, connu sous le nom de Kivu, a \u00e9t\u00e9 et continue d&#8217;\u00eatre l&#8217;\u00e9picentre des conflits arm\u00e9s les plus violents dans le pays.<\/p>\n\n\n\n<p>Outre la pauvret\u00e9 et la guerre, le travail des enfants est une autre pr\u00e9occupation majeure en R\u00e9publique d\u00e9mocratique du Congo. Les enfants sont fr\u00e9quemment emmen\u00e9s travailler dans les mines, les fermes, les chantiers, les bars, ce qui les expose \u00e0 des blessures physiques, \u00e0 l&#8217;exploitation (sexuelle) et \u00e0 d&#8217;autres risques. De nombreux enfants sont \u00e9galement priv\u00e9s de scolarisation et de possibilit\u00e9s de d\u00e9veloppement personnel, perp\u00e9tuant la pauvret\u00e9 et les in\u00e9galit\u00e9s.<\/p>\n\n\n\n<p>Pour att\u00e9nuer ce probl\u00e8me, j&#8217;estime que l&#8217;\u00e9ducation de toute la soci\u00e9t\u00e9 est essentielle. Les parents doivent apprendre \u00e0 \u00eatre responsables de leurs enfants et se soucier davantage de leurs \u00e9motions et sentiments. L\u2019enfant a besoin de l&#8217;attention et de l&#8217;affection de ses parents ou de sa famille pour prendre de sages d\u00e9cisions concernant son avenir.&nbsp;<\/p>\n\n\n\n<p>J\u2019aimerais te dire que la question des enfants, en particulier ceux de mon pays, m\u2019a toujours tenu \u00e0 c\u0153ur depuis mon jeune \u00e2ge. En cons\u00e9quence, j&#8217;ai rejoint une organisation locale en 2021, Eden World Foundation, en tant que b\u00e9n\u00e9vole, dans le but d&#8217;aider les enfants et de d\u00e9fendre leurs droits \u00e0 un niveau sup\u00e9rieur. Maintenant, je suis officiellement l&#8217;une des d\u00e9fenseurs des d\u00e9fenseuses de droits des enfants de ma province, le Sud-Kivu.&nbsp;<\/p>\n\n\n\n<p>De plus, comme je l\u2019ai dit tant\u00f4t, tout le monde doit apprendre sur ce sujet. \u00c9duquer les parents, les fournisseurs de soins, les enseignants, etc. sur l&#8217;importance de respecter les droits des enfants et de leur fournir les ressources dont ils ont besoin peut faire une diff\u00e9rence majeure par rapport \u00e0 la situation actuelle des enfants. Il serait \u00e9galement essentiel d&#8217;inclure les enfants et les adolescents dans les processus d\u00e9cisionnels qui influencent leur vie pour qu&#8217;ils se sentent respect\u00e9s et entendus.<\/p>\n\n\n\n<p>Ch\u00e8re SOS, merci encore d&#8217;avoir mis en lumi\u00e8re ce probl\u00e8me critique et d&#8217;avoir initi\u00e9 ce dialogue. Je crois fermement que nous pouvons cr\u00e9er une soci\u00e9t\u00e9 o\u00f9 tous les enfants sont ch\u00e9ris et prot\u00e9g\u00e9s \u00e0 travers la communication, l\u2019inclusion et la collaboration entre adultes et jeunes.&nbsp;<\/p>\n\n\n\n<p>En passant, je suis curieuse de savoir ce que tu penses des enfants \u00e9lev\u00e9s dans des foyers bris\u00e9s ou dans une atmosph\u00e8re de violence conjugale entre parents. Puisque tu fais des \u00e9tudes en psychologie, j&#8217;en profite \u00e9galement pour te demander ce que tu penses de la sant\u00e9 mentale d&#8217;un enfant et de son influence sur le d\u00e9veloppement.&nbsp;<\/p>\n\n\n\n<p>Es-tu d\u2019accord avec ma vision des choses concernant la sant\u00e9 mentale&nbsp;? Au Nicaragua, quelle est l\u2019appr\u00e9hension des gens par rapport \u00e0 la sant\u00e9 mentale&nbsp;? Enfin, comment penses-tu que nous pouvons cr\u00e9er des espaces s\u00fbrs pour que les enfants et les jeunes puissent parler de leurs exp\u00e9riences sans crainte de repr\u00e9sailles ou de stigmatisation ?<\/p>\n\n\n\n<p>Au plaisir de te lire tr\u00e8s bient\u00f4t<\/p>\n\n\n\n<p>Cordialement,<\/p>\n\n\n\n<p>Nabami<\/p>\n\n\n\n<p class=\"has-pale-cyan-blue-background-color has-background\">Letter 3<\/p>\n\n\n\n<p><br>13 de abril, 2023<\/p>\n\n\n\n<h2 class=\"wp-block-heading\">Querida Nabami,&nbsp;<\/h2>\n\n\n\n<p>Primeramente, quisiera agradecerte por tus buenos deseos, por tu linda carta y por mencionar que te gusta que te llamen Nabami, de hecho, me siento un poco m\u00e1s en confianza.&nbsp;<\/p>\n\n\n\n<p>En tu carta expresas que la salud mental pasa a segundo plano en tu pa\u00eds. En Nicaragua es completamente igual. Me atrevo a decir que en Am\u00e9rica Latina en general hablar de salud mental sigue siendo un tema tab\u00fa, quiz\u00e1s no como a\u00f1os atr\u00e1s, pero tristemente no se toma con tanta seriedad. Es triste que se pase a segundo plano porque considero que hay una urgencia en el tema de la salud mental.<\/p>\n\n\n\n<p>Retomando lo que mencionas en tu carta \u201cesto deber\u00eda normalizarse en lugar de tratarse como un problema\u201d es una frase con la cual me identifico y d\u00eda a d\u00eda pongo mi esfuerzo para hacerla saber al mundo. Es importante normalizar la salud mental, justo para que los padecimientos que cualquier persona tenga o pueda tener sean tomados en cuenta de la misma manera como sucede con alguna enfermedad f\u00edsica. De hecho, considero que la salud mental es mucho m\u00e1s delicada, porque tratar con humanos no es una tarea tan f\u00e1cil.&nbsp;<\/p>\n\n\n\n<p>Adem\u00e1s, deber\u00eda de existir una atenci\u00f3n ante esto de manera gratuita. Muchas personas no abordan sus situaciones con especialistas en el tema (en este caso psic\u00f3logos\/as), porque los precios son muy elevados. Incluso en pa\u00edses m\u00e1s desarrollados en Latinoam\u00e9rica, pueden hacer uso de su seguro social para tener alguna cita con un psic\u00f3logo\/a, pero eso implica que dicha cita ser\u00e1 dentro de un mes o m\u00e1s, es decir, que la demanda es tan grande que la atenci\u00f3n al paciente tiene que ser postergada. Esto complica mucho el bienestar de la persona, porque puede ser que la atenci\u00f3n que la persona necesita sea de car\u00e1cter urgente.&nbsp;<\/p>\n\n\n\n<p>Pero bueno, muy en el fondo de m\u00ed estoy segura de que poco a poco esto ira cambiando; tengo mucha fe en la humanidad (a pesar de que la historia y la actualidad opaquen un poco esto) y no tengo ni una duda de que pronto seremos m\u00e1s las\/los que estemos de este lado, luchando por un cambio para todos y todas.&nbsp;<\/p>\n\n\n\n<p>Wow, me he quedado sorprendida con lo que comentas sobre lo que pasa en tu pa\u00eds con la infancia.&nbsp; Lo m\u00e1s chocante fue leer sobre los ni\u00f1os soldados, de verdad que me parece tan cruel e injusto esto. Definitivamente en estos casos se violan completamente los derechos de los ni\u00f1os, es m\u00e1s, ni siquiera tienen derechos. Es justo lo que hemos estado abordando, es tanta la discriminaci\u00f3n que hay hacia los ni\u00f1os que se les calla su voz, y simplemente hacen lo que el resto (adultos en este caso), quieran.&nbsp;<\/p>\n\n\n\n<p>Cuando mencionas que los obligan a matar y\/o ver como matan a otras persona y miembros de su familia, qued\u00e9 consternada. No cabe en mi cabeza la idea de ver a estos peque\u00f1os haciendo estas cosas. En lo personal, considero que ni siquiera las guerras deber\u00edan existir, pero claro, lo hablo desde mi mundo idealista y perfecto (QUE OJAL\u00c1 ASI FUERA). Es incre\u00edble como los adultos pueden hacerle tanto da\u00f1o a los ni\u00f1os. Les est\u00e1n generando traumas que no deben de cargar, momentos de dolor puro.&nbsp;<\/p>\n\n\n\n<p>Con respecto al trabajo infantil, ac\u00e1 en Nicaragua se ve desde otra perspectiva, y m\u00e1s que todo es que uno ve a los ni\u00f1os en las calles pidiendo dinero por indicaciones de sus padres. La pobreza en Nicaragua no es discutible, a pesar de que poco a poco el pa\u00eds ha venido desarroll\u00e1ndose, a\u00fan hay mucho por trabajar. En el \u00e1mbito de la educaci\u00f3n, hoy, m\u00e1s ni\u00f1os se ven en las escuelas, pero \u00bfqu\u00e9 calidad de educaci\u00f3n es?, ese es el gran dilema.&nbsp;<\/p>\n\n\n\n<p>Definitivamente concuerdo con que la educaci\u00f3n a nivel general es esencial para disminuir y\/o e erradicar estos problemas. A como bien dices el apoyo de los padres a la ni\u00f1ez es importante, sobre todo porque el acompa\u00f1amiento a los ni\u00f1os es vital para un buen desarrollo de la persona, adem\u00e1s que es un derecho. Me encanta que seas voluntaria; uno de mis mayores deseos es poder conocer otras culturas desde la voluntariedad, ayudando. Quiz\u00e1s la vida nos pueda reunir un d\u00eda y estemos juntas con el objetivo de colaborar en la defensa de los derechos de los ni\u00f1os.<\/p>\n\n\n\n<p>Las familias rotas son una situaci\u00f3n que se ve cada d\u00eda m\u00e1s. En muchos pa\u00edses de Latinoam\u00e9rica, incluyendo mi pa\u00eds se ve mucho este problema sobre todo por la migraci\u00f3n. Muchos ni\u00f1os tienen que estar lejos de sus padres porque estos tienen la necesidad econ\u00f3mica de salir del pa\u00eds. Es una situaci\u00f3n muy triste porque se crean familias totalmente desligadas emocionalmente. Adem\u00e1s, que en varios casos los ni\u00f1os y j\u00f3venes tambi\u00e9n migran junto con sus padres, sin embargo, la forma en que lo hacen, mediante la ilegalidad, no es precisamente la mejor, pero es la \u00fanica opci\u00f3n que tienen.<\/p>\n\n\n\n<p>La migraci\u00f3n es algo muy fuerte para todos en general, pero sobretodo para los ni\u00f1os. La trayectoria que estos tienen que pasar de pa\u00eds en pa\u00eds es muy dura. Pasan hambre, observan delitos durante el camino, violencia, etc. Luego al llegar a la frontera (en este caso, hablando de la frontera de Estados Unidos), tienen que separarlos de sus padres para ser procesados, es muy complejo. Son derechos que definitivamente se les arrebatan, porque no hay condiciones para que estos puedan vivir en su pa\u00eds tranquilamente, sino que tienen que salir para poder sobrevivir.&nbsp;<\/p>\n\n\n\n<p>A m\u00ed en lo personal como te he comentado durante estas cartas me apasiona completamente el abordaje de la psicolog\u00eda infantil. La salud mental desde mi punto de vista lo es todo, y en la infancia no es la excepci\u00f3n, de hecho, es la etapa m\u00e1s importante en donde se debe desarrollar una base \u00f3ptima para tener una buena salud mental. Por eso, siempre me enfoco en la ni\u00f1ez, porque ah\u00ed es donde radican muchos problemas que cargan los j\u00f3venes y\/o adultos, pero claro, no se dan cuenta porque existe el estigma de que \u201ctodo lo que pasa en la ni\u00f1ez no importa\u201d, y es una mentira completamente.&nbsp;<\/p>\n\n\n\n<p>Por eso, considero que es fundamental crear espacios en las escuelas en donde se puedan abordar dichas situaciones. Ser\u00eda importante que en el pensum escolar exista una asignatura en donde se conozca m\u00e1s sobre la salud mental. En esta clase ellos\/as podr\u00edan hablar sobre sus experiencias. Es necesario que estos espacios est\u00e9n bajo la supervisi\u00f3n de especialistas en el tema. Igualmente considerar\u00eda crear una asignatura en las universidades, donde nos ense\u00f1en a gestionar nuestras emociones, etc. Igualmente, hacer campa\u00f1as sobre salud mental a nivel urbano y rural. Las zonas rurales son otra parte muy discriminada y, de hecho, existen muchos estigmas que de a poco deber\u00edan ir disminuyendo. As\u00ed que tambi\u00e9n ser\u00eda bueno trabajar en esos lados, sobre todo con la ni\u00f1ez. Y vos, \u00bfqu\u00e9 propuesta considerar\u00edas para mejorar?<\/p>\n\n\n\n<p>Nabami, no tengo m\u00e1s que agradecimiento hacia tu persona por tus palabras reflejadas en la carta. Me siento muy feliz de poder conocer otras historias, y, sobre todo, de saber de alguien que esta al otro lado del mundo con un mismo objetivo AYUDAR A OTROS.&nbsp;<\/p>\n\n\n\n<p>No quiero despedirme sin antes expresarte ciertas curiosidades que tengo. Una de ellas es \u00bfpor experiencia propia o a trav\u00e9s de otros, has conocido alguna historia de ni\u00f1os soldados? \u00bfQu\u00e9 hace tu pa\u00eds ante esto? O \u00bfQu\u00e9 es lo que se habla sobre este tema en RDC?&nbsp;<\/p>\n\n\n\n<p>Y una \u00faltima pregunta, \u00bfC\u00f3mo ser\u00eda tu mundo ideal? \u00bfqu\u00e9 har\u00edas para que esto que quieres, suceda?&nbsp;<\/p>\n\n\n\n<p>Espero que te encuentres bien, un abrazo a la distancia,&nbsp;<\/p>\n\n\n\n<p>SOS<\/p>\n\n\n\n<p class=\"has-luminous-vivid-amber-background-color has-background\">Letter 4<\/p>\n\n\n\n<h2 class=\"wp-block-heading\">Dear SOS,<\/h2>\n\n\n\n<p>Thank you for your letter. I\u2019m glad to read you, to know that you are doing well and that you feel more confident with me by knowing that I prefer to be called Nabami.<\/p>\n\n\n\n<p>It\u2019s sad to admit that mental health remains a taboo subject in many countries all over the world, and Nicaragua and DRC are no exception to this reality.&nbsp;<\/p>\n\n\n\n<p>You are right. Considering all the disasters and horrible things that happen in our everyday life, and without even thinking about the impact of social media with the more and more accessible internet vis-\u00e0-vis our psychology (especially for the youngest), now mental health constitutes an emergency case for humanity.&nbsp;<\/p>\n\n\n\n<p>Of course, dealing with human beings is not an easy task. We all know the complexity of human beings, but it should not be the reason for slowing down. Instead, it should be one of the motivations to do more efforts to deal with mental health. The complexity of the human being is precisely one of the elements that keep him in a trap in which he does not know how to get out of himself.&nbsp;<\/p>\n\n\n\n<p>Yes, mental health is very delicate as you said. But when left untreated, it can cause much more serious damage to the victim&#8217;s intrapersonal and interpersonal environment. I am convinced that mental health is the foundation of human well-being. We should therefore recognize its place and stop ignoring it or placing it in the background.&nbsp;<\/p>\n\n\n\n<p>In DRC as well as in your country, I think that mental health issues are often neglected also due to a lack of resources and the level of poverty of the average population. For instance, in the Eastern part of the DRC where there have been ongoing conflicts for almost three decades, the rate of mental health problems is very high due to war trauma, but access to care is very limited. People are mostly poor and can\u2019t afford the expenses related to mental care, so they often resort to traditional healers or suffer in silence.&nbsp;<\/p>\n\n\n\n<p>It\u2019s a great idea you suggested in your letter when you said that some spaces should be created in schools where children could have the opportunity to share their experiences and to talk freely. But if I can add something to your suggestion, I think that more can be done by integrating those kinds of spaces in families and vicinities and also to contribute to the normalization of mental care, so that people don\u2019t consider it a school matter only. Communities should put their efforts together to address this crucial social issue we have in many countries.<\/p>\n\n\n\n<p>My dear SOS, I\u2019ve had the chance to do a short internship in an organization called BVES (Bureau pour le Volontariat au service de l\u2019Enfance et de la Sant\u00e9) in my hometown Bukavu. That organization works in the field of social reinsertion and reintegration of children victims of conflicts and social or economic marginalization.<\/p>\n\n\n\n<p>Thus, I had the opportunity to meet and discuss with some ex-soldier children. I learned a lot from their often very moving testimonies about their life paths and all that they experienced at such a young age. It&#8217;s just unimaginable how unfair the world can be to some of us more than to others. But most importantly, many of those children are now receiving adequate care.&nbsp;<\/p>\n\n\n\n<p>There are, of course, several organizations that usually work in partnership with the Congolese government in favor of the issue of child soldiers, their demobilization, and social reintegration. This is the case of War Child, UNDP, MONUSCO through its DDR program, and many other NGOs.<\/p>\n\n\n\n<p>SOS, you can\u2019t imagine how happy I was when I read that you would like to learn more about other cultures through volunteering. That fascinates me also. And I would definitely be happier to meet you one day and work together around this matter.<\/p>\n\n\n\n<p>Concerning my ideal world, it is really an interesting and difficult question I\u2019ve never had to answer before. I\u2019m dreaming about a world where a child would be considered a complete person, his rights respected, and his voice heard. I dream of a world where our differences will be celebrated and not judged, a world where our diversity will contribute to our unicity as human beings. I dream about a world where taking care of our mental health will not be a shame, and asking for help in that way as well.<\/p>\n\n\n\n<p>SOS, I am so sad to say goodbye to you via this last letter of our exchange. It was really rewarding to discuss with you this topic and to learn from you.&nbsp;<\/p>\n\n\n\n<p>I wish we will keep in touch and hope you will continue fighting for the children and their well-being. I wish you all the happiness and success in your projects.&nbsp;<\/p>\n\n\n\n<p>Receive my good vibes and hugs.<\/p>\n\n\n\n<p>Sincerely,&nbsp;<\/p>\n\n\n\n<p>Your friend on the other side of the globe,<\/p>\n\n\n\n<p>Nabami<\/p>\n","protected":false},"excerpt":{"rendered":"<p>This is a letter exchange between SOS (pen name) from Managua and Nabami (Naomi) from Democratic Republic &hellip; <\/p>\n<p class=\"link-more\"><a href=\"https:\/\/blog.uantwerpen.be\/global-pen-friends\/juvenile-ageism-recognizing-childrens-voices-and-needs\/\" class=\"more-link\"><span class=\"screen-reader-text\"> &#8220;Juvenile ageism: recognizing children&#8217;s voices and needs&#8221;<\/span><\/a><\/p>\n","protected":false},"author":18,"featured_media":1599,"comment_status":"closed","ping_status":"open","sticky":false,"template":"","format":"standard","meta":{"_acf_changed":false,"_jetpack_memberships_contains_paid_content":false,"footnotes":""},"categories":[67,70],"tags":[229,231,230],"coauthors":[78],"class_list":["post-1381","post","type-post","status-publish","format-standard","has-post-thumbnail","hentry","category-dr-congo","category-nicaragua","tag-age-discrimination","tag-childrens-rights","tag-juvenile-ageism"],"acf":[],"yoast_head":"<!-- This site is optimized with the Yoast SEO plugin v27.4 - https:\/\/yoast.com\/product\/yoast-seo-wordpress\/ -->\n<title>Juvenile ageism: recognizing children&#039;s voices and needs - USOS<\/title>\n<meta name=\"robots\" content=\"noindex, follow, max-snippet:-1, max-image-preview:large, max-video-preview:-1\" \/>\n<meta property=\"og:locale\" content=\"en_GB\" \/>\n<meta property=\"og:type\" content=\"article\" \/>\n<meta property=\"og:title\" content=\"Juvenile ageism: recognizing children&#039;s voices and needs - USOS\" \/>\n<meta property=\"og:description\" content=\"This is a letter exchange between SOS (pen name) from Managua and Nabami (Naomi) from Democratic Republic &hellip; &quot;Juvenile ageism: recognizing children&#8217;s voices and needs&quot;\" \/>\n<meta property=\"og:url\" content=\"https:\/\/blog.uantwerpen.be\/global-pen-friends\/juvenile-ageism-recognizing-childrens-voices-and-needs\/\" \/>\n<meta property=\"og:site_name\" content=\"USOS\" \/>\n<meta property=\"article:published_time\" content=\"2023-08-02T14:47:27+00:00\" \/>\n<meta property=\"article:modified_time\" content=\"2023-09-01T20:00:45+00:00\" \/>\n<meta property=\"og:image\" content=\"https:\/\/blog.uantwerpen.be\/global-pen-friends\/wp-content\/uploads\/2023\/08\/16.png\" \/>\n\t<meta property=\"og:image:width\" content=\"2000\" \/>\n\t<meta property=\"og:image:height\" content=\"1200\" \/>\n\t<meta property=\"og:image:type\" content=\"image\/png\" \/>\n<meta name=\"author\" content=\"Nabami Naomi \u00a0\" \/>\n<meta name=\"twitter:card\" content=\"summary_large_image\" \/>\n<meta name=\"twitter:label1\" content=\"Written by\" \/>\n\t<meta name=\"twitter:data1\" content=\"Nabami Naomi \u00a0\" \/>\n\t<meta name=\"twitter:label2\" content=\"Estimated reading time\" \/>\n\t<meta name=\"twitter:data2\" content=\"18 minutes\" \/>\n<script type=\"application\/ld+json\" class=\"yoast-schema-graph\">{\"@context\":\"https:\\\/\\\/schema.org\",\"@graph\":[{\"@type\":\"Article\",\"@id\":\"https:\\\/\\\/blog.uantwerpen.be\\\/global-pen-friends\\\/juvenile-ageism-recognizing-childrens-voices-and-needs\\\/#article\",\"isPartOf\":{\"@id\":\"https:\\\/\\\/blog.uantwerpen.be\\\/global-pen-friends\\\/juvenile-ageism-recognizing-childrens-voices-and-needs\\\/\"},\"author\":{\"name\":\"Nabami Naomi \u00a0\",\"@id\":\"https:\\\/\\\/blog.uantwerpen.be\\\/global-pen-friends\\\/#\\\/schema\\\/person\\\/ed75d399264b9367db3ef40ee3726a40\"},\"headline\":\"Juvenile ageism: recognizing children&#8217;s voices and needs\",\"datePublished\":\"2023-08-02T14:47:27+00:00\",\"dateModified\":\"2023-09-01T20:00:45+00:00\",\"mainEntityOfPage\":{\"@id\":\"https:\\\/\\\/blog.uantwerpen.be\\\/global-pen-friends\\\/juvenile-ageism-recognizing-childrens-voices-and-needs\\\/\"},\"wordCount\":4479,\"publisher\":{\"@id\":\"https:\\\/\\\/blog.uantwerpen.be\\\/global-pen-friends\\\/#organization\"},\"image\":{\"@id\":\"https:\\\/\\\/blog.uantwerpen.be\\\/global-pen-friends\\\/juvenile-ageism-recognizing-childrens-voices-and-needs\\\/#primaryimage\"},\"thumbnailUrl\":\"https:\\\/\\\/blog.uantwerpen.be\\\/global-pen-friends\\\/wp-content\\\/uploads\\\/2023\\\/08\\\/16.png\",\"keywords\":[\"age discrimination\",\"children&#039;s rights\",\"juvenile ageism\"],\"articleSection\":[\"DR Congo\",\"Nicaragua\"],\"inLanguage\":\"en-GB\"},{\"@type\":\"WebPage\",\"@id\":\"https:\\\/\\\/blog.uantwerpen.be\\\/global-pen-friends\\\/juvenile-ageism-recognizing-childrens-voices-and-needs\\\/\",\"url\":\"https:\\\/\\\/blog.uantwerpen.be\\\/global-pen-friends\\\/juvenile-ageism-recognizing-childrens-voices-and-needs\\\/\",\"name\":\"Juvenile ageism: recognizing children's voices and needs - USOS\",\"isPartOf\":{\"@id\":\"https:\\\/\\\/blog.uantwerpen.be\\\/global-pen-friends\\\/#website\"},\"primaryImageOfPage\":{\"@id\":\"https:\\\/\\\/blog.uantwerpen.be\\\/global-pen-friends\\\/juvenile-ageism-recognizing-childrens-voices-and-needs\\\/#primaryimage\"},\"image\":{\"@id\":\"https:\\\/\\\/blog.uantwerpen.be\\\/global-pen-friends\\\/juvenile-ageism-recognizing-childrens-voices-and-needs\\\/#primaryimage\"},\"thumbnailUrl\":\"https:\\\/\\\/blog.uantwerpen.be\\\/global-pen-friends\\\/wp-content\\\/uploads\\\/2023\\\/08\\\/16.png\",\"datePublished\":\"2023-08-02T14:47:27+00:00\",\"dateModified\":\"2023-09-01T20:00:45+00:00\",\"breadcrumb\":{\"@id\":\"https:\\\/\\\/blog.uantwerpen.be\\\/global-pen-friends\\\/juvenile-ageism-recognizing-childrens-voices-and-needs\\\/#breadcrumb\"},\"inLanguage\":\"en-GB\",\"potentialAction\":[{\"@type\":\"ReadAction\",\"target\":[\"https:\\\/\\\/blog.uantwerpen.be\\\/global-pen-friends\\\/juvenile-ageism-recognizing-childrens-voices-and-needs\\\/\"]}]},{\"@type\":\"ImageObject\",\"inLanguage\":\"en-GB\",\"@id\":\"https:\\\/\\\/blog.uantwerpen.be\\\/global-pen-friends\\\/juvenile-ageism-recognizing-childrens-voices-and-needs\\\/#primaryimage\",\"url\":\"https:\\\/\\\/blog.uantwerpen.be\\\/global-pen-friends\\\/wp-content\\\/uploads\\\/2023\\\/08\\\/16.png\",\"contentUrl\":\"https:\\\/\\\/blog.uantwerpen.be\\\/global-pen-friends\\\/wp-content\\\/uploads\\\/2023\\\/08\\\/16.png\",\"width\":2000,\"height\":1200},{\"@type\":\"BreadcrumbList\",\"@id\":\"https:\\\/\\\/blog.uantwerpen.be\\\/global-pen-friends\\\/juvenile-ageism-recognizing-childrens-voices-and-needs\\\/#breadcrumb\",\"itemListElement\":[{\"@type\":\"ListItem\",\"position\":1,\"name\":\"Home\",\"item\":\"https:\\\/\\\/blog.uantwerpen.be\\\/global-pen-friends\\\/\"},{\"@type\":\"ListItem\",\"position\":2,\"name\":\"Juvenile ageism: recognizing children&#8217;s voices and needs\"}]},{\"@type\":\"WebSite\",\"@id\":\"https:\\\/\\\/blog.uantwerpen.be\\\/global-pen-friends\\\/#website\",\"url\":\"https:\\\/\\\/blog.uantwerpen.be\\\/global-pen-friends\\\/\",\"name\":\"USOS\",\"description\":\"Global Pen Friends\",\"publisher\":{\"@id\":\"https:\\\/\\\/blog.uantwerpen.be\\\/global-pen-friends\\\/#organization\"},\"potentialAction\":[{\"@type\":\"SearchAction\",\"target\":{\"@type\":\"EntryPoint\",\"urlTemplate\":\"https:\\\/\\\/blog.uantwerpen.be\\\/global-pen-friends\\\/?s={search_term_string}\"},\"query-input\":{\"@type\":\"PropertyValueSpecification\",\"valueRequired\":true,\"valueName\":\"search_term_string\"}}],\"inLanguage\":\"en-GB\"},{\"@type\":\"Organization\",\"@id\":\"https:\\\/\\\/blog.uantwerpen.be\\\/global-pen-friends\\\/#organization\",\"name\":\"USOS\",\"url\":\"https:\\\/\\\/blog.uantwerpen.be\\\/global-pen-friends\\\/\",\"logo\":{\"@type\":\"ImageObject\",\"inLanguage\":\"en-GB\",\"@id\":\"https:\\\/\\\/blog.uantwerpen.be\\\/global-pen-friends\\\/#\\\/schema\\\/logo\\\/image\\\/\",\"url\":\"https:\\\/\\\/blog.uantwerpen.be\\\/global-pen-friends\\\/wp-content\\\/uploads\\\/2021\\\/09\\\/cropped-usos-en-white.png\",\"contentUrl\":\"https:\\\/\\\/blog.uantwerpen.be\\\/global-pen-friends\\\/wp-content\\\/uploads\\\/2021\\\/09\\\/cropped-usos-en-white.png\",\"width\":725,\"height\":250,\"caption\":\"USOS \"},\"image\":{\"@id\":\"https:\\\/\\\/blog.uantwerpen.be\\\/global-pen-friends\\\/#\\\/schema\\\/logo\\\/image\\\/\"}},{\"@type\":\"Person\",\"@id\":\"https:\\\/\\\/blog.uantwerpen.be\\\/global-pen-friends\\\/#\\\/schema\\\/person\\\/ed75d399264b9367db3ef40ee3726a40\",\"name\":\"Nabami Naomi \u00a0\",\"url\":\"https:\\\/\\\/blog.uantwerpen.be\\\/global-pen-friends\\\/author\\\/naominabami\\\/\"}]}<\/script>\n<!-- \/ Yoast SEO plugin. -->","yoast_head_json":{"title":"Juvenile ageism: recognizing children's voices and needs - USOS","robots":{"index":"noindex","follow":"follow","max-snippet":"max-snippet:-1","max-image-preview":"max-image-preview:large","max-video-preview":"max-video-preview:-1"},"og_locale":"en_GB","og_type":"article","og_title":"Juvenile ageism: recognizing children's voices and needs - USOS","og_description":"This is a letter exchange between SOS (pen name) from Managua and Nabami (Naomi) from Democratic Republic &hellip; \"Juvenile ageism: recognizing children&#8217;s voices and needs\"","og_url":"https:\/\/blog.uantwerpen.be\/global-pen-friends\/juvenile-ageism-recognizing-childrens-voices-and-needs\/","og_site_name":"USOS","article_published_time":"2023-08-02T14:47:27+00:00","article_modified_time":"2023-09-01T20:00:45+00:00","og_image":[{"width":2000,"height":1200,"url":"https:\/\/blog.uantwerpen.be\/global-pen-friends\/wp-content\/uploads\/2023\/08\/16.png","type":"image\/png"}],"author":"Nabami Naomi \u00a0","twitter_card":"summary_large_image","twitter_misc":{"Written by":"Nabami Naomi \u00a0","Estimated reading time":"18 minutes"},"schema":{"@context":"https:\/\/schema.org","@graph":[{"@type":"Article","@id":"https:\/\/blog.uantwerpen.be\/global-pen-friends\/juvenile-ageism-recognizing-childrens-voices-and-needs\/#article","isPartOf":{"@id":"https:\/\/blog.uantwerpen.be\/global-pen-friends\/juvenile-ageism-recognizing-childrens-voices-and-needs\/"},"author":{"name":"Nabami Naomi \u00a0","@id":"https:\/\/blog.uantwerpen.be\/global-pen-friends\/#\/schema\/person\/ed75d399264b9367db3ef40ee3726a40"},"headline":"Juvenile ageism: recognizing children&#8217;s voices and needs","datePublished":"2023-08-02T14:47:27+00:00","dateModified":"2023-09-01T20:00:45+00:00","mainEntityOfPage":{"@id":"https:\/\/blog.uantwerpen.be\/global-pen-friends\/juvenile-ageism-recognizing-childrens-voices-and-needs\/"},"wordCount":4479,"publisher":{"@id":"https:\/\/blog.uantwerpen.be\/global-pen-friends\/#organization"},"image":{"@id":"https:\/\/blog.uantwerpen.be\/global-pen-friends\/juvenile-ageism-recognizing-childrens-voices-and-needs\/#primaryimage"},"thumbnailUrl":"https:\/\/blog.uantwerpen.be\/global-pen-friends\/wp-content\/uploads\/2023\/08\/16.png","keywords":["age discrimination","children&#039;s rights","juvenile ageism"],"articleSection":["DR Congo","Nicaragua"],"inLanguage":"en-GB"},{"@type":"WebPage","@id":"https:\/\/blog.uantwerpen.be\/global-pen-friends\/juvenile-ageism-recognizing-childrens-voices-and-needs\/","url":"https:\/\/blog.uantwerpen.be\/global-pen-friends\/juvenile-ageism-recognizing-childrens-voices-and-needs\/","name":"Juvenile ageism: recognizing children's voices and needs - USOS","isPartOf":{"@id":"https:\/\/blog.uantwerpen.be\/global-pen-friends\/#website"},"primaryImageOfPage":{"@id":"https:\/\/blog.uantwerpen.be\/global-pen-friends\/juvenile-ageism-recognizing-childrens-voices-and-needs\/#primaryimage"},"image":{"@id":"https:\/\/blog.uantwerpen.be\/global-pen-friends\/juvenile-ageism-recognizing-childrens-voices-and-needs\/#primaryimage"},"thumbnailUrl":"https:\/\/blog.uantwerpen.be\/global-pen-friends\/wp-content\/uploads\/2023\/08\/16.png","datePublished":"2023-08-02T14:47:27+00:00","dateModified":"2023-09-01T20:00:45+00:00","breadcrumb":{"@id":"https:\/\/blog.uantwerpen.be\/global-pen-friends\/juvenile-ageism-recognizing-childrens-voices-and-needs\/#breadcrumb"},"inLanguage":"en-GB","potentialAction":[{"@type":"ReadAction","target":["https:\/\/blog.uantwerpen.be\/global-pen-friends\/juvenile-ageism-recognizing-childrens-voices-and-needs\/"]}]},{"@type":"ImageObject","inLanguage":"en-GB","@id":"https:\/\/blog.uantwerpen.be\/global-pen-friends\/juvenile-ageism-recognizing-childrens-voices-and-needs\/#primaryimage","url":"https:\/\/blog.uantwerpen.be\/global-pen-friends\/wp-content\/uploads\/2023\/08\/16.png","contentUrl":"https:\/\/blog.uantwerpen.be\/global-pen-friends\/wp-content\/uploads\/2023\/08\/16.png","width":2000,"height":1200},{"@type":"BreadcrumbList","@id":"https:\/\/blog.uantwerpen.be\/global-pen-friends\/juvenile-ageism-recognizing-childrens-voices-and-needs\/#breadcrumb","itemListElement":[{"@type":"ListItem","position":1,"name":"Home","item":"https:\/\/blog.uantwerpen.be\/global-pen-friends\/"},{"@type":"ListItem","position":2,"name":"Juvenile ageism: recognizing children&#8217;s voices and needs"}]},{"@type":"WebSite","@id":"https:\/\/blog.uantwerpen.be\/global-pen-friends\/#website","url":"https:\/\/blog.uantwerpen.be\/global-pen-friends\/","name":"USOS","description":"Global Pen Friends","publisher":{"@id":"https:\/\/blog.uantwerpen.be\/global-pen-friends\/#organization"},"potentialAction":[{"@type":"SearchAction","target":{"@type":"EntryPoint","urlTemplate":"https:\/\/blog.uantwerpen.be\/global-pen-friends\/?s={search_term_string}"},"query-input":{"@type":"PropertyValueSpecification","valueRequired":true,"valueName":"search_term_string"}}],"inLanguage":"en-GB"},{"@type":"Organization","@id":"https:\/\/blog.uantwerpen.be\/global-pen-friends\/#organization","name":"USOS","url":"https:\/\/blog.uantwerpen.be\/global-pen-friends\/","logo":{"@type":"ImageObject","inLanguage":"en-GB","@id":"https:\/\/blog.uantwerpen.be\/global-pen-friends\/#\/schema\/logo\/image\/","url":"https:\/\/blog.uantwerpen.be\/global-pen-friends\/wp-content\/uploads\/2021\/09\/cropped-usos-en-white.png","contentUrl":"https:\/\/blog.uantwerpen.be\/global-pen-friends\/wp-content\/uploads\/2021\/09\/cropped-usos-en-white.png","width":725,"height":250,"caption":"USOS "},"image":{"@id":"https:\/\/blog.uantwerpen.be\/global-pen-friends\/#\/schema\/logo\/image\/"}},{"@type":"Person","@id":"https:\/\/blog.uantwerpen.be\/global-pen-friends\/#\/schema\/person\/ed75d399264b9367db3ef40ee3726a40","name":"Nabami Naomi \u00a0","url":"https:\/\/blog.uantwerpen.be\/global-pen-friends\/author\/naominabami\/"}]}},"jetpack_featured_media_url":"https:\/\/blog.uantwerpen.be\/global-pen-friends\/wp-content\/uploads\/2023\/08\/16.png","jetpack_sharing_enabled":true,"_links":{"self":[{"href":"https:\/\/blog.uantwerpen.be\/global-pen-friends\/wp-json\/wp\/v2\/posts\/1381","targetHints":{"allow":["GET"]}}],"collection":[{"href":"https:\/\/blog.uantwerpen.be\/global-pen-friends\/wp-json\/wp\/v2\/posts"}],"about":[{"href":"https:\/\/blog.uantwerpen.be\/global-pen-friends\/wp-json\/wp\/v2\/types\/post"}],"author":[{"embeddable":true,"href":"https:\/\/blog.uantwerpen.be\/global-pen-friends\/wp-json\/wp\/v2\/users\/18"}],"replies":[{"embeddable":true,"href":"https:\/\/blog.uantwerpen.be\/global-pen-friends\/wp-json\/wp\/v2\/comments?post=1381"}],"version-history":[{"count":4,"href":"https:\/\/blog.uantwerpen.be\/global-pen-friends\/wp-json\/wp\/v2\/posts\/1381\/revisions"}],"predecessor-version":[{"id":1614,"href":"https:\/\/blog.uantwerpen.be\/global-pen-friends\/wp-json\/wp\/v2\/posts\/1381\/revisions\/1614"}],"wp:featuredmedia":[{"embeddable":true,"href":"https:\/\/blog.uantwerpen.be\/global-pen-friends\/wp-json\/wp\/v2\/media\/1599"}],"wp:attachment":[{"href":"https:\/\/blog.uantwerpen.be\/global-pen-friends\/wp-json\/wp\/v2\/media?parent=1381"}],"wp:term":[{"taxonomy":"category","embeddable":true,"href":"https:\/\/blog.uantwerpen.be\/global-pen-friends\/wp-json\/wp\/v2\/categories?post=1381"},{"taxonomy":"post_tag","embeddable":true,"href":"https:\/\/blog.uantwerpen.be\/global-pen-friends\/wp-json\/wp\/v2\/tags?post=1381"},{"taxonomy":"author","embeddable":true,"href":"https:\/\/blog.uantwerpen.be\/global-pen-friends\/wp-json\/wp\/v2\/coauthors?post=1381"}],"curies":[{"name":"wp","href":"https:\/\/api.w.org\/{rel}","templated":true}]}}