{"id":1361,"date":"2023-07-26T12:36:08","date_gmt":"2023-07-26T12:36:08","guid":{"rendered":"https:\/\/blog.uantwerpen.be\/global-pen-friends\/?p=1361"},"modified":"2023-09-01T20:04:59","modified_gmt":"2023-09-01T20:04:59","slug":"education-as-a-lever-of-change","status":"publish","type":"post","link":"https:\/\/blog.uantwerpen.be\/global-pen-friends\/education-as-a-lever-of-change\/","title":{"rendered":"Education as a lever of change"},"content":{"rendered":"\n<p>An exchange between Balolage Gloire from DR Congo and Ma from Nicaragua. For security reasons, the name of the student from Nicaragua was anonymized.<\/p>\n\n\n\n<p class=\"has-pale-cyan-blue-background-color has-background\">Letter 1<\/p>\n\n\n\n<p><strong>L&#8217;acces a l&#8217;\u00e9ducation comme moteur de changement<\/strong><\/p>\n\n\n\n<p>By: Balolage Gloire Musimwa<\/p>\n\n\n\n<p>Antwerp, 4 Mars 2023<\/p>\n\n\n\n<p>A: Ma<\/p>\n\n\n\n<h2 class=\"wp-block-heading\">Ch\u00e8re amie Ma,<\/h2>\n\n\n\n<p>Comment vas-tu? J&#8217;esp\u00e8re que tout va bien de ton c\u00f4t\u00e9.&nbsp;<\/p>\n\n\n\n<p>Je t&#8217;\u00e9cris pour te parler d&#8217;un sujet qui me tient particuli\u00e8rement \u00e0 c\u0153ur : l&#8217;acc\u00e8s \u00e0 l&#8217;\u00e9ducation en R\u00e9publique d\u00e9mocratique du Congo (RDC) comme moteur de changement et de d\u00e9veloppement. En tant que Congolais, j&#8217;ai pris conscience il y a plusieurs ann\u00e9es de cela, de l&#8217;importance cruciale de l&#8217;\u00e9ducation dans la transformation de nos soci\u00e9t\u00e9s et je voulais partager mes r\u00e9flexions avec toi, qui vient d&#8217;Am\u00e9rique latine et qui ne connais peut-\u00eatre pas beaucoup sur mon pays.<\/p>\n\n\n\n<p>La RDC est un pays situ\u00e9 en Afrique centrale qui partage des fronti\u00e8res avec neuf pays diff\u00e9rents. Avec une superficie de 2,3 millions de km\u00b2, c&#8217;est le deuxi\u00e8me plus grand pays d&#8217;Afrique et le onzi\u00e8me plus grand pays du monde. La RDC est \u00e9galement riche en ressources naturelles, notamment en cuivre, en cobalt, en or, en diamants et en p\u00e9trole pour ne citer que cela.<\/p>\n\n\n\n<p>Cependant, malgr\u00e9 ses richesses naturelles, la RDC est l&#8217;un des pays les plus pauvres du monde. Le taux de pauvret\u00e9 est estim\u00e9 \u00e0 plus de 70%, avec plus de 50% de la population vivant avec moins d&#8217;un dollar par jour. Le manque d&#8217;investissements dans l&#8217;\u00e9ducation est l&#8217;un des principaux obstacles au d\u00e9veloppement de notre pays. Le syst\u00e8me \u00e9ducatif en RDC est confront\u00e9 \u00e0 de nombreux d\u00e9fis. Environ 30% des enfants en \u00e2ge d&#8217;aller \u00e0 l&#8217;\u00e9cole primaire ne sont pas scolaris\u00e9s et un nombre consid\u00e9rable qui commencent l&#8217;\u00e9cole primaire ne terminent m\u00eame pas l&#8217;\u00e9cole secondaire. Les filles sont aussi particuli\u00e8rement les plus touch\u00e9es. Elles sont souvent d\u00e9savantag\u00e9es par rapport aux gar\u00e7ons en termes d&#8217;acc\u00e8s \u00e0 l&#8217;\u00e9ducation, surtout en milieux ruraux. Les raisons de cette in\u00e9galit\u00e9 sont nombreuses et comprennent les mariages pr\u00e9coces, les grossesses pr\u00e9coces, les normes sociales discriminatoires et les co\u00fbts \u00e9lev\u00e9s de l&#8217;\u00e9ducation.<\/p>\n\n\n\n<p>N\u00e9anmoins, malgr\u00e9 ces d\u00e9fis, il y a des progr\u00e8s significatifs qui ont \u00e9t\u00e9 r\u00e9alis\u00e9s dans le domaine de l&#8217;\u00e9ducation en RDC. Par exemple, l&#8217;UNICEF et d&#8217;autres organisations ont travaill\u00e9 dur pour am\u00e9liorer l&#8217;acc\u00e8s \u00e0 l&#8217;\u00e9ducation en construisant des \u00e9coles et en fournissant des fournitures scolaires. Des programmes de formation des enseignants ont \u00e9galement \u00e9t\u00e9 mis en place pour am\u00e9liorer la qualit\u00e9 de l&#8217;\u00e9ducation. De plus, de nombreuses ONG locales travaillent actuellement pour promouvoir l&#8217;\u00e9ducation des filles et des femmes.&nbsp;<\/p>\n\n\n\n<p>Je suis personnellement l\u2019un des cadres d\u2019une ONG locale nomm\u00e9e G\u00e9n\u00e9ration Epanouie (GEP) qui a fait aussi de l\u2019\u00e9ducation des enfants l\u2019un de ses combats, car nous sommes convaincus avec mes coll\u00e8gues qu\u2019il n\u2019y a ni paix ni d\u00e9veloppement sans \u00e9ducation. Pour ce faire, nous avons pu initier le projet GEP SCHOLARSHIP depuis 2016. L&#8217;objectif de GEP SCHOLARSHIP est de contribuer \u00e0 l&#8217;\u00e9ducation des enfants, en particulier des jeunes filles, dans les zones rurales de la R\u00e9publique d\u00e9mocratique du Congo. L&#8217;\u00e9ducation, pilier de la croissance nationale, est devenue malheureusement, un privil\u00e8ge pour une cat\u00e9gorie d\u2019enfants. Notre objectif est donc de contribuer \u00e0 la lutte contre ces in\u00e9galit\u00e9s d&#8217;acc\u00e8s \u00e0 l&#8217;\u00e9ducation, notamment celles qui touchent les jeunes filles. Selon la Banque mondiale (2019), une fille \u00e9duqu\u00e9e am\u00e9liorera ses revenus futurs d&#8217;environ 10 \u00e0 20% pour chaque ann\u00e9e suppl\u00e9mentaire de scolarit\u00e9 et r\u00e9investira la majorit\u00e9 de ces revenus dans sa famille et sa communaut\u00e9. Je suis tr\u00e8s fier de faire partie de ce mouvement des jeunes qui vise \u00e0 transformer notre soci\u00e9t\u00e9.<\/p>\n\n\n\n<p>Pour chuter, j\u2019aimerais partager avec toi cette citation du Grand Nelson Mandela&nbsp;: \u00ab L\u2019\u00e9ducation est votre arme la plus puissante pour changer&nbsp;le&nbsp;monde.&nbsp;\u00bb Dans ce m\u00eame ordre id\u00e9es, je suis convaincu que l&#8217;acc\u00e8s \u00e0 l&#8217;\u00e9ducation en RDC est essentiel pour le d\u00e9veloppement de notre pays. Nous avons besoin de plus de gens qui s&#8217;engagent \u00e0 promouvoir l&#8217;\u00e9ducation, \u00e0 construire des \u00e9coles au standard international et \u00e0 offrir des opportunit\u00e9s d&#8217;apprentissage pour tous. L&#8217;\u00e9ducation est un droit fondamental pour tous les enfants, gar\u00e7ons et filles, et je crois que c&#8217;est l\u2019une des cl\u00e9s majeures pour sortir de la pauvret\u00e9 et pour b\u00e2tir un avenir meilleur pour les g\u00e9n\u00e9rations futures.<\/p>\n\n\n\n<p>J&#8217;esp\u00e8re de tout c\u0153ur que cette lettre t&#8217;a permis de mieux comprendre la situation de l&#8217;\u00e9ducation dans mon pays et l&#8217;importance cruciale de cette derni\u00e8re. Mais je suis curieux \u00e9galement de savoir comment la situation de l&#8217;\u00e9ducation au Nicaragua se compare \u00e0 celle de la RDC. Par exemple&nbsp;:<\/p>\n\n\n\n<ul class=\"wp-block-list\">\n<li>Quelles sont les principales difficult\u00e9s auxquelles les \u00e9tudiants\/\u00e9l\u00e8ves et les enseignants sont confront\u00e9s ?&nbsp;<\/li>\n\n\n\n<li>Comment le gouvernement et les organisations locales travaillent-ils pour am\u00e9liorer l&#8217;acc\u00e8s \u00e0 l&#8217;\u00e9ducation ?&nbsp;<\/li>\n\n\n\n<li>Comment les co\u00fbts indirects, tels que les fournitures scolaires et les uniformes, affectent-ils la participation des enfants&nbsp;\u00e0&nbsp;l&#8217;\u00e9ducation&nbsp;?<\/li>\n<\/ul>\n\n\n\n<p>J&#8217;ai h\u00e2te de continuer cette conversation sur l&#8217;\u00e9ducation et le d\u00e9veloppement avec toi. J&#8217;attends surtout avec impatience d&#8217;entendre parler de la situation de l&#8217;\u00e9ducation au Nicaragua et de ta propre exp\u00e9rience. Et j&#8217;esp\u00e8re de tout c\u0153ur que nous pourrons continuer \u00e0 discuter de ce sujet fascinant lors de nos prochaines&nbsp;conversations.<\/p>\n\n\n\n<p>Amicalement,<\/p>\n\n\n\n<p>Gloire<\/p>\n\n\n\n<p class=\"has-luminous-vivid-amber-background-color has-background\">Letter 2<\/p>\n\n\n\n<p><em>\u201cEl acceso a la educaci\u00f3n como motor de cambio\u201d&nbsp;<\/em><\/p>\n\n\n\n<p>Masaya, Nicaragua, 19 de marzo de 2023.&nbsp;<\/p>\n\n\n\n<p>De:&nbsp;Ma.&nbsp;<\/p>\n\n\n\n<p>Universidad Centroamericana, UCA, Nicaragua&nbsp;<\/p>\n\n\n\n<p>A:&nbsp;Balolage Gloire Musimwa.&nbsp;<\/p>\n\n\n\n<h2 class=\"wp-block-heading\">Hola, Gloire! <\/h2>\n\n\n\n<p>Es un placer saludarte. Que gusto haber recibido tu carta sobre la educaci\u00f3n como motor de cambio. Me entusiasma formar parte de este proyecto, \u201cGlobal Pen Friends 2023&#8243;, puesto que considero es un instrumento que sirve de puente para estar en contacto con j\u00f3venes que presentan conciencia y compromiso social. Una vez m\u00e1s reitero mi entusiasmo al estar compartiendo las realidades que enfrentamos en nuestros pa\u00edses y extiendo mis felicitaciones por tu involucramiento en GEP.&nbsp;<\/p>\n\n\n\n<p>Soy Ma, tengo 20 a\u00f1os de edad. Actualmente, me encuentro cursando mi tercer a\u00f1o de la carrera TEFL (Teaching English as a Foreign Language) en la Universidad Centroamericana UCA, Nicaragua. Paralelamente a mi carrera de educaci\u00f3n, soy bailarina profesional de ballet cl\u00e1sico, jazz y danza contempor\u00e1nea. Llev\u00f3 a cabo un proyecto de arte que consiste en mi academia de danza donde ofrezco clases a ni\u00f1os, ni\u00f1as y j\u00f3venes de mi comunidad. Dentro de mi alma m\u00e1ter, particip\u00f3 en el departamento de cultura, el \u00e1rea de teatro y soy miembro de un voluntariado ignaciano llamado \u201cNicaragua Canta en M\u00ed\u201d. Considero firmemente que es necesario alzar nuestras voces en pro del bienestar com\u00fan, es por eso que soy miembro de programas como AWE (Academy for Women Entrepreneurs) y G4G project (Girls for Girls project) ambos programas tienen como objetivo crear redes de mujeres l\u00edderes que pongan sus habilidades al servicio de la sociedad.&nbsp;<\/p>\n\n\n\n<p>Durante abril del 2022 tuve la magn\u00edfica oportunidad de visitar territorio africano. Fue invaluable la experiencia que viv\u00ed visitando Marrakech y disfrut\u00e9 de las dunas del desierto del Sahara. Qued\u00e9 cautivada con la Mosqu\u00e9e Koutoubia, la plaza de Jem\u00e1a El Fna y Gargantas del Todra. Espero visitar nuevamente el continente africano para disfrutar de la m\u00fasica Bereber y los dulces marroqu\u00edes, ahora tengo una amiga que me puede sumergir m\u00e1s en su riqueza cultural; si en alg\u00fan momento deseas viajar a Nicaragua, eres m\u00e1s que bienvenida.&nbsp;<\/p>\n\n\n\n<p>Me han intrigado los datos que has relatado sobre tu pa\u00eds, me han ayudado a tener una mejor panor\u00e1mica del sistema educativo africano. Procedo a darte una pincelada sobre mi pa\u00eds, Nicaragua es un pa\u00eds ubicado en Am\u00e9rica Central, su capital es Managua. La poblaci\u00f3n es de 6.7 millones de habitantes. Puedo destacar que el idioma oficial de mi pa\u00eds es el espa\u00f1ol y la religi\u00f3n que predomina mayoritariamente es el catolicismo.<\/p>\n\n\n\n<p>En t\u00e9rminos relacionados a la pol\u00edtica, me es triste mencionar que no somos una rep\u00fablica democr\u00e1tica. Los nicarag\u00fcenses vivimos en dictadura. El actual gobierno Ortega-Murillo ha sido fuertemente criticado por la comunidad internacional puesto que sus actos son autoritarios, es un r\u00e9gimen que se ha postergado en el poder violentando los derechos humanos y asesinando a cientos de nicarag\u00fcenses que anhelan paz, justicia y libertad.&nbsp;<\/p>\n\n\n\n<p>Lo mencionado con anterioridad afecta directa e indiscutiblemente el desarrollo en la educaci\u00f3n. Son problem\u00e1ticas complejas y que presentan cierto grado de similitud con respecto a las situaciones que me has planteado. Resalto los puntos claves en com\u00fan que nuestros pa\u00edses enfrentan. En primer lugar, aspectos relacionados a la pobreza, Nicaragua es el segundo pa\u00eds m\u00e1s pobre de Am\u00e9rica Latina. Las condiciones de pobreza extrema afecta indudablemente al acceso de un servicio b\u00e1sico como es la educaci\u00f3n.&nbsp;<\/p>\n\n\n\n<p>A su vez, existe un acceso limitado a la educaci\u00f3n, principalmente en \u00e1reas rurales. Nicaragua carece de educaci\u00f3n de calidad en escuelas p\u00fablicas, procedo a mencionar factores obstaculizadores: las escuelas no tienen a su disposici\u00f3n recursos y materiales que cubran las necesidades de los estudiantes, sum\u00e1ndole la no capacitaci\u00f3n de cientos de docentes, muchos son los casos de maestros que no se encuentran capacitados para ejercer la profesi\u00f3n de la docencia; la falta de metodolog\u00edas y estrateg\u00edas de ense\u00f1anza y aprendizaje contribuye a la insuficiencia educativa.&nbsp;<\/p>\n\n\n\n<p>Pese a que la Constituci\u00f3n indica que las universidades no pueden ser objeto de intervenci\u00f3n ni expropiaci\u00f3n, el presidente Ortega ha ordenado el cierre de universidades. El gobierno de Nicaragua tambi\u00e9n se ha encargado de retirar la personalidad jur\u00eddica de ONG estadounidenses y europeas, a su vez organizaciones de la sociedad civil alegando supuestas irregularidades administrativas. Para mejorar la educaci\u00f3n nicarag\u00fcense es de extrema importancia eliminar a toda costa el adoctrinamiento pol\u00edtico en las escuelas. Me es inconcebible que en los centros educativos se utilicen libros donde ilustren a la pareja dictatorial.&nbsp;<\/p>\n\n\n\n<p>Hemos enfatizado en nuestras cartas las problem\u00e1ticas que Rep\u00fablica del Congo y Nicaragua enfrentan respecto a la Educaci\u00f3n. Es alentador conocer otras perspectivas y sobre todo saber que los j\u00f3venes no son ajenos ante las dificultades sociales, m\u00e1s bien a trav\u00e9s del servicio podemos potencializar nuestras habilidades y capacidades.&nbsp;<\/p>\n\n\n\n<p>Sin lugar a dudas, el acceso a la educaci\u00f3n es motor de cambio. La educaci\u00f3n es la base para el desarrollo humano. Tomar conciencia sobre las problem\u00e1ticas educativas que nos rodean es esencial porque nos permite identificar las limitaciones existentes y de \u00e9sa forma trabajar en b\u00fasqueda de posibles soluciones.<\/p>\n\n\n\n<p>A continuaci\u00f3n te propongo preguntas, de las cuales estoy muy emocionada por conocer.&nbsp;<\/p>\n\n\n\n<p>1)\u00bfC\u00f3mo funciona la ONG en la que participas y qu\u00e9 papel desarrollan? 2)\u00bfQu\u00e9 pol\u00edticas educativas existen en Rep\u00fablica del Congo?&nbsp;<\/p>\n\n\n\n<p>3)\u00bfCu\u00e1l es el ranking de educaci\u00f3n a nivel internacional en el que se posiciona tu pa\u00eds? 4)He descubierto las problem\u00e1ticas que RDC enfrenta, \u00bfCu\u00e1les son las fortalezas que presenta? puedes compartirme a modo de FODA.&nbsp;<\/p>\n\n\n\n<p>5)\u00bfLa tecnolog\u00eda juega un rol nulo en la educaci\u00f3n africana?&nbsp;<\/p>\n\n\n\n<p>6)\u00bfEn los salones de clases se utilizan metodolog\u00edas hol\u00edsticas?&nbsp;<\/p>\n\n\n\n<p>7)\u00bfC\u00f3mo afecta la inestabilidad pol\u00edtica al acceso a la educaci\u00f3n?&nbsp;<\/p>\n\n\n\n<p>8)\u00bfC\u00f3mo funciona el sistema educativo en las universidades de RDC? 9) \u00bfHas trabajado en alg\u00fan proyecto educativo con relaciones latinoamericanas? 10)\u00bfQu\u00e9 posibles v\u00edas se han planteado para erradicar la brecha de g\u00e9nero?&nbsp;<\/p>\n\n\n\n<p>Me despido con la frase inspiradora del padre del modernismo literario, Rub\u00e9n Dar\u00edo, quien manifiesta: &#8220;No dejes apagar el entusiasmo, virtud tan valiosa como necesaria; trabaja, aspira, tiende siempre hacia la altura\u201d.&nbsp;<\/p>\n\n\n\n<p>Un fuerte abrazo. Con cari\u00f1o,<\/p>\n\n\n\n<p class=\"has-pale-cyan-blue-background-color has-background\">Letter 3<\/p>\n\n\n\n<p>Anvers, Belgique, 14 avril 2023.<\/p>\n\n\n\n<p><strong>De :<\/strong>Balolage Gloire Musimwa, Institute of Development Policy \/ University of Antwerp, Belgique<\/p>\n\n\n\n<p><strong>A:<\/strong> Ma.<\/p>\n\n\n\n<p>Universidad Centroamericana, UCA, Nicaragua<\/p>\n\n\n\n<h2 class=\"wp-block-heading\">Ch\u00e8re Ma,<\/h2>\n\n\n\n<p>Je tiens tout d&#8217;abord \u00e0 te remercier pour ta lettre tr\u00e8s touchante qui me communique des informations pertinentes sur ta vie, ton pays, ta carri\u00e8re et ton engagement dans diverses initiatives. Plus particuli\u00e8rement, je suis impressionn\u00e9 par ce que tu r\u00e9alises d\u00e9j\u00e0 \u00e0 tes 20 ans. J\u2019avoue que rares sont les filles de ton \u00e2ge dans ma communaut\u00e9 qui ont un tel niveau d\u2019engagement et multi-talentueuses comme toi.&nbsp;<\/p>\n\n\n\n<p>Ta passion pour l&#8217;enseignement et la danse, ton projet artistique qui consiste en une acad\u00e9mie de danse pour les enfants et les jeunes de ta communaut\u00e9 sont admirables. Et ton implication dans des programmes tels que l&#8217;AWE et le projet G4G est une preuve de ton leadership et de ton engagement pour le bien commun.<\/p>\n\n\n\n<p>Je suis \u00e9galement ravi d&#8217;apprendre que tu as visit\u00e9 l&#8217;Afrique en 2022 et que tu as appr\u00e9ci\u00e9 ton exp\u00e9rience \u00e0 Marrakech et les dunes du d\u00e9sert du Sahara. Si jamais tu reviens, je serais ravi de te faire d\u00e9couvrir mon pays la R\u00e9publique d\u00e9mocratique du Congo, avec sa riche histoire, une diversit\u00e9 culturelle vibrante et une beaut\u00e9 naturelle incroyable et plusieurs d\u00e9couvertes encore. De m\u00eame, si j&#8217;ai l&#8217;occasion de voyager au Nicaragua, je serais aussi ravi de te rendre visite et d\u00e9couvrir de moi-m\u00eame tout ce sur quoi tu travailles pour contribuer au d\u00e9veloppement de ta communaut\u00e9.<\/p>\n\n\n\n<p>Je suis heureux de t\u2019avoir donn\u00e9 une vue d&#8217;ensemble du syst\u00e8me \u00e9ducatif en Afrique, plus particuli\u00e8rement celui de mon pays. Le Nicaragua est un pays que je ne connaissais pas beaucoup auparavant, donc je suis reconnaissant pour les informations que tu m\u2019as partag\u00e9es. Je suis d\u00e9sol\u00e9 d&#8217;apprendre que ton pays est dirig\u00e9 par un r\u00e9gime autoritaire. C&#8217;est triste de voir que les violations des droits de l&#8217;homme et la violence ont un impact direct sur le d\u00e9veloppement de l&#8217;\u00e9ducation.<\/p>\n\n\n\n<p>Je comprends parfaitement la difficult\u00e9 d&#8217;avoir acc\u00e8s \u00e0 une \u00e9ducation de qualit\u00e9, en plus du manque de formation de centaines d&#8217;enseignants, surtout dans les zones rurales. Les m\u00eames probl\u00e8mes existent dans de nombreuses r\u00e9gions d&#8217;Afrique, o\u00f9 l&#8217;acc\u00e8s \u00e0 l&#8217;\u00e9ducation est souvent limit\u00e9 en raison du manque de ressources. Cependant, ne baissons pas nos bras. Les actions que nous posons, petites soient \u2013 elles, sont d\u00e9j\u00e0 un pas consid\u00e9rable dans cette lutte pour l\u2019acc\u00e8s \u00e0 l\u2019\u00e9ducation \u00e0 tous.&nbsp;<\/p>\n\n\n\n<p>Nous devons continuer sur cette lanc\u00e9e en r\u00e9fl\u00e9chissant \u00e0 des solutions \u00e0 ces probl\u00e8mes et \u00e0 surtout mobiliser d\u2019autres parties prenantes dans cette lutte que j\u2019estime tr\u00e8s noble et salutaire pour l\u2019\u00e9mergence de nos pays. En tant que jeunes, nous sommes d\u00e9sormais conscients des enjeux sociaux. Gr\u00e2ce \u00e0 notre engagement dans les activit\u00e9s socio-\u00e9conomiques durables, nous pouvons renforcer nos comp\u00e9tences et aptitudes, et ainsi, contribuer \u00e0 am\u00e9liorer notre soci\u00e9t\u00e9.<\/p>\n\n\n\n<p>Voici donc mes r\u00e9ponses \u00e0 tes questions :<\/p>\n\n\n\n<ol class=\"wp-block-list\">\n<li>G\u00e9n\u00e9ration Epanouie (GEP) fonctionne comme \u00e9tant une plateforme des organisations de jeunes travaillant ensemble en vue de s\u2019accompagner mutuellement dans la lutte pour la promotion de la jeunesse et le d\u00e9veloppement int\u00e9gral. Comme une association sans but lucratif, G\u00e9n\u00e9ration Epanouie (GEP) se structure dans l\u2019organigramme suivant : Assembl\u00e9e G\u00e9n\u00e9rale, Conseil d\u2019Administration, Secr\u00e9tariat Ex\u00e9cutif, Bureau Technique. Plus des d\u00e9tails sont disponibles dans nos statuts et R\u00e8glement d\u2019Ordre Int\u00e9rieur. Comme Communaut\u00e9 G\u00e9n\u00e9ration Epanouie (GEP) se structure dans l\u2019organigramme ci-apr\u00e8s : Assembl\u00e9e G\u00e9n\u00e9rale, Repr\u00e9sentation, et \u00c9quipe technique. Actuellement, j\u2019occupe le poste de responsable de l\u2019Administration et Finances au sein de cette organisation.<\/li>\n\n\n\n<li>Les politiques \u00e9ducatives en vigueur en R\u00e9publique d\u00e9mocratique du Congo (RDC) sont r\u00e9gies par la loi-cadre n\u00b0 14\/004 du 11 f\u00e9vrier 2014 qui d\u00e9finit l&#8217;organisation g\u00e9n\u00e9rale de l&#8217;enseignement national, ainsi que par d&#8217;autres textes r\u00e9glementaires et l\u00e9gislatifs associ\u00e9s. Le syst\u00e8me \u00e9ducatif congolais comprend quatre niveaux d&#8217;enseignement : la maternelle, le primaire, le secondaire et l&#8217;enseignement sup\u00e9rieur\/universitaire. Mais il y a eu des r\u00e9formes. Tu trouveras un lien en annexes au cas o\u00f9 tu aimerais davantage sur les actuelles r\u00e9formes dans notre syst\u00e8me \u00e9ducatif.&nbsp;<\/li>\n\n\n\n<li>Tenant compte des ann\u00e9es de scolarisation attendues dans l\u2019indice de d\u00e9veloppement humain du PNUD (2021), la RDC est class\u00e9e 169\u00e8me sur 191 pays.<\/li>\n\n\n\n<li>Je ne suis pas s\u00fbr d\u2019avoir compris l\u2019acronyme \u00ab&nbsp;CDR&nbsp;\u00bb. Peux \u2013 tu reposer la question autrement ?<\/li>\n\n\n\n<li>Comme partout dans le monde actuellement, la technologie joue \u00e9galement un r\u00f4le de plus en plus important dans l&#8217;\u00e9ducation en Afrique. Le STEM est de plus en plus pr\u00each\u00e9 et adopt\u00e9 dans les programmes \u00e9ducatifs de ces jours. Mais il reste encore des d\u00e9fis \u00e0 surmonter pour assurer un acc\u00e8s \u00e9quitable et g\u00e9n\u00e9ralis\u00e9 \u00e0 la technologie dans toute la r\u00e9gion. L&#8217;acc\u00e8s limit\u00e9 \u00e0 l&#8217;\u00e9lectricit\u00e9 et \u00e0 Internet dans certaines r\u00e9gions, le manque de financement pour les infrastructures technologiques et l&#8217;insuffisance de la formation des enseignants en mati\u00e8re de technologie sont autant de d\u00e9fis \u00e0 relever.<\/li>\n\n\n\n<li>Des m\u00e9thodes holistiques sont utilis\u00e9es dans les salles de classe en Afrique, y compris en R\u00e9publique D\u00e9mocratique du Congo (RD Congo). Toutefois, il convient de noter que toutes les \u00e9coles en RD Congo n&#8217;utilisent pas n\u00e9cessairement des m\u00e9thodes holistiques. Le syst\u00e8me \u00e9ducatif en RD Congo est confront\u00e9 \u00e0 de nombreux d\u00e9fis, notamment des probl\u00e8mes de financement, d&#8217;infrastructures inad\u00e9quates et de p\u00e9nurie d&#8217;enseignants qualifi\u00e9s&nbsp;; ce qui rend difficile la mise en place d&#8217;approches p\u00e9dagogiques innovantes et holistiques dans toutes les \u00e9coles.<\/li>\n\n\n\n<li>Dans l&#8217;ensemble, l&#8217;instabilit\u00e9 politique en RD Congo a eu un impact n\u00e9gatif sur l&#8217;acc\u00e8s \u00e0 l&#8217;\u00e9ducation. L&#8217;Est de la RDC, en particulier les provinces du Nord-Kivu, du Sud-Kivu et de l&#8217;Ituri, est consid\u00e9r\u00e9 comme la r\u00e9gion la plus touch\u00e9e par l&#8217;instabilit\u00e9 politique et les conflits arm\u00e9s en RDC. Depuis les ann\u00e9es 1990, ces provinces pr\u00e9cit\u00e9es ont \u00e9t\u00e9 le th\u00e9\u00e2tre de conflits impliquant des groupes arm\u00e9s locaux, des groupes rebelles \u00e9trangers, etc. Les causes profondes de ces conflits sont complexes et incluent des facteurs tels que les rivalit\u00e9s ethniques, les revendications territoriales, les tensions politiques et les luttes pour le contr\u00f4le des ressources naturelles telles que l&#8217;or, le coltan et le diamant. Cela fragilise le d\u00e9veloppement social et \u00e9conomique du pays. Il est donc crucial que les gouvernements et les partenaires de d\u00e9veloppement travaillent ensemble pour r\u00e9soudre les probl\u00e8mes politiques, \u00e9conomiques et sociaux qui entravent l&#8217;acc\u00e8s \u00e0 l&#8217;\u00e9ducation en RD Congo.<\/li>\n\n\n\n<li>Depuis cette acad\u00e9mique 2022-2023, il a \u00e9t\u00e9 adopt\u00e9 un nouveau syst\u00e8me d\u2019enseignement au sein de nos universit\u00e9s commun\u00e9ment appel\u00e9&nbsp; \u201cLicence\u201d, Master et Doctorat\u201d, en sigle \u00ab LMD \u00bb, par le ministre de l\u2019Enseignement Sup\u00e9rieur et Universitaire. C\u2019est un syst\u00e8me d\u2019enseignement sup\u00e9rieur et universitaire divis\u00e9 en 3 cycles, dont trois ans pour obtenir la Licence, cinq ans pour le Master et huit ans pour le Doctorat.&nbsp;<\/li>\n\n\n\n<li>Pour le moment, nous n\u2019avons pas encore travaill\u00e9 sur des projets \u00e9ducatifs ayant trait aux relations avec l&#8217;Am\u00e9rique latine. Mais si tu as des id\u00e9es de collaboration, n\u2019h\u00e9site pas \u00e0 m&#8217;en faire part dans nos prochaines conversations.<\/li>\n\n\n\n<li>L&#8217;\u00e9cart entre les hommes et les femmes est complexe et multifactoriel. Il existe donc de nombreuses solutions potentielles pour y rem\u00e9dier. Voici quelques-unes des options possibles \u00e0 mon humble avis : a) par exemple dans notre organisation, nous octroyons plus de bourses scolaires \u00e0 70% des filles comme b\u00e9n\u00e9ficiaires et uniquement 30% gar\u00e7ons car ce sont elles qui ne vont pas en majorit\u00e9 \u00e0 l\u2019\u00e9cole dans les milieux ruraux o\u00f9 nous intervenons ; b) l&#8217;autonomisation \u00e9conomique des femmes est une autre mesure importante pour r\u00e9duire l&#8217;\u00e9cart entre les sexes ; c) les campagnes de sensibilisation et d&#8217;\u00e9ducation du grand public peuvent aider \u00e0 \u00e9liminer les st\u00e9r\u00e9otypes de genre et \u00e0 promouvoir l&#8217;\u00e9galit\u00e9 des sexes ; d) les gouvernements peuvent mettre en place des lois et des politiques qui favorisent l&#8217;\u00e9galit\u00e9 des sexes, comme des quotas pour les femmes dans les postes de direction, des lois contre la discrimination, etc.<\/li>\n<\/ol>\n\n\n\n<p>Voil\u00e0 ! J\u2019ose esp\u00e9rer que tu pourras trouver mes r\u00e9ponses satisfaisantes \u00e0 tes pr\u00e9occupations. Et au cas o\u00f9 tu aurais encore d\u2019autres questions, je reste \u00e0 ta disposition pour pouvoir y r\u00e9pondre avec plaisir.&nbsp;<\/p>\n\n\n\n<p>Enfin, tr\u00e8s ch\u00e8re Ma, surtout n\u2019oublie jamais \u00ab&nbsp;qu\u2019il n\u2019y ni paix, ni d\u00e9veloppement sans \u00e9ducation&nbsp;\u00bb. C\u2019est notre conviction dans GEP avec notre projet GEP scholarship. C\u2019est avec ces mots que je te laisse et t\u2019encourage \u00e0 continuer la lutte. \u00c7a vaut grandement le coup de se battre.<\/p>\n\n\n\n<p>Avec tout mon amour, je te donne un gros c\u00e2lin.<\/p>\n\n\n\n<p>Gloire<\/p>\n\n\n\n<p class=\"has-luminous-vivid-amber-background-color has-background\">Letter 4<\/p>\n\n\n\n<p><strong><em>\u00a8El acceso a la educaci\u00f3n como motor de cambio\u00a8&nbsp;<\/em><\/strong><\/p>\n\n\n\n<p>Masaya, Nicaragua, 11 de Mayo del 2023.&nbsp;<\/p>\n\n\n\n<p>De:&nbsp;Ma.&nbsp;<\/p>\n\n\n\n<p>Universidad Centroamericana, UCA, Nicaragua.&nbsp;<\/p>\n\n\n\n<p>Para:&nbsp;Balolage Gloire Musimwa.&nbsp;<\/p>\n\n\n\n<h2 class=\"wp-block-heading\">Hola, Gloire. <\/h2>\n\n\n\n<p>Qu\u00e9 tal? Es un gusto enorme saludarte nuevamente, me da una inmensa alegr\u00eda haber le\u00eddo y reflexionado sobre tus respuestas ante mis inquietudes, sin duda alguna me han ayudado a tener una visi\u00f3n de c\u00f3mo funciona el sistema educativo en la Rep\u00fablica del Congo. Ha sido un placer formar parte del proyecto Global Penfriends y tus cartas han sido realmente amenas, espero podamos seguir en comunicaci\u00f3n e intercambiando ideas, es por ello que te comparto algunos medios para seguir en contacto; puedes escribirme por correo electr\u00f3nico, whatsapp o instagram, mgabriela.calero@gmail.com, +505 89983178 o bien te comparto mi nombre de usuario gaby.martinezc, espero ansiosamente que podamos seguir en comunicaci\u00f3n.&nbsp;<\/p>\n\n\n\n<p>Agradezco la descripci\u00f3n precisa y espec\u00edfica de las pol\u00edticas educativas de Rep\u00fablica del Congo, los datos de RPC en base al \u00edndice de desarrollo humano me son de gran ayuda para expandir mi mente y poder tener una mayor comprensi\u00f3n de su sistema educativo, son temas de gran inter\u00e9s para m\u00ed, puesto que ser\u00e9 en un futuro cercano una maestra de ingl\u00e9s, y conocer similitudes y diferencias me aporta demasiado para ense\u00f1ar siempre con una perspectiva m\u00e1s concientizada.&nbsp;<\/p>\n\n\n\n<p>Me es lamentable que te encuentres actualmente viviendo en una inestabilidad pol\u00edtica, la cual desde luego, afecta negativamente el acceso a la educaci\u00f3n. Espero que la situaci\u00f3n mejore en Kivu norte, Kivu sur e Ituri. Cu\u00eddate mucho y estar\u00e9 orando por tu bienestar, el de tu familia y el de todo tu pa\u00eds en Rep\u00fablica del Congo.&nbsp;<\/p>\n\n\n\n<p>Me ha parecido relevante tus aportes respecto a las posibles soluciones para abordar la brecha de g\u00e9nero. Es admirable tu ardua labor en G\u00e9n\u00e9ration Epanouie (GEP) te felicito por tomar un rol de liderazgo y por tus deseos en b\u00fasqueda de una sociedad m\u00e1s humana. Contin\u00faa dando lo mejor de ti en la parte administrativa y de finanzas dentro de la organizaci\u00f3n. En mi universidad acogemos los valores de San Ignacio de Loyola, que han sido base en la fundaci\u00f3n de la Compa\u00f1\u00eda de Jes\u00fas, San<\/p>\n\n\n\n<p>Ignacio de Loyola siempre enfatiza el Magis, el t\u00e9rmino Magis, significa en lat\u00edn \u00a8M\u00e1s\u00a8 la espiritualidad ignaciana busca dar siempre ese \u00a8m\u00e1s\u00a8 y responder ante los desaf\u00edos que puedan surgir.&nbsp;<\/p>\n\n\n\n<p>Desde ese compromiso con la justicia social, desde esa entrega generosa al servicio comunitario es posible aportar a los retos que ambas enfrentamos en nuestros pa\u00edses, y que es necesario identificarlos para poder superarlos. Gloire, mencionas algunos de los retos los cu\u00e1les Nicaragua tambi\u00e9n presenta: la falta de financiaci\u00f3n, infraestructuras inadecuadas, escasez de maestros calificados, un no acceso equitativo y generalizado a la tecnolog\u00eda, la dificultad de la aplicaci\u00f3n de enfoques pedag\u00f3gicos innovadores y hol\u00edsticos en todas las escuelas.&nbsp;<\/p>\n\n\n\n<p>C\u00f3mo ya he mencionado reiteradamente, ha sido de gran provecho para mi conocer sobre el sistema educativo de la Rep\u00fablica del Congo, lamentablemente en tu carta no me ha aparecido el enlace que mencionas para conocer a profundidad la ley marco n\u00b0 14\/004 de 11 de febrero de 2014, que define la organizaci\u00f3n general de la educaci\u00f3n nacional. Si es posible, solicito el env\u00edo de \u00e9ste. A su vez, me has sugerido formular nuevamente la pregunta #4. Rep\u00fablica del Congo enfrenta diversas problem\u00e1ticas en el \u00e1rea de la educaci\u00f3n, quisiera conocer cu\u00e1les son las fortalezas qu\u00e9 \u00e9sta presenta, puedes hacer menci\u00f3n de las que consideres m\u00e1s relevantes.&nbsp;<\/p>\n\n\n\n<p>Me ha emocionado mucho el saber tu disposici\u00f3n para trabajar en proyectos que involucran alianzas con Am\u00e9rica Latina, ser\u00eda estupendo crear una colaboraci\u00f3n, en donde se generen espacios de compartir, foros de discusi\u00f3n para enriquecernos de conocimiento mutuamente.&nbsp;<\/p>\n\n\n\n<p>Agradezco de coraz\u00f3n la manera en la que has finalizado tu carta, dando \u00e1nimos para seguir en lucha por cambios sociales. La educaci\u00f3n es motor de cambios, la educaci\u00f3n permite crear transformaciones positivas en la sociedad, la educaci\u00f3n ofrece oportunidades para romper barreras en entornos desfavorecidos, la educaci\u00f3n impulsa la justicia social.&nbsp;<\/p>\n\n\n\n<p>Te mando un fuerte abrazo, Glorie&nbsp;<\/p>\n\n\n\n<p>Tu amiga nicarag\u00fcense, Ma.<\/p>\n","protected":false},"excerpt":{"rendered":"<p>An exchange between Balolage Gloire from DR Congo and Ma from Nicaragua. For security reasons, the name &hellip; <\/p>\n<p class=\"link-more\"><a href=\"https:\/\/blog.uantwerpen.be\/global-pen-friends\/education-as-a-lever-of-change\/\" class=\"more-link\"><span class=\"screen-reader-text\"> &#8220;Education as a lever of change&#8221;<\/span><\/a><\/p>\n","protected":false},"author":95,"featured_media":1602,"comment_status":"closed","ping_status":"open","sticky":false,"template":"","format":"standard","meta":{"_acf_changed":false,"_jetpack_memberships_contains_paid_content":false,"footnotes":""},"categories":[67,70],"tags":[55],"coauthors":[211],"class_list":["post-1361","post","type-post","status-publish","format-standard","has-post-thumbnail","hentry","category-dr-congo","category-nicaragua","tag-education"],"acf":[],"yoast_head":"<!-- This site is optimized with the Yoast SEO plugin v27.4 - https:\/\/yoast.com\/product\/yoast-seo-wordpress\/ -->\n<title>Education as a lever of change - USOS<\/title>\n<meta name=\"robots\" content=\"noindex, follow, max-snippet:-1, max-image-preview:large, max-video-preview:-1\" \/>\n<meta property=\"og:locale\" content=\"en_GB\" \/>\n<meta property=\"og:type\" content=\"article\" \/>\n<meta property=\"og:title\" content=\"Education as a lever of change - USOS\" \/>\n<meta property=\"og:description\" content=\"An exchange between Balolage Gloire from DR Congo and Ma from Nicaragua. For security reasons, the name &hellip; &quot;Education as a lever of change&quot;\" \/>\n<meta property=\"og:url\" content=\"https:\/\/blog.uantwerpen.be\/global-pen-friends\/education-as-a-lever-of-change\/\" \/>\n<meta property=\"og:site_name\" content=\"USOS\" \/>\n<meta property=\"article:published_time\" content=\"2023-07-26T12:36:08+00:00\" \/>\n<meta property=\"article:modified_time\" content=\"2023-09-01T20:04:59+00:00\" \/>\n<meta property=\"og:image\" content=\"https:\/\/blog.uantwerpen.be\/global-pen-friends\/wp-content\/uploads\/2023\/08\/19.png\" \/>\n\t<meta property=\"og:image:width\" content=\"2000\" \/>\n\t<meta property=\"og:image:height\" content=\"1200\" \/>\n\t<meta property=\"og:image:type\" content=\"image\/png\" \/>\n<meta name=\"author\" content=\"Balolage Gloire\" \/>\n<meta name=\"twitter:card\" content=\"summary_large_image\" \/>\n<meta name=\"twitter:label1\" content=\"Written by\" \/>\n\t<meta name=\"twitter:data1\" content=\"Balolage Gloire\" \/>\n\t<meta name=\"twitter:label2\" content=\"Estimated reading time\" \/>\n\t<meta name=\"twitter:data2\" content=\"17 minutes\" \/>\n<script type=\"application\/ld+json\" class=\"yoast-schema-graph\">{\"@context\":\"https:\\\/\\\/schema.org\",\"@graph\":[{\"@type\":\"Article\",\"@id\":\"https:\\\/\\\/blog.uantwerpen.be\\\/global-pen-friends\\\/education-as-a-lever-of-change\\\/#article\",\"isPartOf\":{\"@id\":\"https:\\\/\\\/blog.uantwerpen.be\\\/global-pen-friends\\\/education-as-a-lever-of-change\\\/\"},\"author\":{\"name\":\"Balolage Gloire\",\"@id\":\"https:\\\/\\\/blog.uantwerpen.be\\\/global-pen-friends\\\/#\\\/schema\\\/person\\\/82dea9368e2466c111f1e505ca751158\"},\"headline\":\"Education as a lever of change\",\"datePublished\":\"2023-07-26T12:36:08+00:00\",\"dateModified\":\"2023-09-01T20:04:59+00:00\",\"mainEntityOfPage\":{\"@id\":\"https:\\\/\\\/blog.uantwerpen.be\\\/global-pen-friends\\\/education-as-a-lever-of-change\\\/\"},\"wordCount\":4419,\"publisher\":{\"@id\":\"https:\\\/\\\/blog.uantwerpen.be\\\/global-pen-friends\\\/#organization\"},\"image\":{\"@id\":\"https:\\\/\\\/blog.uantwerpen.be\\\/global-pen-friends\\\/education-as-a-lever-of-change\\\/#primaryimage\"},\"thumbnailUrl\":\"https:\\\/\\\/blog.uantwerpen.be\\\/global-pen-friends\\\/wp-content\\\/uploads\\\/2023\\\/08\\\/19.png\",\"keywords\":[\"Education\"],\"articleSection\":[\"DR Congo\",\"Nicaragua\"],\"inLanguage\":\"en-GB\"},{\"@type\":\"WebPage\",\"@id\":\"https:\\\/\\\/blog.uantwerpen.be\\\/global-pen-friends\\\/education-as-a-lever-of-change\\\/\",\"url\":\"https:\\\/\\\/blog.uantwerpen.be\\\/global-pen-friends\\\/education-as-a-lever-of-change\\\/\",\"name\":\"Education as a lever of change - USOS\",\"isPartOf\":{\"@id\":\"https:\\\/\\\/blog.uantwerpen.be\\\/global-pen-friends\\\/#website\"},\"primaryImageOfPage\":{\"@id\":\"https:\\\/\\\/blog.uantwerpen.be\\\/global-pen-friends\\\/education-as-a-lever-of-change\\\/#primaryimage\"},\"image\":{\"@id\":\"https:\\\/\\\/blog.uantwerpen.be\\\/global-pen-friends\\\/education-as-a-lever-of-change\\\/#primaryimage\"},\"thumbnailUrl\":\"https:\\\/\\\/blog.uantwerpen.be\\\/global-pen-friends\\\/wp-content\\\/uploads\\\/2023\\\/08\\\/19.png\",\"datePublished\":\"2023-07-26T12:36:08+00:00\",\"dateModified\":\"2023-09-01T20:04:59+00:00\",\"breadcrumb\":{\"@id\":\"https:\\\/\\\/blog.uantwerpen.be\\\/global-pen-friends\\\/education-as-a-lever-of-change\\\/#breadcrumb\"},\"inLanguage\":\"en-GB\",\"potentialAction\":[{\"@type\":\"ReadAction\",\"target\":[\"https:\\\/\\\/blog.uantwerpen.be\\\/global-pen-friends\\\/education-as-a-lever-of-change\\\/\"]}]},{\"@type\":\"ImageObject\",\"inLanguage\":\"en-GB\",\"@id\":\"https:\\\/\\\/blog.uantwerpen.be\\\/global-pen-friends\\\/education-as-a-lever-of-change\\\/#primaryimage\",\"url\":\"https:\\\/\\\/blog.uantwerpen.be\\\/global-pen-friends\\\/wp-content\\\/uploads\\\/2023\\\/08\\\/19.png\",\"contentUrl\":\"https:\\\/\\\/blog.uantwerpen.be\\\/global-pen-friends\\\/wp-content\\\/uploads\\\/2023\\\/08\\\/19.png\",\"width\":2000,\"height\":1200},{\"@type\":\"BreadcrumbList\",\"@id\":\"https:\\\/\\\/blog.uantwerpen.be\\\/global-pen-friends\\\/education-as-a-lever-of-change\\\/#breadcrumb\",\"itemListElement\":[{\"@type\":\"ListItem\",\"position\":1,\"name\":\"Home\",\"item\":\"https:\\\/\\\/blog.uantwerpen.be\\\/global-pen-friends\\\/\"},{\"@type\":\"ListItem\",\"position\":2,\"name\":\"Education as a lever of change\"}]},{\"@type\":\"WebSite\",\"@id\":\"https:\\\/\\\/blog.uantwerpen.be\\\/global-pen-friends\\\/#website\",\"url\":\"https:\\\/\\\/blog.uantwerpen.be\\\/global-pen-friends\\\/\",\"name\":\"USOS\",\"description\":\"Global Pen Friends\",\"publisher\":{\"@id\":\"https:\\\/\\\/blog.uantwerpen.be\\\/global-pen-friends\\\/#organization\"},\"potentialAction\":[{\"@type\":\"SearchAction\",\"target\":{\"@type\":\"EntryPoint\",\"urlTemplate\":\"https:\\\/\\\/blog.uantwerpen.be\\\/global-pen-friends\\\/?s={search_term_string}\"},\"query-input\":{\"@type\":\"PropertyValueSpecification\",\"valueRequired\":true,\"valueName\":\"search_term_string\"}}],\"inLanguage\":\"en-GB\"},{\"@type\":\"Organization\",\"@id\":\"https:\\\/\\\/blog.uantwerpen.be\\\/global-pen-friends\\\/#organization\",\"name\":\"USOS\",\"url\":\"https:\\\/\\\/blog.uantwerpen.be\\\/global-pen-friends\\\/\",\"logo\":{\"@type\":\"ImageObject\",\"inLanguage\":\"en-GB\",\"@id\":\"https:\\\/\\\/blog.uantwerpen.be\\\/global-pen-friends\\\/#\\\/schema\\\/logo\\\/image\\\/\",\"url\":\"https:\\\/\\\/blog.uantwerpen.be\\\/global-pen-friends\\\/wp-content\\\/uploads\\\/2021\\\/09\\\/cropped-usos-en-white.png\",\"contentUrl\":\"https:\\\/\\\/blog.uantwerpen.be\\\/global-pen-friends\\\/wp-content\\\/uploads\\\/2021\\\/09\\\/cropped-usos-en-white.png\",\"width\":725,\"height\":250,\"caption\":\"USOS \"},\"image\":{\"@id\":\"https:\\\/\\\/blog.uantwerpen.be\\\/global-pen-friends\\\/#\\\/schema\\\/logo\\\/image\\\/\"}},{\"@type\":\"Person\",\"@id\":\"https:\\\/\\\/blog.uantwerpen.be\\\/global-pen-friends\\\/#\\\/schema\\\/person\\\/82dea9368e2466c111f1e505ca751158\",\"name\":\"Balolage Gloire\",\"url\":\"https:\\\/\\\/blog.uantwerpen.be\\\/global-pen-friends\\\/author\\\/balolage-gloire\\\/\"}]}<\/script>\n<!-- \/ Yoast SEO plugin. -->","yoast_head_json":{"title":"Education as a lever of change - USOS","robots":{"index":"noindex","follow":"follow","max-snippet":"max-snippet:-1","max-image-preview":"max-image-preview:large","max-video-preview":"max-video-preview:-1"},"og_locale":"en_GB","og_type":"article","og_title":"Education as a lever of change - USOS","og_description":"An exchange between Balolage Gloire from DR Congo and Ma from Nicaragua. For security reasons, the name &hellip; \"Education as a lever of change\"","og_url":"https:\/\/blog.uantwerpen.be\/global-pen-friends\/education-as-a-lever-of-change\/","og_site_name":"USOS","article_published_time":"2023-07-26T12:36:08+00:00","article_modified_time":"2023-09-01T20:04:59+00:00","og_image":[{"width":2000,"height":1200,"url":"https:\/\/blog.uantwerpen.be\/global-pen-friends\/wp-content\/uploads\/2023\/08\/19.png","type":"image\/png"}],"author":"Balolage Gloire","twitter_card":"summary_large_image","twitter_misc":{"Written by":"Balolage Gloire","Estimated reading time":"17 minutes"},"schema":{"@context":"https:\/\/schema.org","@graph":[{"@type":"Article","@id":"https:\/\/blog.uantwerpen.be\/global-pen-friends\/education-as-a-lever-of-change\/#article","isPartOf":{"@id":"https:\/\/blog.uantwerpen.be\/global-pen-friends\/education-as-a-lever-of-change\/"},"author":{"name":"Balolage Gloire","@id":"https:\/\/blog.uantwerpen.be\/global-pen-friends\/#\/schema\/person\/82dea9368e2466c111f1e505ca751158"},"headline":"Education as a lever of change","datePublished":"2023-07-26T12:36:08+00:00","dateModified":"2023-09-01T20:04:59+00:00","mainEntityOfPage":{"@id":"https:\/\/blog.uantwerpen.be\/global-pen-friends\/education-as-a-lever-of-change\/"},"wordCount":4419,"publisher":{"@id":"https:\/\/blog.uantwerpen.be\/global-pen-friends\/#organization"},"image":{"@id":"https:\/\/blog.uantwerpen.be\/global-pen-friends\/education-as-a-lever-of-change\/#primaryimage"},"thumbnailUrl":"https:\/\/blog.uantwerpen.be\/global-pen-friends\/wp-content\/uploads\/2023\/08\/19.png","keywords":["Education"],"articleSection":["DR Congo","Nicaragua"],"inLanguage":"en-GB"},{"@type":"WebPage","@id":"https:\/\/blog.uantwerpen.be\/global-pen-friends\/education-as-a-lever-of-change\/","url":"https:\/\/blog.uantwerpen.be\/global-pen-friends\/education-as-a-lever-of-change\/","name":"Education as a lever of change - USOS","isPartOf":{"@id":"https:\/\/blog.uantwerpen.be\/global-pen-friends\/#website"},"primaryImageOfPage":{"@id":"https:\/\/blog.uantwerpen.be\/global-pen-friends\/education-as-a-lever-of-change\/#primaryimage"},"image":{"@id":"https:\/\/blog.uantwerpen.be\/global-pen-friends\/education-as-a-lever-of-change\/#primaryimage"},"thumbnailUrl":"https:\/\/blog.uantwerpen.be\/global-pen-friends\/wp-content\/uploads\/2023\/08\/19.png","datePublished":"2023-07-26T12:36:08+00:00","dateModified":"2023-09-01T20:04:59+00:00","breadcrumb":{"@id":"https:\/\/blog.uantwerpen.be\/global-pen-friends\/education-as-a-lever-of-change\/#breadcrumb"},"inLanguage":"en-GB","potentialAction":[{"@type":"ReadAction","target":["https:\/\/blog.uantwerpen.be\/global-pen-friends\/education-as-a-lever-of-change\/"]}]},{"@type":"ImageObject","inLanguage":"en-GB","@id":"https:\/\/blog.uantwerpen.be\/global-pen-friends\/education-as-a-lever-of-change\/#primaryimage","url":"https:\/\/blog.uantwerpen.be\/global-pen-friends\/wp-content\/uploads\/2023\/08\/19.png","contentUrl":"https:\/\/blog.uantwerpen.be\/global-pen-friends\/wp-content\/uploads\/2023\/08\/19.png","width":2000,"height":1200},{"@type":"BreadcrumbList","@id":"https:\/\/blog.uantwerpen.be\/global-pen-friends\/education-as-a-lever-of-change\/#breadcrumb","itemListElement":[{"@type":"ListItem","position":1,"name":"Home","item":"https:\/\/blog.uantwerpen.be\/global-pen-friends\/"},{"@type":"ListItem","position":2,"name":"Education as a lever of change"}]},{"@type":"WebSite","@id":"https:\/\/blog.uantwerpen.be\/global-pen-friends\/#website","url":"https:\/\/blog.uantwerpen.be\/global-pen-friends\/","name":"USOS","description":"Global Pen Friends","publisher":{"@id":"https:\/\/blog.uantwerpen.be\/global-pen-friends\/#organization"},"potentialAction":[{"@type":"SearchAction","target":{"@type":"EntryPoint","urlTemplate":"https:\/\/blog.uantwerpen.be\/global-pen-friends\/?s={search_term_string}"},"query-input":{"@type":"PropertyValueSpecification","valueRequired":true,"valueName":"search_term_string"}}],"inLanguage":"en-GB"},{"@type":"Organization","@id":"https:\/\/blog.uantwerpen.be\/global-pen-friends\/#organization","name":"USOS","url":"https:\/\/blog.uantwerpen.be\/global-pen-friends\/","logo":{"@type":"ImageObject","inLanguage":"en-GB","@id":"https:\/\/blog.uantwerpen.be\/global-pen-friends\/#\/schema\/logo\/image\/","url":"https:\/\/blog.uantwerpen.be\/global-pen-friends\/wp-content\/uploads\/2021\/09\/cropped-usos-en-white.png","contentUrl":"https:\/\/blog.uantwerpen.be\/global-pen-friends\/wp-content\/uploads\/2021\/09\/cropped-usos-en-white.png","width":725,"height":250,"caption":"USOS "},"image":{"@id":"https:\/\/blog.uantwerpen.be\/global-pen-friends\/#\/schema\/logo\/image\/"}},{"@type":"Person","@id":"https:\/\/blog.uantwerpen.be\/global-pen-friends\/#\/schema\/person\/82dea9368e2466c111f1e505ca751158","name":"Balolage Gloire","url":"https:\/\/blog.uantwerpen.be\/global-pen-friends\/author\/balolage-gloire\/"}]}},"jetpack_featured_media_url":"https:\/\/blog.uantwerpen.be\/global-pen-friends\/wp-content\/uploads\/2023\/08\/19.png","jetpack_sharing_enabled":true,"_links":{"self":[{"href":"https:\/\/blog.uantwerpen.be\/global-pen-friends\/wp-json\/wp\/v2\/posts\/1361","targetHints":{"allow":["GET"]}}],"collection":[{"href":"https:\/\/blog.uantwerpen.be\/global-pen-friends\/wp-json\/wp\/v2\/posts"}],"about":[{"href":"https:\/\/blog.uantwerpen.be\/global-pen-friends\/wp-json\/wp\/v2\/types\/post"}],"author":[{"embeddable":true,"href":"https:\/\/blog.uantwerpen.be\/global-pen-friends\/wp-json\/wp\/v2\/users\/95"}],"replies":[{"embeddable":true,"href":"https:\/\/blog.uantwerpen.be\/global-pen-friends\/wp-json\/wp\/v2\/comments?post=1361"}],"version-history":[{"count":5,"href":"https:\/\/blog.uantwerpen.be\/global-pen-friends\/wp-json\/wp\/v2\/posts\/1361\/revisions"}],"predecessor-version":[{"id":1616,"href":"https:\/\/blog.uantwerpen.be\/global-pen-friends\/wp-json\/wp\/v2\/posts\/1361\/revisions\/1616"}],"wp:featuredmedia":[{"embeddable":true,"href":"https:\/\/blog.uantwerpen.be\/global-pen-friends\/wp-json\/wp\/v2\/media\/1602"}],"wp:attachment":[{"href":"https:\/\/blog.uantwerpen.be\/global-pen-friends\/wp-json\/wp\/v2\/media?parent=1361"}],"wp:term":[{"taxonomy":"category","embeddable":true,"href":"https:\/\/blog.uantwerpen.be\/global-pen-friends\/wp-json\/wp\/v2\/categories?post=1361"},{"taxonomy":"post_tag","embeddable":true,"href":"https:\/\/blog.uantwerpen.be\/global-pen-friends\/wp-json\/wp\/v2\/tags?post=1361"},{"taxonomy":"author","embeddable":true,"href":"https:\/\/blog.uantwerpen.be\/global-pen-friends\/wp-json\/wp\/v2\/coauthors?post=1361"}],"curies":[{"name":"wp","href":"https:\/\/api.w.org\/{rel}","templated":true}]}}