{"id":1100,"date":"2022-10-14T18:55:51","date_gmt":"2022-10-14T18:55:51","guid":{"rendered":"https:\/\/blog.uantwerpen.be\/global-pen-friends\/?p=1100"},"modified":"2022-10-27T11:14:30","modified_gmt":"2022-10-27T11:14:30","slug":"global-warming-what-can-we-do","status":"publish","type":"post","link":"https:\/\/blog.uantwerpen.be\/global-pen-friends\/global-warming-what-can-we-do\/","title":{"rendered":"Global warming: what can we do?"},"content":{"rendered":"\n<figure class=\"wp-block-image size-large\"><img loading=\"lazy\" decoding=\"async\" width=\"1024\" height=\"570\" src=\"https:\/\/blog.uantwerpen.be\/global-pen-friends\/wp-content\/uploads\/2022\/10\/Ben-et-Rachel-1024x570.jpg\" alt=\"\" class=\"wp-image-1128\" srcset=\"https:\/\/blog.uantwerpen.be\/global-pen-friends\/wp-content\/uploads\/2022\/10\/Ben-et-Rachel-1024x570.jpg 1024w, https:\/\/blog.uantwerpen.be\/global-pen-friends\/wp-content\/uploads\/2022\/10\/Ben-et-Rachel-300x167.jpg 300w, https:\/\/blog.uantwerpen.be\/global-pen-friends\/wp-content\/uploads\/2022\/10\/Ben-et-Rachel-768x427.jpg 768w, https:\/\/blog.uantwerpen.be\/global-pen-friends\/wp-content\/uploads\/2022\/10\/Ben-et-Rachel-400x223.jpg 400w, https:\/\/blog.uantwerpen.be\/global-pen-friends\/wp-content\/uploads\/2022\/10\/Ben-et-Rachel.jpg 1136w\" sizes=\"auto, (max-width: 706px) 89vw, (max-width: 767px) 82vw, 740px\" \/><\/figure>\n\n\n\n<figure class=\"wp-block-image size-full\"><img loading=\"lazy\" decoding=\"async\" width=\"602\" height=\"173\" src=\"https:\/\/blog.uantwerpen.be\/global-pen-friends\/wp-content\/uploads\/2022\/10\/mardrc.png\" alt=\"\" class=\"wp-image-1130\" srcset=\"https:\/\/blog.uantwerpen.be\/global-pen-friends\/wp-content\/uploads\/2022\/10\/mardrc.png 602w, https:\/\/blog.uantwerpen.be\/global-pen-friends\/wp-content\/uploads\/2022\/10\/mardrc-300x86.png 300w, https:\/\/blog.uantwerpen.be\/global-pen-friends\/wp-content\/uploads\/2022\/10\/mardrc-400x115.png 400w\" sizes=\"auto, (max-width: 602px) 100vw, 602px\" \/><\/figure>\n\n\n\n<p class=\"has-luminous-vivid-amber-background-color has-background\">Correspondence between&nbsp;<strong>Ben Ahmed Nabil<\/strong>&nbsp;(Gestion et M\u00e9diation Sociale, Universit\u00e9 Mohamed Premier \u2013 Oujda) and&nbsp;<strong>BAHIGE KOKO Rachel<\/strong> (Environnement, Universit\u00e9 Catholique de Bukavu)<\/p>\n\n\n\n<h2 class=\"wp-block-heading\">Ch\u00e8re Rachel Bahige<\/h2>\n\n\n\n<p>J\u2019esp\u00e8re que vous allez bien ainsi que votre famille,&nbsp;Je voudrais vous parler dans cette lettre sur le &nbsp;changement climatique&nbsp;sur notre plan\u00e8te.<\/p>\n\n\n\n<p>Selon l\u2019Organisation mondiale de la sant\u00e9, le \u00ab changement climatique repr\u00e9sente la plus grande menace pour la sant\u00e9 dans le monde au XXIe si\u00e8cle \u00bb, et l\u2019appel \u00e0 l\u2019action fait valoir que bon nombre des politiques qui nous rapprochent de nos objectifs sur le plan du climat procurent des avantages d\u00e9montrables et significatifs pour la sant\u00e9. C\u2019est une bonne nouvelle.<\/p>\n\n\n\n<p>Un peu partout dans le monde, on ne cesse de cr\u00e9er, fabriquer et consommer, sans penser \u00e0 ce que nos actes laissent comme cicatrices sur notre plan\u00e8te bleue. Le gaz \u00e0 effet de serre se propage, les milliardaires se vantent de leurs voitures qui co\u00fbtent une fortune, sans savoir que le gaz qui s&#8217;en \u00e9chappe provoque lui aussi des d\u00e9g\u00e2ts colossaux.<br>Mais la responsabilit\u00e9 ne leur revient pas enti\u00e8rement, chaque \u00eatre humain en a sa part. En nous taisant, en laissant passer la chance de nous faire entendre, nous contribuons indirectement \u00e0 la multiplication et \u00e0 l&#8217;augmentation de ces probl\u00e8mes-l\u00e0<\/p>\n\n\n\n<p>Est-il encore possible de limiter le&nbsp;r\u00e9chauffement climatique&nbsp;\u00e0 1,5&nbsp;\u00b0C au-dessus des moyennes pr\u00e9industrielles\u2009? Un certain nombre de pessimistes seront tent\u00e9s de r\u00e9pondre non. La plupart des scientifiques aussi. Sauf, comme le rappelait le dernier volet du 6<sup>e<\/sup>&nbsp;rapport du Groupe d&#8217;experts intergouvernemental sur l&#8217;\u00e9volution du climat (Giec) publi\u00e9 en d\u00e9but de mois, \u00e0 consentir avant les trois prochaines ann\u00e9es, et pour plusieurs d\u00e9cennies ensuite, des r\u00e9ductions drastiques de nos&nbsp;\u00e9missions&nbsp;de&nbsp;gaz \u00e0 effet de serre&nbsp;(GES). De l&#8217;ordre de 37&nbsp;% d&#8217;ici 2030&nbsp;par rapport aux niveaux de 2010\u2009!<\/p>\n\n\n\n<p>Malheureusement, pour une action sur le climat, nous ratons de belles occasions sur le plan de la sant\u00e9.<\/p>\n\n\n\n<p>Nos gouvernements doivent investir dans des solutions et &nbsp;dans les causes du changement climatique. C\u2019est essentiel, comme l\u2019indique clairement le Rapport sp\u00e9cial du Groupe d\u2019experts intergouvernemental sur l\u2019\u00e9volution du climat (GIEC) sur les cons\u00e9quences d\u2019un r\u00e9chauffement plan\u00e9taire.<\/p>\n\n\n\n<p>Ce monde promis \u00e0&nbsp;seulement&nbsp;un demi-degr\u00e9 de r\u00e9chauffement de plus&nbsp;reste caract\u00e9ris\u00e9 par les scientifiques comme profond\u00e9ment perturb\u00e9, avec des temp\u00eates plus violentes, un niveau de la mer plus \u00e9lev\u00e9, des extinctions dans les r\u00e8gnes animal et v\u00e9g\u00e9tal, la probable disparition des coraux, la&nbsp;fonte&nbsp;des glaces et des populations mourant de chaud ou de maladies li\u00e9es \u00e0 la pollution atmosph\u00e9rique.<\/p>\n\n\n\n<p>Selon le Groupe d&#8217;experts intergouvernemental sur l&#8217;\u00e9volution du climat, il faut que les \u00e9missions de gaz \u00e0 effet de serre &#8220;plafonnent avant 2025 au plus tard&#8221; pour limiter le r\u00e9chauffement climatique \u00e0 1,5 \u00b0C, comme le pr\u00e9voit l&#8217;accord de Paris.<\/p>\n\n\n\n<p>C&#8217;est une phrase qui n&#8217;est pas pass\u00e9e inaper\u00e7ue. Dans leur nouveau rapport, rendu public lundi 4 avril, les scientifiques du Groupe d&#8217;experts intergouvernemental sur l&#8217;\u00e9volution du climat (Giec) pr\u00e9viennent qu&#8217;il faut agir avant 2025 pour limiter le r\u00e9chauffement climatique et conserver un monde vivable.&nbsp;<em>&#8220;Dans les sc\u00e9narios que nous avons \u00e9valu\u00e9s, limiter le r\u00e9chauffement \u00e0 1,5&nbsp;\u00b0C n\u00e9cessite que les \u00e9missions de gaz \u00e0 effet de serre plafonnent avant 2025 au plus tard&#8221;<\/em>, \u00e9crivent-ils dans le communiqu\u00e9 de presse qui accompagne le rapport.<\/p>\n\n\n\n<p>Ce chiffre de 1,5&nbsp;\u00b0C correspond \u00e0 l&#8217;objectif le plus ambitieux de l&#8217;accord de Paris sur le climat. Sign\u00e9 en 2015, ce trait\u00e9 engage ses signataires \u00e0 contenir&nbsp;<em>&#8220;l&#8217;\u00e9l\u00e9vation de la temp\u00e9rature moyenne de la plan\u00e8te nettement en dessous de 2&nbsp;\u00b0C par rapport aux niveaux pr\u00e9industriels et en poursuivant l&#8217;action men\u00e9e pour limiter l&#8217;\u00e9l\u00e9vation de la temp\u00e9rature \u00e0 1,5&nbsp;\u00b0C&#8221;<\/em>. Cet objectif n&#8217;est pas choisi au hasard&nbsp;: comme l&#8217;a montr\u00e9 un pr\u00e9c\u00e9dent rapport du m\u00eame Giec, les d\u00e9g\u00e2ts provoqu\u00e9s par le r\u00e9chauffement &#8211; vagues de chaleur, mont\u00e9e du niveau de la mer, \u00e9v\u00e9nements extr\u00eames &#8211; sont moindres s&#8217;il est limit\u00e9 \u00e0 1,5&nbsp;\u00b0C. Pour certaines r\u00e9gions du monde, l&#8217;enjeu est crucial&nbsp;:&nbsp;<em>&#8220;la diff\u00e9rence entre 1,5 et 2&nbsp;\u00b0C est la mort pour nous&#8221;<\/em>, avait d\u00e9clar\u00e9 lors de la COP 26 la ministre de l&#8217;Environnement des Maldives, Shauna Aminath.<\/p>\n\n\n\n<p>La lutte au quotidien contre le r\u00e9chauffement climatique ne peut s&#8217;accomplir qu&#8217;avec l&#8217;aide de chacun au travers de petits gestes quotidiens aussi divers&nbsp;qu &#8216;indispensables. Ainsi, il nous faut changer nos habitudes et nous devons abandonner un mode de vie trop \u00e9nergivore pour un mode de vie plus respectueux&nbsp;envers l&#8217;environnement. Cela passe notamment par des \u00e9conomies d&#8217;\u00e9nergie, par le d\u00e9veloppement du recyclage, l&#8217;utilisation d&#8217;\u00e9nergies propres, une&nbsp;meilleure isolation des logements, une meilleure utilisation de l&#8217;eau&#8230; mais aussi par une multitude de pratiques qui font qu&#8217;ensemble, il n&#8217;y a pas de petits&nbsp;gestes pour la plan\u00e8te.<\/p>\n\n\n\n<p>J\u2019esp\u00e8re, ch\u00e8re amie, qu\u2019avec cette lettre, je satisfais consid\u00e9rablement tes attentes et ajoute quelque chose pour la lutte contre cette menace pour la sant\u00e9 dans le monde.<\/p>\n\n\n\n<p>Veuillez recevoir, ch\u00e8re amie, mes salutations respectueuses.<\/p>\n\n\n\n<p>Ben Ahmed Nabil<\/p>\n\n\n\n<p>17-avril-2022, Oujda<\/p>\n\n\n\n<h2 class=\"wp-block-heading\">Cher Ben Ahmed,<\/h2>\n\n\n\n<p>J\u2019esp\u00e8re que tu vas bien et que cette lettre te trouve en bonne sant\u00e9. Je tiens \u00e0 te pr\u00e9senter mes excuses, ainsi qu\u2019\u00e0 toute l\u2019\u00e9quipe, vu que je n\u2019ai pas envoy\u00e9 ma lettre le 1<sup>er<\/sup> avril, date pr\u00e9vue pour le faire, mais malheureusement j\u2019ai \u00e9t\u00e9 frein\u00e9 pour des raisons de sant\u00e9.&nbsp;<\/p>\n\n\n\n<p>Je viens attentivement de lire ta lettre et je te remercie pour ce suppl\u00e9ment apport\u00e9 \u00e0 ma connaissance sur le changement climatique. Je suis vraiment ravie d\u2019y r\u00e9pondre et je vais essayer d\u2019y faire un ajout.<\/p>\n\n\n\n<p>De nos jours, dans le monde, le changement climatique fait l\u2019objet de plusieurs m\u00e9dias et constitue une inqui\u00e9tude pour un bon nombre d\u2019habitants de la plan\u00e8te car nous conduit droit dans la d\u00e9t\u00e9rioration de cette derni\u00e8re.<\/p>\n\n\n\n<p>Bien \u00e9videmment, le changement climatique n\u2019est pas un ph\u00e9nom\u00e8ne naturel mais au contraire artificiel et d\u00fb aux activit\u00e9s humaines. Il est g\u00e9n\u00e9ralement d\u00fb aux \u00e9missions des gaz \u00e0 effet de serre entre autre le dioxyde de carbone et le m\u00e9thane. Les productions industrielles et la d\u00e9forestation s\u2019accentuent de plus en plus. Il&nbsp; a un impact n\u00e9gatif sur la vie humaine, animale et v\u00e9g\u00e9tale. Selon l\u2019Organisation Mondiale de la Sant\u00e9, le changement climatique est responsable d\u2019au moins 150 000 d\u00e9c\u00e8s par an, chiffre qui devrait doubler d\u2019ici \u00e0 2030. Cependant, il serait mieux d\u2019envisager quelques pistes de solution pour r\u00e9duire les risques li\u00e9s au changement climatique.<\/p>\n\n\n\n<p>Le changement climatique menace les personnes d\u2019ins\u00e9curit\u00e9 alimentaire, de p\u00e9nurie d\u2019eau, d\u2019inondations, de maladies infectieuses, de chaleur extr\u00eame, de pertes \u00e9conomiques et de d\u00e9placements. D\u2019autres cons\u00e9quences li\u00e9es au changement climatique seraient la perte de la biodiversit\u00e9 en raison de la capacit\u00e9 et de la vitesse d\u2019adaptation limit\u00e9es de la faune et de la flore&nbsp;; l\u2019acidification des oc\u00e9ans due aux concentrations de HCO<sub>3 <\/sub>\u00e9lev\u00e9es dans l\u2019eau en raison de la hausse des concentrations de CO<sub>2<\/sub>.&nbsp;<\/p>\n\n\n\n<p>Comme tu l\u2019as demand\u00e9 dans ta lettre, je vais essayer de donner quelques pistes de solution pour lutter contre les menaces li\u00e9es aux changements climatiques pour la sant\u00e9 dans le monde&nbsp;:<\/p>\n\n\n\n<p>Modifier les habitudes alimentaires en consommant beaucoup plus des fruits et des l\u00e9gumes et en r\u00e9duisant la consommation de viandes&nbsp;; Lutter contre la d\u00e9forestation car la pr\u00e9servation des for\u00eats limite les \u00e9missions anthropiques des gaz \u00e0 effet de serre&nbsp;; Pr\u00e9server les oc\u00e9ans en achetant par exemple les produits m\u00e9nagers respectueux de l\u2019environnement afin d\u2019\u00e9viter de d\u00e9verser des produits chimiques polluants dans les oc\u00e9ans&nbsp;; Utiliser l\u2019\u00e9nergie issue des ressources renouvelables&nbsp;; Trier les d\u00e9chets&nbsp;; Utiliser le transport en commun et les v\u00e9hicules \u00e9lectriques pour r\u00e9duire les \u00e9missions des gaz \u00e0 effet de serre&nbsp;; Et enfin, s\u2019appuyer sur le principe des 3 R&nbsp;: R\u00e9duction, R\u00e9utilisation et Recyclage des d\u00e9chets.<\/p>\n\n\n\n<p>Sous ces quelques mots, je pense que je r\u00e9ponds \u00e0 tes attentes dans cette lettre et je serai contente de continuer \u00e0 \u00e9changer avec toi sur cette question du changement climatique.<\/p>\n\n\n\n<p>BAHIGE KOKO Rachel<\/p>\n\n\n\n<p>Bukavu, le 18 avril 2022<\/p>\n","protected":false},"excerpt":{"rendered":"<p>Correspondence between&nbsp;Ben Ahmed Nabil&nbsp;(Gestion et M\u00e9diation Sociale, Universit\u00e9 Mohamed Premier \u2013 Oujda) and&nbsp;BAHIGE KOKO Rachel (Environnement, Universit\u00e9 &hellip; <\/p>\n<p class=\"link-more\"><a href=\"https:\/\/blog.uantwerpen.be\/global-pen-friends\/global-warming-what-can-we-do\/\" class=\"more-link\"><span class=\"screen-reader-text\"> &#8220;Global warming: what can we do?&#8221;<\/span><\/a><\/p>\n","protected":false},"author":63,"featured_media":1128,"comment_status":"closed","ping_status":"open","sticky":false,"template":"","format":"standard","meta":{"_acf_changed":false,"_jetpack_memberships_contains_paid_content":false,"footnotes":""},"categories":[67,69],"tags":[146],"coauthors":[152,156],"class_list":["post-1100","post","type-post","status-publish","format-standard","has-post-thumbnail","hentry","category-dr-congo","category-morocco","tag-climate-change"],"acf":[],"yoast_head":"<!-- This site is optimized with the Yoast SEO plugin v27.4 - https:\/\/yoast.com\/product\/yoast-seo-wordpress\/ -->\n<title>Global warming: what can we do? - USOS<\/title>\n<meta name=\"robots\" content=\"noindex, follow, max-snippet:-1, max-image-preview:large, max-video-preview:-1\" \/>\n<meta property=\"og:locale\" content=\"en_GB\" \/>\n<meta property=\"og:type\" content=\"article\" \/>\n<meta property=\"og:title\" content=\"Global warming: what can we do? - USOS\" \/>\n<meta property=\"og:description\" content=\"Correspondence between&nbsp;Ben Ahmed Nabil&nbsp;(Gestion et M\u00e9diation Sociale, Universit\u00e9 Mohamed Premier \u2013 Oujda) and&nbsp;BAHIGE KOKO Rachel (Environnement, Universit\u00e9 &hellip; &quot;Global warming: what can we do?&quot;\" \/>\n<meta property=\"og:url\" content=\"https:\/\/blog.uantwerpen.be\/global-pen-friends\/global-warming-what-can-we-do\/\" \/>\n<meta property=\"og:site_name\" content=\"USOS\" \/>\n<meta property=\"article:published_time\" content=\"2022-10-14T18:55:51+00:00\" \/>\n<meta property=\"article:modified_time\" content=\"2022-10-27T11:14:30+00:00\" \/>\n<meta property=\"og:image\" content=\"https:\/\/blog.uantwerpen.be\/global-pen-friends\/wp-content\/uploads\/2022\/10\/Ben-et-Rachel.jpg\" \/>\n\t<meta property=\"og:image:width\" content=\"1136\" \/>\n\t<meta property=\"og:image:height\" content=\"632\" \/>\n\t<meta property=\"og:image:type\" content=\"image\/jpeg\" \/>\n<meta name=\"author\" content=\"Ben ahmed nabil, Rachel Bahige\" \/>\n<meta name=\"twitter:card\" content=\"summary_large_image\" \/>\n<meta name=\"twitter:label1\" content=\"Written by\" \/>\n\t<meta name=\"twitter:data1\" content=\"Ben ahmed nabil, Rachel Bahige\" \/>\n\t<meta name=\"twitter:label2\" content=\"Estimated reading time\" \/>\n\t<meta name=\"twitter:data2\" content=\"7 minutes\" \/>\n<script type=\"application\/ld+json\" class=\"yoast-schema-graph\">{\"@context\":\"https:\\\/\\\/schema.org\",\"@graph\":[{\"@type\":\"Article\",\"@id\":\"https:\\\/\\\/blog.uantwerpen.be\\\/global-pen-friends\\\/global-warming-what-can-we-do\\\/#article\",\"isPartOf\":{\"@id\":\"https:\\\/\\\/blog.uantwerpen.be\\\/global-pen-friends\\\/global-warming-what-can-we-do\\\/\"},\"author\":{\"name\":\"Ben ahmed nabil\",\"@id\":\"https:\\\/\\\/blog.uantwerpen.be\\\/global-pen-friends\\\/#\\\/schema\\\/person\\\/527aaeb8ee72c97271be91e000ff9c1e\"},\"headline\":\"Global warming: what can we do?\",\"datePublished\":\"2022-10-14T18:55:51+00:00\",\"dateModified\":\"2022-10-27T11:14:30+00:00\",\"mainEntityOfPage\":{\"@id\":\"https:\\\/\\\/blog.uantwerpen.be\\\/global-pen-friends\\\/global-warming-what-can-we-do\\\/\"},\"wordCount\":1493,\"publisher\":{\"@id\":\"https:\\\/\\\/blog.uantwerpen.be\\\/global-pen-friends\\\/#organization\"},\"image\":{\"@id\":\"https:\\\/\\\/blog.uantwerpen.be\\\/global-pen-friends\\\/global-warming-what-can-we-do\\\/#primaryimage\"},\"thumbnailUrl\":\"https:\\\/\\\/blog.uantwerpen.be\\\/global-pen-friends\\\/wp-content\\\/uploads\\\/2022\\\/10\\\/Ben-et-Rachel.jpg\",\"keywords\":[\"climate change\"],\"articleSection\":[\"DR Congo\",\"Morocco\"],\"inLanguage\":\"en-GB\"},{\"@type\":\"WebPage\",\"@id\":\"https:\\\/\\\/blog.uantwerpen.be\\\/global-pen-friends\\\/global-warming-what-can-we-do\\\/\",\"url\":\"https:\\\/\\\/blog.uantwerpen.be\\\/global-pen-friends\\\/global-warming-what-can-we-do\\\/\",\"name\":\"Global warming: what can we do? - USOS\",\"isPartOf\":{\"@id\":\"https:\\\/\\\/blog.uantwerpen.be\\\/global-pen-friends\\\/#website\"},\"primaryImageOfPage\":{\"@id\":\"https:\\\/\\\/blog.uantwerpen.be\\\/global-pen-friends\\\/global-warming-what-can-we-do\\\/#primaryimage\"},\"image\":{\"@id\":\"https:\\\/\\\/blog.uantwerpen.be\\\/global-pen-friends\\\/global-warming-what-can-we-do\\\/#primaryimage\"},\"thumbnailUrl\":\"https:\\\/\\\/blog.uantwerpen.be\\\/global-pen-friends\\\/wp-content\\\/uploads\\\/2022\\\/10\\\/Ben-et-Rachel.jpg\",\"datePublished\":\"2022-10-14T18:55:51+00:00\",\"dateModified\":\"2022-10-27T11:14:30+00:00\",\"breadcrumb\":{\"@id\":\"https:\\\/\\\/blog.uantwerpen.be\\\/global-pen-friends\\\/global-warming-what-can-we-do\\\/#breadcrumb\"},\"inLanguage\":\"en-GB\",\"potentialAction\":[{\"@type\":\"ReadAction\",\"target\":[\"https:\\\/\\\/blog.uantwerpen.be\\\/global-pen-friends\\\/global-warming-what-can-we-do\\\/\"]}]},{\"@type\":\"ImageObject\",\"inLanguage\":\"en-GB\",\"@id\":\"https:\\\/\\\/blog.uantwerpen.be\\\/global-pen-friends\\\/global-warming-what-can-we-do\\\/#primaryimage\",\"url\":\"https:\\\/\\\/blog.uantwerpen.be\\\/global-pen-friends\\\/wp-content\\\/uploads\\\/2022\\\/10\\\/Ben-et-Rachel.jpg\",\"contentUrl\":\"https:\\\/\\\/blog.uantwerpen.be\\\/global-pen-friends\\\/wp-content\\\/uploads\\\/2022\\\/10\\\/Ben-et-Rachel.jpg\",\"width\":1136,\"height\":632},{\"@type\":\"BreadcrumbList\",\"@id\":\"https:\\\/\\\/blog.uantwerpen.be\\\/global-pen-friends\\\/global-warming-what-can-we-do\\\/#breadcrumb\",\"itemListElement\":[{\"@type\":\"ListItem\",\"position\":1,\"name\":\"Home\",\"item\":\"https:\\\/\\\/blog.uantwerpen.be\\\/global-pen-friends\\\/\"},{\"@type\":\"ListItem\",\"position\":2,\"name\":\"Global warming: what can we do?\"}]},{\"@type\":\"WebSite\",\"@id\":\"https:\\\/\\\/blog.uantwerpen.be\\\/global-pen-friends\\\/#website\",\"url\":\"https:\\\/\\\/blog.uantwerpen.be\\\/global-pen-friends\\\/\",\"name\":\"USOS\",\"description\":\"Global Pen Friends\",\"publisher\":{\"@id\":\"https:\\\/\\\/blog.uantwerpen.be\\\/global-pen-friends\\\/#organization\"},\"potentialAction\":[{\"@type\":\"SearchAction\",\"target\":{\"@type\":\"EntryPoint\",\"urlTemplate\":\"https:\\\/\\\/blog.uantwerpen.be\\\/global-pen-friends\\\/?s={search_term_string}\"},\"query-input\":{\"@type\":\"PropertyValueSpecification\",\"valueRequired\":true,\"valueName\":\"search_term_string\"}}],\"inLanguage\":\"en-GB\"},{\"@type\":\"Organization\",\"@id\":\"https:\\\/\\\/blog.uantwerpen.be\\\/global-pen-friends\\\/#organization\",\"name\":\"USOS\",\"url\":\"https:\\\/\\\/blog.uantwerpen.be\\\/global-pen-friends\\\/\",\"logo\":{\"@type\":\"ImageObject\",\"inLanguage\":\"en-GB\",\"@id\":\"https:\\\/\\\/blog.uantwerpen.be\\\/global-pen-friends\\\/#\\\/schema\\\/logo\\\/image\\\/\",\"url\":\"https:\\\/\\\/blog.uantwerpen.be\\\/global-pen-friends\\\/wp-content\\\/uploads\\\/2021\\\/09\\\/cropped-usos-en-white.png\",\"contentUrl\":\"https:\\\/\\\/blog.uantwerpen.be\\\/global-pen-friends\\\/wp-content\\\/uploads\\\/2021\\\/09\\\/cropped-usos-en-white.png\",\"width\":725,\"height\":250,\"caption\":\"USOS \"},\"image\":{\"@id\":\"https:\\\/\\\/blog.uantwerpen.be\\\/global-pen-friends\\\/#\\\/schema\\\/logo\\\/image\\\/\"}},{\"@type\":\"Person\",\"@id\":\"https:\\\/\\\/blog.uantwerpen.be\\\/global-pen-friends\\\/#\\\/schema\\\/person\\\/527aaeb8ee72c97271be91e000ff9c1e\",\"name\":\"Ben ahmed nabil\",\"url\":\"https:\\\/\\\/blog.uantwerpen.be\\\/global-pen-friends\\\/author\\\/ben-ahmed-nabil\\\/\"}]}<\/script>\n<!-- \/ Yoast SEO plugin. -->","yoast_head_json":{"title":"Global warming: what can we do? - USOS","robots":{"index":"noindex","follow":"follow","max-snippet":"max-snippet:-1","max-image-preview":"max-image-preview:large","max-video-preview":"max-video-preview:-1"},"og_locale":"en_GB","og_type":"article","og_title":"Global warming: what can we do? - USOS","og_description":"Correspondence between&nbsp;Ben Ahmed Nabil&nbsp;(Gestion et M\u00e9diation Sociale, Universit\u00e9 Mohamed Premier \u2013 Oujda) and&nbsp;BAHIGE KOKO Rachel (Environnement, Universit\u00e9 &hellip; \"Global warming: what can we do?\"","og_url":"https:\/\/blog.uantwerpen.be\/global-pen-friends\/global-warming-what-can-we-do\/","og_site_name":"USOS","article_published_time":"2022-10-14T18:55:51+00:00","article_modified_time":"2022-10-27T11:14:30+00:00","og_image":[{"width":1136,"height":632,"url":"https:\/\/blog.uantwerpen.be\/global-pen-friends\/wp-content\/uploads\/2022\/10\/Ben-et-Rachel.jpg","type":"image\/jpeg"}],"author":"Ben ahmed nabil, Rachel Bahige","twitter_card":"summary_large_image","twitter_misc":{"Written by":"Ben ahmed nabil, Rachel Bahige","Estimated reading time":"7 minutes"},"schema":{"@context":"https:\/\/schema.org","@graph":[{"@type":"Article","@id":"https:\/\/blog.uantwerpen.be\/global-pen-friends\/global-warming-what-can-we-do\/#article","isPartOf":{"@id":"https:\/\/blog.uantwerpen.be\/global-pen-friends\/global-warming-what-can-we-do\/"},"author":{"name":"Ben ahmed nabil","@id":"https:\/\/blog.uantwerpen.be\/global-pen-friends\/#\/schema\/person\/527aaeb8ee72c97271be91e000ff9c1e"},"headline":"Global warming: what can we do?","datePublished":"2022-10-14T18:55:51+00:00","dateModified":"2022-10-27T11:14:30+00:00","mainEntityOfPage":{"@id":"https:\/\/blog.uantwerpen.be\/global-pen-friends\/global-warming-what-can-we-do\/"},"wordCount":1493,"publisher":{"@id":"https:\/\/blog.uantwerpen.be\/global-pen-friends\/#organization"},"image":{"@id":"https:\/\/blog.uantwerpen.be\/global-pen-friends\/global-warming-what-can-we-do\/#primaryimage"},"thumbnailUrl":"https:\/\/blog.uantwerpen.be\/global-pen-friends\/wp-content\/uploads\/2022\/10\/Ben-et-Rachel.jpg","keywords":["climate change"],"articleSection":["DR Congo","Morocco"],"inLanguage":"en-GB"},{"@type":"WebPage","@id":"https:\/\/blog.uantwerpen.be\/global-pen-friends\/global-warming-what-can-we-do\/","url":"https:\/\/blog.uantwerpen.be\/global-pen-friends\/global-warming-what-can-we-do\/","name":"Global warming: what can we do? - USOS","isPartOf":{"@id":"https:\/\/blog.uantwerpen.be\/global-pen-friends\/#website"},"primaryImageOfPage":{"@id":"https:\/\/blog.uantwerpen.be\/global-pen-friends\/global-warming-what-can-we-do\/#primaryimage"},"image":{"@id":"https:\/\/blog.uantwerpen.be\/global-pen-friends\/global-warming-what-can-we-do\/#primaryimage"},"thumbnailUrl":"https:\/\/blog.uantwerpen.be\/global-pen-friends\/wp-content\/uploads\/2022\/10\/Ben-et-Rachel.jpg","datePublished":"2022-10-14T18:55:51+00:00","dateModified":"2022-10-27T11:14:30+00:00","breadcrumb":{"@id":"https:\/\/blog.uantwerpen.be\/global-pen-friends\/global-warming-what-can-we-do\/#breadcrumb"},"inLanguage":"en-GB","potentialAction":[{"@type":"ReadAction","target":["https:\/\/blog.uantwerpen.be\/global-pen-friends\/global-warming-what-can-we-do\/"]}]},{"@type":"ImageObject","inLanguage":"en-GB","@id":"https:\/\/blog.uantwerpen.be\/global-pen-friends\/global-warming-what-can-we-do\/#primaryimage","url":"https:\/\/blog.uantwerpen.be\/global-pen-friends\/wp-content\/uploads\/2022\/10\/Ben-et-Rachel.jpg","contentUrl":"https:\/\/blog.uantwerpen.be\/global-pen-friends\/wp-content\/uploads\/2022\/10\/Ben-et-Rachel.jpg","width":1136,"height":632},{"@type":"BreadcrumbList","@id":"https:\/\/blog.uantwerpen.be\/global-pen-friends\/global-warming-what-can-we-do\/#breadcrumb","itemListElement":[{"@type":"ListItem","position":1,"name":"Home","item":"https:\/\/blog.uantwerpen.be\/global-pen-friends\/"},{"@type":"ListItem","position":2,"name":"Global warming: what can we do?"}]},{"@type":"WebSite","@id":"https:\/\/blog.uantwerpen.be\/global-pen-friends\/#website","url":"https:\/\/blog.uantwerpen.be\/global-pen-friends\/","name":"USOS","description":"Global Pen Friends","publisher":{"@id":"https:\/\/blog.uantwerpen.be\/global-pen-friends\/#organization"},"potentialAction":[{"@type":"SearchAction","target":{"@type":"EntryPoint","urlTemplate":"https:\/\/blog.uantwerpen.be\/global-pen-friends\/?s={search_term_string}"},"query-input":{"@type":"PropertyValueSpecification","valueRequired":true,"valueName":"search_term_string"}}],"inLanguage":"en-GB"},{"@type":"Organization","@id":"https:\/\/blog.uantwerpen.be\/global-pen-friends\/#organization","name":"USOS","url":"https:\/\/blog.uantwerpen.be\/global-pen-friends\/","logo":{"@type":"ImageObject","inLanguage":"en-GB","@id":"https:\/\/blog.uantwerpen.be\/global-pen-friends\/#\/schema\/logo\/image\/","url":"https:\/\/blog.uantwerpen.be\/global-pen-friends\/wp-content\/uploads\/2021\/09\/cropped-usos-en-white.png","contentUrl":"https:\/\/blog.uantwerpen.be\/global-pen-friends\/wp-content\/uploads\/2021\/09\/cropped-usos-en-white.png","width":725,"height":250,"caption":"USOS "},"image":{"@id":"https:\/\/blog.uantwerpen.be\/global-pen-friends\/#\/schema\/logo\/image\/"}},{"@type":"Person","@id":"https:\/\/blog.uantwerpen.be\/global-pen-friends\/#\/schema\/person\/527aaeb8ee72c97271be91e000ff9c1e","name":"Ben ahmed nabil","url":"https:\/\/blog.uantwerpen.be\/global-pen-friends\/author\/ben-ahmed-nabil\/"}]}},"jetpack_featured_media_url":"https:\/\/blog.uantwerpen.be\/global-pen-friends\/wp-content\/uploads\/2022\/10\/Ben-et-Rachel.jpg","jetpack_sharing_enabled":true,"_links":{"self":[{"href":"https:\/\/blog.uantwerpen.be\/global-pen-friends\/wp-json\/wp\/v2\/posts\/1100","targetHints":{"allow":["GET"]}}],"collection":[{"href":"https:\/\/blog.uantwerpen.be\/global-pen-friends\/wp-json\/wp\/v2\/posts"}],"about":[{"href":"https:\/\/blog.uantwerpen.be\/global-pen-friends\/wp-json\/wp\/v2\/types\/post"}],"author":[{"embeddable":true,"href":"https:\/\/blog.uantwerpen.be\/global-pen-friends\/wp-json\/wp\/v2\/users\/63"}],"replies":[{"embeddable":true,"href":"https:\/\/blog.uantwerpen.be\/global-pen-friends\/wp-json\/wp\/v2\/comments?post=1100"}],"version-history":[{"count":3,"href":"https:\/\/blog.uantwerpen.be\/global-pen-friends\/wp-json\/wp\/v2\/posts\/1100\/revisions"}],"predecessor-version":[{"id":1132,"href":"https:\/\/blog.uantwerpen.be\/global-pen-friends\/wp-json\/wp\/v2\/posts\/1100\/revisions\/1132"}],"wp:featuredmedia":[{"embeddable":true,"href":"https:\/\/blog.uantwerpen.be\/global-pen-friends\/wp-json\/wp\/v2\/media\/1128"}],"wp:attachment":[{"href":"https:\/\/blog.uantwerpen.be\/global-pen-friends\/wp-json\/wp\/v2\/media?parent=1100"}],"wp:term":[{"taxonomy":"category","embeddable":true,"href":"https:\/\/blog.uantwerpen.be\/global-pen-friends\/wp-json\/wp\/v2\/categories?post=1100"},{"taxonomy":"post_tag","embeddable":true,"href":"https:\/\/blog.uantwerpen.be\/global-pen-friends\/wp-json\/wp\/v2\/tags?post=1100"},{"taxonomy":"author","embeddable":true,"href":"https:\/\/blog.uantwerpen.be\/global-pen-friends\/wp-json\/wp\/v2\/coauthors?post=1100"}],"curies":[{"name":"wp","href":"https:\/\/api.w.org\/{rel}","templated":true}]}}