{"id":3209,"date":"2021-07-15T10:13:00","date_gmt":"2021-07-15T10:13:00","guid":{"rendered":"https:\/\/blog.uantwerpen.be\/corona\/?p=3209"},"modified":"2021-07-15T11:20:10","modified_gmt":"2021-07-15T11:20:10","slug":"crisisbeheer-naar-een-hoger-niveau-tillen","status":"publish","type":"post","link":"https:\/\/blog.uantwerpen.be\/corona\/crisisbeheer-naar-een-hoger-niveau-tillen\/","title":{"rendered":"Momentum aangrijpen om crisisbeheer naar een hoger niveau te tillen"},"content":{"rendered":"\n<p><strong>Op dinsdag 13 juli 2021 werd het eindrapport van de bijzondere Kamercommissie Aanpak COVID-19 in het federale parlement afgerond. Die Kamercommissie had tot doel om de manier waarop politiek Belgi\u00eb de COVID-19-epidemie trachtte te beheersen te onderzoeken. Als externe experten was het onze taak om uit de vele hoorzittingen en honderden documenten vaststellingen en analyses te distilleren en vervolgens beleidssuggesties te formuleren. Die werden door de commissieleden politiek vertaald in aanbevelingen. <\/strong><\/p>\n\n\n\n<p>Het is nu aan het parlement en de regering om met dit rapport aan de slag te gaan en de aanbevelingen om te zetten in acties.&nbsp;Ons inziens stellen er zich daarbij twee kernvragen:<\/p>\n\n\n\n<p><span style=\"color:#115074\" class=\"has-inline-color\">1) Welke risico\u2019s willen we als samenleving beheersen en welke niet? 2) Op welke manier willen we een volgende grootschalige crisis gaan bedwingen? <\/span>Want als deze coronacrisis ons iets geleerd heeft, dan is het wel dat het concrete verloop van een crisis per definitie niet voorspelbaar zijn en zelden of nooit een vooraf uitgewerkt crisisplan volgen.&nbsp;<\/p>\n\n\n\n<p class=\"has-medium-font-size\"><strong>Welke risico\u2019s willen we als samenleving beheersen en welke niet?<\/strong><\/p>\n\n\n\n<p>Wat de<strong> <\/strong>eerste vraag betreft moeten we durven afwegen of er de nodige politieke, maatschappelijke en economische wil bestaat om die risico\u2019s die we willen beheersen af te dekken met voorzorgsmaatregelen? En zo ja, hoe doen we dat dan? Gaan we dan allerlei bijzondere noodplannen opmaken, geneesmiddelennoodstocks voor alle mogelijke ziektes en epidemie\u00ebn aanleggen, onze noodwetgeving en regulering grondig aanpassen, redundante systemen installeren, e.d.? Dat kost geld, handenvol geld, en biedt nog steeds geen enkele garantie dat er nooit nog iets fout zal lopen. Als we kijken naar de complexiteit van onze samenleving, dan is het een illusie om te denken dat we voor elk mogelijk incident ook een aangepaste remedie kunnen voorbereiden. Het zou een sisyfusarbeid zonder voorgaande betekenen en ons land tot stilstand brengen. Maar ook, hoe minder je vertrouwd bent met specifieke processen of richtlijnen, hoe groter de kans dat je op het moment van de waarheid de bal grondig misslaat. Of anders gezegd: wat je zelden doet, doe je zelden goed. Komt daar nog bij dat de volgende grote crisis helemaal anders zal zijn dan de vorige. <\/p>\n\n\n\n<p>Toch stellen we vast dat we in ons land (maar even zo in andere landen!) ons altijd voorbereid hebben op de vorige crisis. Dat was bijvoorbeeld na de gasontploffing in Gellingen zo, maar ook na het treinongeval in Wetteren en eveneens na de terreuraanslagen in Zaventem en Brussel. En als we niet opletten gaan we weer die richting uit na deze COVID-19 pandemie.<\/p>\n\n\n\n<p class=\"has-medium-font-size\"><strong>Op welke manier willen we een volgende grootschalige crisis gaan bedwingen?<\/strong><\/p>\n\n\n\n<p>De tweede vraag, op welke&nbsp;manier willen we de volgende grootschalige crisis aanpakken, gaat in eerste instantie over de structuren die nodig zijn om eenmaal het fout gaat, zo effici\u00ebnt mogelijk te reageren. In ons land hebben we dat uitgewerkt in een aantal Koninklijke Besluiten die bepalen hoe er op gemeentelijk, provinciaal of federaal niveau moet worden opgetreden als we te maken krijgen met een crisis. Bij het begin van de coronacrisis werd die federale co\u00f6rdinatiestructuur opzijgeschoven en vervangen door allerlei werkgroepen, taskforces en comit\u00e9s. Het feit dat men afstapte van die structuur toonde al aan dat de initi\u00eble opzet ervan niet helemaal goed zat. Maar het kluwen van taskforces, comit\u00e9s en werkgroepen bracht ook niet meteen veel succesvolle geco\u00f6rdineerde actie teweeg.&nbsp;<\/p>\n\n\n\n<p>Een van de verklaringen daarvoor is dat de bestaande structuur om bij crises op te treden bedoeld is voor kortstondige noodsituaties. Denk aan een overstroming, een school in aanbouw die instort, een hogedrukgasleiding die ontploft of een botsing tussen twee treinen. In misschien wel <strong><span class=\"has-inline-color has-black-color\">90 procent<\/span><\/strong> van al dat soort rampen, die een eerder beperkte impact hebben op de samenleving, komen we met de bestaande co\u00f6rdinatiestructuur vlot uit de voeten. Hulpdiensten en overheden zijn hierop getraind. Maar als het gaat om overdrachtelijke infectieziekten, nucleaire noodsituaties, malafide aanvallen op computernetwerken, of een ernstige verstoring van het elektriciteitsnetwerk (zeg maar de overige 10 procent die de hele samenleving treffen), dan is de kans groot dat de gevolgen daarvan ons in een systemische crisis duwen, gelijkaardig of zelfs erger dan bij de coronacrisis. Bovendien kan je onmogelijk voor elk denkbeeldig scenario van een systemische crisis, waarbij de hele samenleving onder hoogspanning komt te staan, vooraf een scenario ontwikkelen of een plan op maken. Wat die 90 procent betreft, daar kunnen het Nationaal Crisis Centrum (NCCN), gouverneurs en hulpdiensten met de huidige structuur en middelen een prima antwoord op bieden. <\/p>\n\n\n\n<p>Wat de resterende<strong> 10 procent<\/strong> betreft, daarvoor schieten bestaande structuren te kort, simpelweg omdat ze volgens de wetgever bevoegd zijn voor ondersteuning bij crises waar brandweer, politie en civiele bescherming voor in actie treden (wat valt onder de FOD Binnenlandse Zaken). Van zodra andere partijen mee rond de tafel moeten zitten om de gevolgen van een systemische crisis aan te pakken (denk dan aan volksgezondheid, economie, onderwijs, e.d.), dan moet er meer gebeuren dan louter hulpdiensten te co\u00f6rdineren. Zeker in een land met een complexe staatsstructuur zoals Belgi\u00eb.&nbsp;<\/p>\n\n\n\n<p class=\"has-medium-font-size\"><strong>De oplossing? <strong>Gepast kunnen omgaan<\/strong> met ieder gevaar of risico <\/strong><\/p>\n\n\n\n<p>De oplossing is om een crisisbeheersingssysteem op te zetten dat ervoor zorgt dat we met gelijk welk gevaar of risico gepast kunnen omgaan. We hebben dan een structuur nodig die ervoor kan zorgen dat alle partijen die nodig zijn om dergelijke crisis het hoofd te bieden op een effici\u00ebnte manier met elkaar in contact worden gebracht, en dat er niet naast maar met elkaar samengewerkt wordt, en dat op basis van de beste expertise omtrent crisisbeheer. In&nbsp;onze aanbevelingen aan de beleidsmakers&nbsp;noemen we die structuur BEMA, of&nbsp;<em>Belgian Emergency Management Agency<\/em>. Dat is een inter-federaal agentschap voor crisisbeheer dat zowel voor, tijdens als na een crisis het land op scherp houdt om vroegtijdig waarschuwingssignalen te detecteren, alle neuzen in dezelfde richting te zetten, en over diensten en departementen heen de juiste mensen en instellingen samen te brengen om elke crisis adequaat aan te pakken. Het is geenszins een \u2018NCCN 2.0\u2019 maar een nieuw overkoepelend agentschap dat los van elke federale overheidsdienst mensen, instellingen en overheden verbindt en vervolgens gefundeerde beslissingen neemt om een systemische crisis te bedwingen, of om expertise aan te bieden bij minder complexe crisissituaties. Het liefst baseert het zich daarvoor op \u201cbottom-up\u201d aanpak, waardoor bijvoorbeeld de lessen van de succesvolle vaccinatiecampagne (vooral een verwezenlijking van de lokale besturen) en de ervaringen van de zeer frequente lokale crisisaanpak worden meegenomen. Daarnaast bevelen we ook aan dat elke overheidsdienst (federaal en gewestelijk) een volwaardige crisiscel moet uitbouwen, trainen en inzetten bij een situatie die hun expertise vereist. Een BEMA zit een niveau hoger omdat het, in tegenstelling tot het NCCN, niet louter faciliteert en co\u00f6rdineert, maar alle partijen betrekt (gemeenten, provincies, regio\u2019s en federaal, maar ook experten en reservisten), en snel en adequaat beslissingen kan nemen om een crisis te beheersen.&nbsp;<\/p>\n\n\n\n<p>Als we nu van het momentum gebruik maken en voor een BEMA kiezen, dan moeten we wel bereid zijn om enkele mythes over crisisbeheer bij te stellen en de aanpak ervan gepast bij te sturen. De eerste mythe is dat je als kernkabinet moet bezig zijn met het beheersen van de crisis. Ministers, en bij uitbreiding de politiek verantwoordelijken, moeten&nbsp;een duidelijke stip aan de horizon zetten, de weg er naartoe bepalen en de grenzen duidelijk aangeven om&nbsp;de consequenties van de maatregelen die genomen worden te bestrijden. De operationele maatregelen moeten genomen worden door crisisexperten. In de coronacrisis hadden zo de beslissingen over de opschaling in de ziekenhuizen of de aankoop van persoonlijke beschermingsmiddelen (om maar enkele te noemen) door een BEMA moeten gebeuren. De is de taak van de politici om antwoorden te vinden op de vraag hoe de samenleving dan ondersteund moet worden met technische werkloosheid, premies allerhande, en lange termijn initiatieven om het maatschappelijke weefsel onder stress te versterken. In de coronacrisis waren&nbsp;de politici maar al te vaak brandjes aan het blussen (wat absoluut hun taak niet is), terwijl ze bezig hadden moeten zijn met de \u201cpurpose\u201d. Waar gaan we samen heen? Hun rol in het crisismanagement, samen met die van het parlement, is dus het bepalen van een duidelijk kader.&nbsp;<\/p>\n\n\n\n<p>Een tweede mythe is dat we alles wel onder controle kunnen houden. Dat idee zit bij zoveel overheden en administraties diepgeworteld dat zelfs bij de eerste ernstige signalen van een coronapandemie niemand echt proactief en adequaat in actie schoot, noch bij het NCCN, noch bij de FOD Volksgezondheid, noch bij de federale of de regionale regeringen.&nbsp;<em>\u201cWir shaffen das\u201d<\/em>&nbsp;was het voorbije anderhalf jaar&nbsp;ook een Belgische attitude! Toch tonen tal van gebeurtenissen die zich de voorbije jaren voordeden dat onze samenleving alsmaar complexer wordt en de gevolgen daarvan een gigantische impact kunnen hebben op het functioneren van die samenleving. Ga zelf maar na hoe toenemende terroristische dreigingen, geopolitieke verschuivingen, en volatiliteit op de financi\u00eble markten desastreuse gevolgen hadden. Er is dus bitter weinig onder controle, en de illusie van een systemische crisis die we kunnen \u201cmanagen\u201d lijkt verder af dan ooit.<\/p>\n\n\n\n<p>Beide mythes verwijzen ook naar ons uitgangspunt: welke risico\u2019s kunnen en willen we beheersen, en hoe gaan we volgende grote crises aanpakken? Als we het erover eens zijn dat een risicoloze samenleving een illusie is, dan moeten we ons een denkwijze eigen maken die het mogelijk maakt om op een wendbare en veerkrachtige manier om te gaan met onverwachte situaties. Dat doen we best voor de volgende crisis ons overvalt, en liefst met kennis van zaken en in een netwerkstructuur die alle kennis en expertise samenbrengt om de samenleving maximaal te ondersteunen.&nbsp;Als&nbsp;corona ons iets geleerd heeft, dan is het wel dat we als samenleving heel snel moeten en kunnen schakelen. Laten we die kans dan nu grijpen om crisisbeheer naar een hoger niveau te tillen met een inter-federaal agentschap voor crisisbeheer.&nbsp;<\/p>\n\n\n\n<figure class=\"wp-block-image size-large\"><img fetchpriority=\"high\" decoding=\"async\" width=\"1024\" height=\"683\" src=\"https:\/\/blog.uantwerpen.be\/corona\/wp-content\/uploads\/2021\/07\/5175D476-5A0D-4450-9FB1-DC98F6DA9006_1_201_a-1024x683.jpeg\" alt=\"\" class=\"wp-image-3212\" srcset=\"https:\/\/blog.uantwerpen.be\/corona\/wp-content\/uploads\/2021\/07\/5175D476-5A0D-4450-9FB1-DC98F6DA9006_1_201_a-1024x683.jpeg 1024w, https:\/\/blog.uantwerpen.be\/corona\/wp-content\/uploads\/2021\/07\/5175D476-5A0D-4450-9FB1-DC98F6DA9006_1_201_a-300x200.jpeg 300w, https:\/\/blog.uantwerpen.be\/corona\/wp-content\/uploads\/2021\/07\/5175D476-5A0D-4450-9FB1-DC98F6DA9006_1_201_a-768x512.jpeg 768w, https:\/\/blog.uantwerpen.be\/corona\/wp-content\/uploads\/2021\/07\/5175D476-5A0D-4450-9FB1-DC98F6DA9006_1_201_a-1536x1024.jpeg 1536w, https:\/\/blog.uantwerpen.be\/corona\/wp-content\/uploads\/2021\/07\/5175D476-5A0D-4450-9FB1-DC98F6DA9006_1_201_a-400x267.jpeg 400w, https:\/\/blog.uantwerpen.be\/corona\/wp-content\/uploads\/2021\/07\/5175D476-5A0D-4450-9FB1-DC98F6DA9006_1_201_a.jpeg 1920w\" sizes=\"(max-width: 706px) 89vw, (max-width: 767px) 82vw, 740px\" \/><figcaption>Expertengroep bijzondere Kamercommissie Aanpak COVID-19<\/figcaption><\/figure>\n\n\n\n<p>In ons verslag werden ook diverse andere belangrijke aanbevelingen geformuleerd voor de werking van onze instellingen, het gezondheidsstelsel (en de gezondheidszorg) en een betere communicatie tussen de verschillende besluitvormings- en operationele niveaus. Ook leggen we de nadruk op de talrijke en dramatische gevolgen van deze crisis en de daarmee samenhangende verantwoordelijkheden. Maar het is vooral bedoeld als een constructief en toekomstgericht advies, zonder de impact te onderschatten van de keuzes en strategie\u00ebn die wij allen al meer dan&nbsp;16&nbsp;maanden ondergaan.<\/p>\n\n\n\n<p>Hugo Marynissen, UAntwerpen &amp; AMS &#8211; Marc Sabbe, KULeuven &amp; UZLeuven &#8211; Le\u00efla Belkhir, UCL &amp; CU Saint-Luc &#8211; Yves Coppieters, ULB &#8211; Julien Draillard Losada, PM \u2022 Risk Crisis Change<\/p>\n","protected":false},"excerpt":{"rendered":"<p>Het eindrapport van de bijzondere Kamercommissie Aanpak COVID-19 in het federale parlement werd afgerond. Die Kamercommissie had tot doel om de manier waarop politiek Belgi\u00eb de COVID-19-epidemie trachtte te beheersen te onderzoeken. De Expertengroep bijzondere Kamercommissie Aanpak COVID-19 legt in een opiniestuk uit wat de pijnpunten zijn.<\/p>\n","protected":false},"author":143,"featured_media":3221,"comment_status":"closed","ping_status":"open","sticky":false,"template":"","format":"standard","meta":{"_acf_changed":false,"footnotes":""},"categories":[60,392,1,218],"tags":[],"coauthors":[393],"class_list":["post-3209","post","type-post","status-publish","format-standard","has-post-thumbnail","hentry","category-economie","category-management","category-no-category","category-politiek"],"acf":[],"yoast_head":"<!-- This site is optimized with the Yoast SEO plugin v27.4 - https:\/\/yoast.com\/product\/yoast-seo-wordpress\/ -->\n<title>Momentum aangrijpen om crisisbeheer naar een hoger niveau te tillen - Coronablog UAntwerpen - UZA<\/title>\n<meta name=\"description\" content=\"Het eindrapport van de bijzondere Kamercommissie Aanpak COVID-19 in het federale parlement werd afgerond. Die Kamercommissie had tot doel om de manier waarop politiek Belgi\u00eb de COVID-19-epidemie trachtte te beheersen te onderzoeken. De Expertengroep bijzondere Kamercommissie Aanpak COVID-19 legt in een opiniestuk uit wat de pijnpunten zijn.\" \/>\n<meta name=\"robots\" content=\"index, follow, max-snippet:-1, max-image-preview:large, max-video-preview:-1\" \/>\n<link rel=\"canonical\" href=\"https:\/\/blog.uantwerpen.be\/corona\/crisisbeheer-naar-een-hoger-niveau-tillen\/\" \/>\n<meta property=\"og:locale\" content=\"nl_BE\" \/>\n<meta property=\"og:type\" content=\"article\" \/>\n<meta property=\"og:title\" content=\"Momentum aangrijpen om crisisbeheer naar een hoger niveau te tillen - Coronablog UAntwerpen - UZA\" \/>\n<meta property=\"og:description\" content=\"Het eindrapport van de bijzondere Kamercommissie Aanpak COVID-19 in het federale parlement werd afgerond. Die Kamercommissie had tot doel om de manier waarop politiek Belgi\u00eb de COVID-19-epidemie trachtte te beheersen te onderzoeken. De Expertengroep bijzondere Kamercommissie Aanpak COVID-19 legt in een opiniestuk uit wat de pijnpunten zijn.\" \/>\n<meta property=\"og:url\" content=\"https:\/\/blog.uantwerpen.be\/corona\/crisisbeheer-naar-een-hoger-niveau-tillen\/\" \/>\n<meta property=\"og:site_name\" content=\"Coronablog UAntwerpen - UZA\" \/>\n<meta property=\"article:published_time\" content=\"2021-07-15T10:13:00+00:00\" \/>\n<meta property=\"article:modified_time\" content=\"2021-07-15T11:20:10+00:00\" \/>\n<meta property=\"og:image\" content=\"https:\/\/blog.uantwerpen.be\/corona\/wp-content\/uploads\/2021\/07\/A5F6C09B-A609-4E29-8BEF-02D30A590FFF_1_105_c.jpeg\" \/>\n\t<meta property=\"og:image:width\" content=\"1086\" \/>\n\t<meta property=\"og:image:height\" content=\"724\" \/>\n\t<meta property=\"og:image:type\" content=\"image\/jpeg\" \/>\n<meta name=\"author\" content=\"Hugo Marynissen\" \/>\n<meta name=\"twitter:card\" content=\"summary_large_image\" \/>\n<meta name=\"twitter:label1\" content=\"Geschreven door\" \/>\n\t<meta name=\"twitter:data1\" content=\"Hugo Marynissen\" \/>\n\t<meta name=\"twitter:label2\" content=\"Geschatte leestijd\" \/>\n\t<meta name=\"twitter:data2\" content=\"8 minuten\" \/>\n\t<meta name=\"twitter:label3\" content=\"Written by\" \/>\n\t<meta name=\"twitter:data3\" content=\"Hugo Marynissen\" \/>\n<script type=\"application\/ld+json\" class=\"yoast-schema-graph\">{\"@context\":\"https:\\\/\\\/schema.org\",\"@graph\":[{\"@type\":\"Article\",\"@id\":\"https:\\\/\\\/blog.uantwerpen.be\\\/corona\\\/crisisbeheer-naar-een-hoger-niveau-tillen\\\/#article\",\"isPartOf\":{\"@id\":\"https:\\\/\\\/blog.uantwerpen.be\\\/corona\\\/crisisbeheer-naar-een-hoger-niveau-tillen\\\/\"},\"author\":{\"name\":\"Hugo Marynissen\",\"@id\":\"https:\\\/\\\/blog.uantwerpen.be\\\/corona\\\/#\\\/schema\\\/person\\\/086ba215235ec4aabb02572f8d964a02\"},\"headline\":\"Momentum aangrijpen om crisisbeheer naar een hoger niveau te tillen\",\"datePublished\":\"2021-07-15T10:13:00+00:00\",\"dateModified\":\"2021-07-15T11:20:10+00:00\",\"mainEntityOfPage\":{\"@id\":\"https:\\\/\\\/blog.uantwerpen.be\\\/corona\\\/crisisbeheer-naar-een-hoger-niveau-tillen\\\/\"},\"wordCount\":1775,\"publisher\":{\"@id\":\"https:\\\/\\\/blog.uantwerpen.be\\\/corona\\\/#organization\"},\"image\":{\"@id\":\"https:\\\/\\\/blog.uantwerpen.be\\\/corona\\\/crisisbeheer-naar-een-hoger-niveau-tillen\\\/#primaryimage\"},\"thumbnailUrl\":\"https:\\\/\\\/blog.uantwerpen.be\\\/corona\\\/wp-content\\\/uploads\\\/2021\\\/07\\\/A5F6C09B-A609-4E29-8BEF-02D30A590FFF_1_105_c.jpeg\",\"articleSection\":[\"Economie\",\"Management\",\"No category\",\"Politiek\"],\"inLanguage\":\"nl-BE\"},{\"@type\":\"WebPage\",\"@id\":\"https:\\\/\\\/blog.uantwerpen.be\\\/corona\\\/crisisbeheer-naar-een-hoger-niveau-tillen\\\/\",\"url\":\"https:\\\/\\\/blog.uantwerpen.be\\\/corona\\\/crisisbeheer-naar-een-hoger-niveau-tillen\\\/\",\"name\":\"Momentum aangrijpen om crisisbeheer naar een hoger niveau te tillen - Coronablog UAntwerpen - UZA\",\"isPartOf\":{\"@id\":\"https:\\\/\\\/blog.uantwerpen.be\\\/corona\\\/#website\"},\"primaryImageOfPage\":{\"@id\":\"https:\\\/\\\/blog.uantwerpen.be\\\/corona\\\/crisisbeheer-naar-een-hoger-niveau-tillen\\\/#primaryimage\"},\"image\":{\"@id\":\"https:\\\/\\\/blog.uantwerpen.be\\\/corona\\\/crisisbeheer-naar-een-hoger-niveau-tillen\\\/#primaryimage\"},\"thumbnailUrl\":\"https:\\\/\\\/blog.uantwerpen.be\\\/corona\\\/wp-content\\\/uploads\\\/2021\\\/07\\\/A5F6C09B-A609-4E29-8BEF-02D30A590FFF_1_105_c.jpeg\",\"datePublished\":\"2021-07-15T10:13:00+00:00\",\"dateModified\":\"2021-07-15T11:20:10+00:00\",\"description\":\"Het eindrapport van de bijzondere Kamercommissie Aanpak COVID-19 in het federale parlement werd afgerond. Die Kamercommissie had tot doel om de manier waarop politiek Belgi\u00eb de COVID-19-epidemie trachtte te beheersen te onderzoeken. De Expertengroep bijzondere Kamercommissie Aanpak COVID-19 legt in een opiniestuk uit wat de pijnpunten zijn.\",\"breadcrumb\":{\"@id\":\"https:\\\/\\\/blog.uantwerpen.be\\\/corona\\\/crisisbeheer-naar-een-hoger-niveau-tillen\\\/#breadcrumb\"},\"inLanguage\":\"nl-BE\",\"potentialAction\":[{\"@type\":\"ReadAction\",\"target\":[\"https:\\\/\\\/blog.uantwerpen.be\\\/corona\\\/crisisbeheer-naar-een-hoger-niveau-tillen\\\/\"]}]},{\"@type\":\"ImageObject\",\"inLanguage\":\"nl-BE\",\"@id\":\"https:\\\/\\\/blog.uantwerpen.be\\\/corona\\\/crisisbeheer-naar-een-hoger-niveau-tillen\\\/#primaryimage\",\"url\":\"https:\\\/\\\/blog.uantwerpen.be\\\/corona\\\/wp-content\\\/uploads\\\/2021\\\/07\\\/A5F6C09B-A609-4E29-8BEF-02D30A590FFF_1_105_c.jpeg\",\"contentUrl\":\"https:\\\/\\\/blog.uantwerpen.be\\\/corona\\\/wp-content\\\/uploads\\\/2021\\\/07\\\/A5F6C09B-A609-4E29-8BEF-02D30A590FFF_1_105_c.jpeg\",\"width\":1086,\"height\":724},{\"@type\":\"BreadcrumbList\",\"@id\":\"https:\\\/\\\/blog.uantwerpen.be\\\/corona\\\/crisisbeheer-naar-een-hoger-niveau-tillen\\\/#breadcrumb\",\"itemListElement\":[{\"@type\":\"ListItem\",\"position\":1,\"name\":\"Home\",\"item\":\"https:\\\/\\\/blog.uantwerpen.be\\\/corona\\\/\"},{\"@type\":\"ListItem\",\"position\":2,\"name\":\"Momentum aangrijpen om crisisbeheer naar een hoger niveau te tillen\"}]},{\"@type\":\"WebSite\",\"@id\":\"https:\\\/\\\/blog.uantwerpen.be\\\/corona\\\/#website\",\"url\":\"https:\\\/\\\/blog.uantwerpen.be\\\/corona\\\/\",\"name\":\"Coronablog UAntwerpen - UZA\",\"description\":\"Coronablog\",\"publisher\":{\"@id\":\"https:\\\/\\\/blog.uantwerpen.be\\\/corona\\\/#organization\"},\"potentialAction\":[{\"@type\":\"SearchAction\",\"target\":{\"@type\":\"EntryPoint\",\"urlTemplate\":\"https:\\\/\\\/blog.uantwerpen.be\\\/corona\\\/?s={search_term_string}\"},\"query-input\":{\"@type\":\"PropertyValueSpecification\",\"valueRequired\":true,\"valueName\":\"search_term_string\"}}],\"inLanguage\":\"nl-BE\"},{\"@type\":\"Organization\",\"@id\":\"https:\\\/\\\/blog.uantwerpen.be\\\/corona\\\/#organization\",\"name\":\"Coronablog UAntwerpen - UZA\",\"url\":\"https:\\\/\\\/blog.uantwerpen.be\\\/corona\\\/\",\"logo\":{\"@type\":\"ImageObject\",\"inLanguage\":\"nl-BE\",\"@id\":\"https:\\\/\\\/blog.uantwerpen.be\\\/corona\\\/#\\\/schema\\\/logo\\\/image\\\/\",\"url\":\"https:\\\/\\\/blog.uantwerpen.be\\\/corona\\\/wp-content\\\/uploads\\\/2021\\\/04\\\/cropped-ua-uza-hor-wit.png\",\"contentUrl\":\"https:\\\/\\\/blog.uantwerpen.be\\\/corona\\\/wp-content\\\/uploads\\\/2021\\\/04\\\/cropped-ua-uza-hor-wit.png\",\"width\":1036,\"height\":250,\"caption\":\"Coronablog UAntwerpen - UZA\"},\"image\":{\"@id\":\"https:\\\/\\\/blog.uantwerpen.be\\\/corona\\\/#\\\/schema\\\/logo\\\/image\\\/\"}},{\"@type\":\"Person\",\"@id\":\"https:\\\/\\\/blog.uantwerpen.be\\\/corona\\\/#\\\/schema\\\/person\\\/086ba215235ec4aabb02572f8d964a02\",\"name\":\"Hugo Marynissen\",\"sameAs\":[\"https:\\\/\\\/www.uantwerpen.be\\\/en\\\/staff\\\/hugo-marynissen\\\/\"],\"url\":\"https:\\\/\\\/blog.uantwerpen.be\\\/corona\\\/author\\\/hugo-marynissen\\\/\"}]}<\/script>\n<!-- \/ Yoast SEO plugin. -->","yoast_head_json":{"title":"Momentum aangrijpen om crisisbeheer naar een hoger niveau te tillen - Coronablog UAntwerpen - UZA","description":"Het eindrapport van de bijzondere Kamercommissie Aanpak COVID-19 in het federale parlement werd afgerond. Die Kamercommissie had tot doel om de manier waarop politiek Belgi\u00eb de COVID-19-epidemie trachtte te beheersen te onderzoeken. De Expertengroep bijzondere Kamercommissie Aanpak COVID-19 legt in een opiniestuk uit wat de pijnpunten zijn.","robots":{"index":"index","follow":"follow","max-snippet":"max-snippet:-1","max-image-preview":"max-image-preview:large","max-video-preview":"max-video-preview:-1"},"canonical":"https:\/\/blog.uantwerpen.be\/corona\/crisisbeheer-naar-een-hoger-niveau-tillen\/","og_locale":"nl_BE","og_type":"article","og_title":"Momentum aangrijpen om crisisbeheer naar een hoger niveau te tillen - Coronablog UAntwerpen - UZA","og_description":"Het eindrapport van de bijzondere Kamercommissie Aanpak COVID-19 in het federale parlement werd afgerond. Die Kamercommissie had tot doel om de manier waarop politiek Belgi\u00eb de COVID-19-epidemie trachtte te beheersen te onderzoeken. De Expertengroep bijzondere Kamercommissie Aanpak COVID-19 legt in een opiniestuk uit wat de pijnpunten zijn.","og_url":"https:\/\/blog.uantwerpen.be\/corona\/crisisbeheer-naar-een-hoger-niveau-tillen\/","og_site_name":"Coronablog UAntwerpen - UZA","article_published_time":"2021-07-15T10:13:00+00:00","article_modified_time":"2021-07-15T11:20:10+00:00","og_image":[{"width":1086,"height":724,"url":"https:\/\/blog.uantwerpen.be\/corona\/wp-content\/uploads\/2021\/07\/A5F6C09B-A609-4E29-8BEF-02D30A590FFF_1_105_c.jpeg","type":"image\/jpeg"}],"author":"Hugo Marynissen","twitter_card":"summary_large_image","twitter_misc":{"Geschreven door":"Hugo Marynissen","Geschatte leestijd":"8 minuten","Written by":"Hugo Marynissen"},"schema":{"@context":"https:\/\/schema.org","@graph":[{"@type":"Article","@id":"https:\/\/blog.uantwerpen.be\/corona\/crisisbeheer-naar-een-hoger-niveau-tillen\/#article","isPartOf":{"@id":"https:\/\/blog.uantwerpen.be\/corona\/crisisbeheer-naar-een-hoger-niveau-tillen\/"},"author":{"name":"Hugo Marynissen","@id":"https:\/\/blog.uantwerpen.be\/corona\/#\/schema\/person\/086ba215235ec4aabb02572f8d964a02"},"headline":"Momentum aangrijpen om crisisbeheer naar een hoger niveau te tillen","datePublished":"2021-07-15T10:13:00+00:00","dateModified":"2021-07-15T11:20:10+00:00","mainEntityOfPage":{"@id":"https:\/\/blog.uantwerpen.be\/corona\/crisisbeheer-naar-een-hoger-niveau-tillen\/"},"wordCount":1775,"publisher":{"@id":"https:\/\/blog.uantwerpen.be\/corona\/#organization"},"image":{"@id":"https:\/\/blog.uantwerpen.be\/corona\/crisisbeheer-naar-een-hoger-niveau-tillen\/#primaryimage"},"thumbnailUrl":"https:\/\/blog.uantwerpen.be\/corona\/wp-content\/uploads\/2021\/07\/A5F6C09B-A609-4E29-8BEF-02D30A590FFF_1_105_c.jpeg","articleSection":["Economie","Management","No category","Politiek"],"inLanguage":"nl-BE"},{"@type":"WebPage","@id":"https:\/\/blog.uantwerpen.be\/corona\/crisisbeheer-naar-een-hoger-niveau-tillen\/","url":"https:\/\/blog.uantwerpen.be\/corona\/crisisbeheer-naar-een-hoger-niveau-tillen\/","name":"Momentum aangrijpen om crisisbeheer naar een hoger niveau te tillen - Coronablog UAntwerpen - UZA","isPartOf":{"@id":"https:\/\/blog.uantwerpen.be\/corona\/#website"},"primaryImageOfPage":{"@id":"https:\/\/blog.uantwerpen.be\/corona\/crisisbeheer-naar-een-hoger-niveau-tillen\/#primaryimage"},"image":{"@id":"https:\/\/blog.uantwerpen.be\/corona\/crisisbeheer-naar-een-hoger-niveau-tillen\/#primaryimage"},"thumbnailUrl":"https:\/\/blog.uantwerpen.be\/corona\/wp-content\/uploads\/2021\/07\/A5F6C09B-A609-4E29-8BEF-02D30A590FFF_1_105_c.jpeg","datePublished":"2021-07-15T10:13:00+00:00","dateModified":"2021-07-15T11:20:10+00:00","description":"Het eindrapport van de bijzondere Kamercommissie Aanpak COVID-19 in het federale parlement werd afgerond. Die Kamercommissie had tot doel om de manier waarop politiek Belgi\u00eb de COVID-19-epidemie trachtte te beheersen te onderzoeken. De Expertengroep bijzondere Kamercommissie Aanpak COVID-19 legt in een opiniestuk uit wat de pijnpunten zijn.","breadcrumb":{"@id":"https:\/\/blog.uantwerpen.be\/corona\/crisisbeheer-naar-een-hoger-niveau-tillen\/#breadcrumb"},"inLanguage":"nl-BE","potentialAction":[{"@type":"ReadAction","target":["https:\/\/blog.uantwerpen.be\/corona\/crisisbeheer-naar-een-hoger-niveau-tillen\/"]}]},{"@type":"ImageObject","inLanguage":"nl-BE","@id":"https:\/\/blog.uantwerpen.be\/corona\/crisisbeheer-naar-een-hoger-niveau-tillen\/#primaryimage","url":"https:\/\/blog.uantwerpen.be\/corona\/wp-content\/uploads\/2021\/07\/A5F6C09B-A609-4E29-8BEF-02D30A590FFF_1_105_c.jpeg","contentUrl":"https:\/\/blog.uantwerpen.be\/corona\/wp-content\/uploads\/2021\/07\/A5F6C09B-A609-4E29-8BEF-02D30A590FFF_1_105_c.jpeg","width":1086,"height":724},{"@type":"BreadcrumbList","@id":"https:\/\/blog.uantwerpen.be\/corona\/crisisbeheer-naar-een-hoger-niveau-tillen\/#breadcrumb","itemListElement":[{"@type":"ListItem","position":1,"name":"Home","item":"https:\/\/blog.uantwerpen.be\/corona\/"},{"@type":"ListItem","position":2,"name":"Momentum aangrijpen om crisisbeheer naar een hoger niveau te tillen"}]},{"@type":"WebSite","@id":"https:\/\/blog.uantwerpen.be\/corona\/#website","url":"https:\/\/blog.uantwerpen.be\/corona\/","name":"Coronablog UAntwerpen - UZA","description":"Coronablog","publisher":{"@id":"https:\/\/blog.uantwerpen.be\/corona\/#organization"},"potentialAction":[{"@type":"SearchAction","target":{"@type":"EntryPoint","urlTemplate":"https:\/\/blog.uantwerpen.be\/corona\/?s={search_term_string}"},"query-input":{"@type":"PropertyValueSpecification","valueRequired":true,"valueName":"search_term_string"}}],"inLanguage":"nl-BE"},{"@type":"Organization","@id":"https:\/\/blog.uantwerpen.be\/corona\/#organization","name":"Coronablog UAntwerpen - UZA","url":"https:\/\/blog.uantwerpen.be\/corona\/","logo":{"@type":"ImageObject","inLanguage":"nl-BE","@id":"https:\/\/blog.uantwerpen.be\/corona\/#\/schema\/logo\/image\/","url":"https:\/\/blog.uantwerpen.be\/corona\/wp-content\/uploads\/2021\/04\/cropped-ua-uza-hor-wit.png","contentUrl":"https:\/\/blog.uantwerpen.be\/corona\/wp-content\/uploads\/2021\/04\/cropped-ua-uza-hor-wit.png","width":1036,"height":250,"caption":"Coronablog UAntwerpen - UZA"},"image":{"@id":"https:\/\/blog.uantwerpen.be\/corona\/#\/schema\/logo\/image\/"}},{"@type":"Person","@id":"https:\/\/blog.uantwerpen.be\/corona\/#\/schema\/person\/086ba215235ec4aabb02572f8d964a02","name":"Hugo Marynissen","sameAs":["https:\/\/www.uantwerpen.be\/en\/staff\/hugo-marynissen\/"],"url":"https:\/\/blog.uantwerpen.be\/corona\/author\/hugo-marynissen\/"}]}},"_links":{"self":[{"href":"https:\/\/blog.uantwerpen.be\/corona\/wp-json\/wp\/v2\/posts\/3209","targetHints":{"allow":["GET"]}}],"collection":[{"href":"https:\/\/blog.uantwerpen.be\/corona\/wp-json\/wp\/v2\/posts"}],"about":[{"href":"https:\/\/blog.uantwerpen.be\/corona\/wp-json\/wp\/v2\/types\/post"}],"author":[{"embeddable":true,"href":"https:\/\/blog.uantwerpen.be\/corona\/wp-json\/wp\/v2\/users\/143"}],"replies":[{"embeddable":true,"href":"https:\/\/blog.uantwerpen.be\/corona\/wp-json\/wp\/v2\/comments?post=3209"}],"version-history":[{"count":5,"href":"https:\/\/blog.uantwerpen.be\/corona\/wp-json\/wp\/v2\/posts\/3209\/revisions"}],"predecessor-version":[{"id":3223,"href":"https:\/\/blog.uantwerpen.be\/corona\/wp-json\/wp\/v2\/posts\/3209\/revisions\/3223"}],"wp:featuredmedia":[{"embeddable":true,"href":"https:\/\/blog.uantwerpen.be\/corona\/wp-json\/wp\/v2\/media\/3221"}],"wp:attachment":[{"href":"https:\/\/blog.uantwerpen.be\/corona\/wp-json\/wp\/v2\/media?parent=3209"}],"wp:term":[{"taxonomy":"category","embeddable":true,"href":"https:\/\/blog.uantwerpen.be\/corona\/wp-json\/wp\/v2\/categories?post=3209"},{"taxonomy":"post_tag","embeddable":true,"href":"https:\/\/blog.uantwerpen.be\/corona\/wp-json\/wp\/v2\/tags?post=3209"},{"taxonomy":"author","embeddable":true,"href":"https:\/\/blog.uantwerpen.be\/corona\/wp-json\/wp\/v2\/coauthors?post=3209"}],"curies":[{"name":"wp","href":"https:\/\/api.w.org\/{rel}","templated":true}]}}