{"id":6424,"date":"2025-08-14T11:42:00","date_gmt":"2025-08-14T09:42:00","guid":{"rendered":"https:\/\/blog.uantwerpen.be\/collectief-geheugen\/?p=6424"},"modified":"2026-02-20T15:38:07","modified_gmt":"2026-02-20T14:38:07","slug":"albert-van-den-daele","status":"publish","type":"post","link":"https:\/\/blog.uantwerpen.be\/collectief-geheugen\/albert-van-den-daele\/","title":{"rendered":"Albert Van den Daele s.j."},"content":{"rendered":"\n<p class=\"has-text-align-center\"><strong>1904-1978<\/strong><\/p>\n\n\n<div class=\"wp-block-image\">\n<figure class=\"alignright size-large is-resized\"><img loading=\"lazy\" decoding=\"async\" width=\"849\" height=\"1024\" src=\"https:\/\/blog.uantwerpen.be\/collectief-geheugen\/wp-content\/uploads\/2025\/08\/BE-942855-1775-2259_006_1-849x1024.jpg\" alt=\"\" class=\"wp-image-6446\" style=\"aspect-ratio:0.8291122283336748;width:299px;height:auto\" srcset=\"https:\/\/blog.uantwerpen.be\/collectief-geheugen\/wp-content\/uploads\/2025\/08\/BE-942855-1775-2259_006_1-849x1024.jpg 849w, https:\/\/blog.uantwerpen.be\/collectief-geheugen\/wp-content\/uploads\/2025\/08\/BE-942855-1775-2259_006_1-249x300.jpg 249w, https:\/\/blog.uantwerpen.be\/collectief-geheugen\/wp-content\/uploads\/2025\/08\/BE-942855-1775-2259_006_1-768x927.jpg 768w, https:\/\/blog.uantwerpen.be\/collectief-geheugen\/wp-content\/uploads\/2025\/08\/BE-942855-1775-2259_006_1-1273x1536.jpg 1273w, https:\/\/blog.uantwerpen.be\/collectief-geheugen\/wp-content\/uploads\/2025\/08\/BE-942855-1775-2259_006_1-1697x2048.jpg 1697w, https:\/\/blog.uantwerpen.be\/collectief-geheugen\/wp-content\/uploads\/2025\/08\/BE-942855-1775-2259_006_1.jpg 1703w\" sizes=\"auto, (max-width: 706px) 89vw, (max-width: 767px) 82vw, 740px\" \/><figcaption class=\"wp-element-caption\">KADOC-KU Leuven. Beeldarchief Belgische provincie van de jezu\u00efeten<\/figcaption><\/figure>\n<\/div>\n\n\n<p>Pater Albert Van den Daele werd geboren op 09 januari 1904 in Baaigem, en overleed op 27 februari 1978 in de Maria-Middelareskliniek in Gent.<\/p>\n\n\n\n<p><strong>Studiejaren<\/strong><\/p>\n\n\n\n<p>Hij deed zijn humaniora aan het H.-Maagdcollege in Oudenaarde. Aangetrokken tot de Soci\u00ebteit van Jezus door de uitstralingskracht van enkele jezu\u00efeten, trad hij in de Soci\u00ebteit in en deed van 1921 tot 1923 in Aarlen zijn noviciaat. Hij studeerde drie jaar filosofie in het studiehuis van de Orde in Leuven. Daarna deed hij vier jaar stage als opvoeder en leraar in het Sint-Jozefcollege te Turnhout. Dan volgden vier jaar theologie te Leuven, waar hij priester werd gewijd in 1934.<\/p>\n\n\n\n<p>De klassieke filologie was zijn studie- en onderwijsdomein bij uitstek. In het tijdschrift <em>Streven<\/em> (1946-47) hield hij een vinnig pleidooi voor de handhaving van de oude humaniora. Hij promoveerde aan de universiteit in Leuven met een proefschrift over de oorzakelijkheidsleer in het werk van Pseudo-Dionysius den Areopagiet (1938), een belangrijke bron van de westerse mystiek. Een belangrijk deel van deze uitgebreide studie, <em>Indices Pseudo-Dionysiani<\/em>, werd in de reeks Publikaties Geschiedenis en Philologie van de K.U.L. uitgegeven.<\/p>\n\n\n\n<p><strong>Onderwijs<\/strong><\/p>\n\n\n<div class=\"wp-block-image\">\n<figure class=\"alignright size-large is-resized\"><img loading=\"lazy\" decoding=\"async\" width=\"1024\" height=\"592\" src=\"https:\/\/blog.uantwerpen.be\/collectief-geheugen\/wp-content\/uploads\/2025\/08\/BE-942855-1775-2259_008_1-1024x592.jpg\" alt=\"\" class=\"wp-image-6444\" style=\"aspect-ratio:1.7297866044125867;width:350px;height:auto\" srcset=\"https:\/\/blog.uantwerpen.be\/collectief-geheugen\/wp-content\/uploads\/2025\/08\/BE-942855-1775-2259_008_1-1024x592.jpg 1024w, https:\/\/blog.uantwerpen.be\/collectief-geheugen\/wp-content\/uploads\/2025\/08\/BE-942855-1775-2259_008_1-300x173.jpg 300w, https:\/\/blog.uantwerpen.be\/collectief-geheugen\/wp-content\/uploads\/2025\/08\/BE-942855-1775-2259_008_1-768x444.jpg 768w, https:\/\/blog.uantwerpen.be\/collectief-geheugen\/wp-content\/uploads\/2025\/08\/BE-942855-1775-2259_008_1-1536x888.jpg 1536w, https:\/\/blog.uantwerpen.be\/collectief-geheugen\/wp-content\/uploads\/2025\/08\/BE-942855-1775-2259_008_1.jpg 1943w\" sizes=\"auto, (max-width: 706px) 89vw, (max-width: 767px) 82vw, 740px\" \/><figcaption class=\"wp-element-caption\">KADOC-KU Leuven. Beeldarchief Belgische provincie van de jezu\u00efeten<\/figcaption><\/figure>\n<\/div>\n\n\n<p>Zijn onderwijscarri\u00e8re loopt van 1937 tot 1971. Dertien jaar lang was hij retoricaleraar in het middelbaar onderwijs in de colleges van Aalst en van Gent, en gedurende zestien jaar docent en hoogleraar in het hoger en het universitair onderwijs, eerst in Drongen (1955-58), dan in Antwerpen (1958-71). Hier werd een beroep gedaan op zijn kostbare ervaring bij de omvorming van de Sint-Ignatiushandelshogeschool tot de Universitaire Faculteiten Sint-Ignatius Antwerpen.<\/p>\n\n\n\n<p><strong>Inzet<\/strong><\/p>\n\n\n\n<p>In de tussentijd tussen zijn loopbaan in het middelbaar en in&nbsp; het hoger onderwijs werd hij adjunct-hoofdredacteur en weldra hoofdredacteur van <em>De Vlaamse Linie<\/em>. Zonder zijn onvermoeibare werkkracht zou dit na-oorlogse katholieke weekblad nooit van de grond zijn gekomen.<\/p>\n\n\n\n<p>Datzelfde talent leefde hij uit in tal van initiatieven ter verdieping van het geloofsleven bij de Vlaamse intellectuelen en de morele gaafheid van het Vlaamse volk. Zo was hij werkzaam in tal van verenigingen waarvan de namen voor zichzelf spreken; \u2018Sobrietas\u2019, \u2018Zedenadel\u2019, \u2018De Weg\u2019 (naar morele vernieuwing),\u2019Nieuwe Stemmen\u2019 (forum voor de jonge christelijke intellectuelen), \u2018Centrum voor godsdienstige bezinning\u2019 (organisatie van reeksen conferenties over christelijke geloofsbeleving).<\/p>\n\n\n\n<p>Toen zijn krachten afnamen, verzachtte ook zijn strijdlust en groeide zijn mildheid. Met zijn eigen woorden: \u2018Vroeger had ik wel de neiging hard te oordelen over mensen die ziek zijn en niet veel kunnen presteren. Thans voel ik zelf hoe weinig men kan doen, als de lichamelijke krachten ontbreken.\u2019<sup>\u2013<\/sup><\/p>\n\n\n\n<p>\u201dZijn stille, trage wandeling in de grote binnentuin van Sint-Ignatius is wellicht zijn lange kruisweg geweest. Hij droeg geduldig zijn zware last zonder praal van woorden. Soms openbaarde een schalks woord zijn gevoelig en goed hart dat een milde glans gaf aan zijn kinderlijke ogen\u201d\u2019 (uit de uitvaarthomilie door J. Peeters).<\/p>\n\n\n\n<p>Literatuur<\/p>\n\n\n\n<p>\u2018De oorzakelijkheidsleer bij Pseudo-Dionysius den Areopagiet\u2019. In: <em>Bijdragen<\/em>,3 (1940), p 19-72.<\/p>\n\n\n\n<p><em>Indices Pseudo-Dionysiani<\/em>. In: Publikaties op het gebied der Geschiedenis en der Philologie van de Leuvense universiteit (1941), 3e reeks, 3e deel.<\/p>\n\n\n\n<p>\u2018Waarheen met de humaniora?\u2019. In: <em>Streven<\/em>,14 (1946-47), p. 407-412.<\/p>\n\n\n\n<p class=\"has-text-align-right\">em. prof. dr. Guido de Baere, FLW, UAntwerpen<br>14 augustus 2025<\/p>\n\n\n\n<p><\/p>\n","protected":false},"excerpt":{"rendered":"<p>1904-1978<\/p>\n","protected":false},"author":43,"featured_media":6443,"comment_status":"closed","ping_status":"closed","sticky":false,"template":"single-svg.php","format":"standard","meta":{"_acf_changed":false,"footnotes":""},"categories":[128,152,28],"tags":[],"class_list":["post-6424","post","type-post","status-publish","format-standard","has-post-thumbnail","hentry","category-hoogleraars","category-v-z","category-ufsia"],"acf":[],"yoast_head":"<!-- This site is optimized with the Yoast SEO plugin v27.4 - https:\/\/yoast.com\/product\/yoast-seo-wordpress\/ -->\n<title>Albert Van den Daele s.j. - Blog Collectief Geheugen UAntwerpen<\/title>\n<meta name=\"robots\" content=\"index, follow, max-snippet:-1, max-image-preview:large, max-video-preview:-1\" \/>\n<link rel=\"canonical\" href=\"https:\/\/blog.uantwerpen.be\/collectief-geheugen\/albert-van-den-daele\/\" \/>\n<meta property=\"og:locale\" content=\"nl_BE\" \/>\n<meta property=\"og:type\" content=\"article\" \/>\n<meta property=\"og:title\" content=\"Albert Van den Daele s.j. - Blog Collectief Geheugen UAntwerpen\" \/>\n<meta property=\"og:description\" content=\"1904-1978\" \/>\n<meta property=\"og:url\" content=\"https:\/\/blog.uantwerpen.be\/collectief-geheugen\/albert-van-den-daele\/\" \/>\n<meta property=\"og:site_name\" content=\"Blog Collectief Geheugen UAntwerpen\" \/>\n<meta property=\"article:published_time\" content=\"2025-08-14T09:42:00+00:00\" \/>\n<meta property=\"article:modified_time\" content=\"2026-02-20T14:38:07+00:00\" \/>\n<meta property=\"og:image\" content=\"https:\/\/blog.uantwerpen.be\/collectief-geheugen\/wp-content\/uploads\/2025\/08\/BE-942855-1775-2259_005_1.jpg\" \/>\n\t<meta property=\"og:image:width\" content=\"883\" \/>\n\t<meta property=\"og:image:height\" content=\"1311\" \/>\n\t<meta property=\"og:image:type\" content=\"image\/jpeg\" \/>\n<meta name=\"author\" content=\"Guido De Baere\" \/>\n<meta name=\"twitter:card\" content=\"summary_large_image\" \/>\n<meta name=\"twitter:label1\" content=\"Geschreven door\" \/>\n\t<meta name=\"twitter:data1\" content=\"Guido De Baere\" \/>\n\t<meta name=\"twitter:label2\" content=\"Geschatte leestijd\" \/>\n\t<meta name=\"twitter:data2\" content=\"4 minuten\" \/>\n<script type=\"application\/ld+json\" class=\"yoast-schema-graph\">{\"@context\":\"https:\\\/\\\/schema.org\",\"@graph\":[{\"@type\":\"Article\",\"@id\":\"https:\\\/\\\/blog.uantwerpen.be\\\/collectief-geheugen\\\/albert-van-den-daele\\\/#article\",\"isPartOf\":{\"@id\":\"https:\\\/\\\/blog.uantwerpen.be\\\/collectief-geheugen\\\/albert-van-den-daele\\\/\"},\"author\":{\"name\":\"Guido De Baere\",\"@id\":\"https:\\\/\\\/blog.uantwerpen.be\\\/collectief-geheugen\\\/#\\\/schema\\\/person\\\/824ccd372c089c86ff58fad5c2154646\"},\"headline\":\"Albert Van den Daele s.j.\",\"datePublished\":\"2025-08-14T09:42:00+00:00\",\"dateModified\":\"2026-02-20T14:38:07+00:00\",\"mainEntityOfPage\":{\"@id\":\"https:\\\/\\\/blog.uantwerpen.be\\\/collectief-geheugen\\\/albert-van-den-daele\\\/\"},\"wordCount\":527,\"publisher\":{\"@id\":\"https:\\\/\\\/blog.uantwerpen.be\\\/collectief-geheugen\\\/#organization\"},\"image\":{\"@id\":\"https:\\\/\\\/blog.uantwerpen.be\\\/collectief-geheugen\\\/albert-van-den-daele\\\/#primaryimage\"},\"thumbnailUrl\":\"https:\\\/\\\/blog.uantwerpen.be\\\/collectief-geheugen\\\/wp-content\\\/uploads\\\/2025\\\/08\\\/BE-942855-1775-2259_005_1.jpg\",\"articleSection\":[\"Hoogleraarportretten\",\"V-Z - Hoogleraarportretten\",\"UFSIA\"],\"inLanguage\":\"nl-BE\"},{\"@type\":\"WebPage\",\"@id\":\"https:\\\/\\\/blog.uantwerpen.be\\\/collectief-geheugen\\\/albert-van-den-daele\\\/\",\"url\":\"https:\\\/\\\/blog.uantwerpen.be\\\/collectief-geheugen\\\/albert-van-den-daele\\\/\",\"name\":\"Albert Van den Daele s.j. - Blog Collectief Geheugen UAntwerpen\",\"isPartOf\":{\"@id\":\"https:\\\/\\\/blog.uantwerpen.be\\\/collectief-geheugen\\\/#website\"},\"primaryImageOfPage\":{\"@id\":\"https:\\\/\\\/blog.uantwerpen.be\\\/collectief-geheugen\\\/albert-van-den-daele\\\/#primaryimage\"},\"image\":{\"@id\":\"https:\\\/\\\/blog.uantwerpen.be\\\/collectief-geheugen\\\/albert-van-den-daele\\\/#primaryimage\"},\"thumbnailUrl\":\"https:\\\/\\\/blog.uantwerpen.be\\\/collectief-geheugen\\\/wp-content\\\/uploads\\\/2025\\\/08\\\/BE-942855-1775-2259_005_1.jpg\",\"datePublished\":\"2025-08-14T09:42:00+00:00\",\"dateModified\":\"2026-02-20T14:38:07+00:00\",\"breadcrumb\":{\"@id\":\"https:\\\/\\\/blog.uantwerpen.be\\\/collectief-geheugen\\\/albert-van-den-daele\\\/#breadcrumb\"},\"inLanguage\":\"nl-BE\",\"potentialAction\":[{\"@type\":\"ReadAction\",\"target\":[\"https:\\\/\\\/blog.uantwerpen.be\\\/collectief-geheugen\\\/albert-van-den-daele\\\/\"]}]},{\"@type\":\"ImageObject\",\"inLanguage\":\"nl-BE\",\"@id\":\"https:\\\/\\\/blog.uantwerpen.be\\\/collectief-geheugen\\\/albert-van-den-daele\\\/#primaryimage\",\"url\":\"https:\\\/\\\/blog.uantwerpen.be\\\/collectief-geheugen\\\/wp-content\\\/uploads\\\/2025\\\/08\\\/BE-942855-1775-2259_005_1.jpg\",\"contentUrl\":\"https:\\\/\\\/blog.uantwerpen.be\\\/collectief-geheugen\\\/wp-content\\\/uploads\\\/2025\\\/08\\\/BE-942855-1775-2259_005_1.jpg\",\"width\":883,\"height\":1311,\"caption\":\"KADOC-KU Leuven. Beeldarchief Belgische provincie van de jezu\u00efeten\"},{\"@type\":\"BreadcrumbList\",\"@id\":\"https:\\\/\\\/blog.uantwerpen.be\\\/collectief-geheugen\\\/albert-van-den-daele\\\/#breadcrumb\",\"itemListElement\":[{\"@type\":\"ListItem\",\"position\":1,\"name\":\"Home\",\"item\":\"https:\\\/\\\/blog.uantwerpen.be\\\/collectief-geheugen\\\/\"},{\"@type\":\"ListItem\",\"position\":2,\"name\":\"Albert Van den Daele s.j.\"}]},{\"@type\":\"WebSite\",\"@id\":\"https:\\\/\\\/blog.uantwerpen.be\\\/collectief-geheugen\\\/#website\",\"url\":\"https:\\\/\\\/blog.uantwerpen.be\\\/collectief-geheugen\\\/\",\"name\":\"Blog Collectief Geheugen UAntwerpen\",\"description\":\"Universiteit Antwerpen Collectief Geheugen\",\"publisher\":{\"@id\":\"https:\\\/\\\/blog.uantwerpen.be\\\/collectief-geheugen\\\/#organization\"},\"potentialAction\":[{\"@type\":\"SearchAction\",\"target\":{\"@type\":\"EntryPoint\",\"urlTemplate\":\"https:\\\/\\\/blog.uantwerpen.be\\\/collectief-geheugen\\\/?s={search_term_string}\"},\"query-input\":{\"@type\":\"PropertyValueSpecification\",\"valueRequired\":true,\"valueName\":\"search_term_string\"}}],\"inLanguage\":\"nl-BE\"},{\"@type\":\"Organization\",\"@id\":\"https:\\\/\\\/blog.uantwerpen.be\\\/collectief-geheugen\\\/#organization\",\"name\":\"Blog Collectief Geheugen UAntwerpen\",\"url\":\"https:\\\/\\\/blog.uantwerpen.be\\\/collectief-geheugen\\\/\",\"logo\":{\"@type\":\"ImageObject\",\"inLanguage\":\"nl-BE\",\"@id\":\"https:\\\/\\\/blog.uantwerpen.be\\\/collectief-geheugen\\\/#\\\/schema\\\/logo\\\/image\\\/\",\"url\":\"https:\\\/\\\/blog.uantwerpen.be\\\/collectief-geheugen\\\/wp-content\\\/uploads\\\/2021\\\/09\\\/cropped-UA-hor-1-nl-white.png\",\"contentUrl\":\"https:\\\/\\\/blog.uantwerpen.be\\\/collectief-geheugen\\\/wp-content\\\/uploads\\\/2021\\\/09\\\/cropped-UA-hor-1-nl-white.png\",\"width\":873,\"height\":250,\"caption\":\"Blog Collectief Geheugen UAntwerpen\"},\"image\":{\"@id\":\"https:\\\/\\\/blog.uantwerpen.be\\\/collectief-geheugen\\\/#\\\/schema\\\/logo\\\/image\\\/\"}},{\"@type\":\"Person\",\"@id\":\"https:\\\/\\\/blog.uantwerpen.be\\\/collectief-geheugen\\\/#\\\/schema\\\/person\\\/824ccd372c089c86ff58fad5c2154646\",\"name\":\"Guido De Baere\",\"url\":\"https:\\\/\\\/blog.uantwerpen.be\\\/collectief-geheugen\\\/author\\\/guido-debaere\\\/\"}]}<\/script>\n<!-- \/ Yoast SEO plugin. -->","yoast_head_json":{"title":"Albert Van den Daele s.j. - Blog Collectief Geheugen UAntwerpen","robots":{"index":"index","follow":"follow","max-snippet":"max-snippet:-1","max-image-preview":"max-image-preview:large","max-video-preview":"max-video-preview:-1"},"canonical":"https:\/\/blog.uantwerpen.be\/collectief-geheugen\/albert-van-den-daele\/","og_locale":"nl_BE","og_type":"article","og_title":"Albert Van den Daele s.j. - Blog Collectief Geheugen UAntwerpen","og_description":"1904-1978","og_url":"https:\/\/blog.uantwerpen.be\/collectief-geheugen\/albert-van-den-daele\/","og_site_name":"Blog Collectief Geheugen UAntwerpen","article_published_time":"2025-08-14T09:42:00+00:00","article_modified_time":"2026-02-20T14:38:07+00:00","og_image":[{"width":883,"height":1311,"url":"https:\/\/blog.uantwerpen.be\/collectief-geheugen\/wp-content\/uploads\/2025\/08\/BE-942855-1775-2259_005_1.jpg","type":"image\/jpeg"}],"author":"Guido De Baere","twitter_card":"summary_large_image","twitter_misc":{"Geschreven door":"Guido De Baere","Geschatte leestijd":"4 minuten"},"schema":{"@context":"https:\/\/schema.org","@graph":[{"@type":"Article","@id":"https:\/\/blog.uantwerpen.be\/collectief-geheugen\/albert-van-den-daele\/#article","isPartOf":{"@id":"https:\/\/blog.uantwerpen.be\/collectief-geheugen\/albert-van-den-daele\/"},"author":{"name":"Guido De Baere","@id":"https:\/\/blog.uantwerpen.be\/collectief-geheugen\/#\/schema\/person\/824ccd372c089c86ff58fad5c2154646"},"headline":"Albert Van den Daele s.j.","datePublished":"2025-08-14T09:42:00+00:00","dateModified":"2026-02-20T14:38:07+00:00","mainEntityOfPage":{"@id":"https:\/\/blog.uantwerpen.be\/collectief-geheugen\/albert-van-den-daele\/"},"wordCount":527,"publisher":{"@id":"https:\/\/blog.uantwerpen.be\/collectief-geheugen\/#organization"},"image":{"@id":"https:\/\/blog.uantwerpen.be\/collectief-geheugen\/albert-van-den-daele\/#primaryimage"},"thumbnailUrl":"https:\/\/blog.uantwerpen.be\/collectief-geheugen\/wp-content\/uploads\/2025\/08\/BE-942855-1775-2259_005_1.jpg","articleSection":["Hoogleraarportretten","V-Z - Hoogleraarportretten","UFSIA"],"inLanguage":"nl-BE"},{"@type":"WebPage","@id":"https:\/\/blog.uantwerpen.be\/collectief-geheugen\/albert-van-den-daele\/","url":"https:\/\/blog.uantwerpen.be\/collectief-geheugen\/albert-van-den-daele\/","name":"Albert Van den Daele s.j. - Blog Collectief Geheugen UAntwerpen","isPartOf":{"@id":"https:\/\/blog.uantwerpen.be\/collectief-geheugen\/#website"},"primaryImageOfPage":{"@id":"https:\/\/blog.uantwerpen.be\/collectief-geheugen\/albert-van-den-daele\/#primaryimage"},"image":{"@id":"https:\/\/blog.uantwerpen.be\/collectief-geheugen\/albert-van-den-daele\/#primaryimage"},"thumbnailUrl":"https:\/\/blog.uantwerpen.be\/collectief-geheugen\/wp-content\/uploads\/2025\/08\/BE-942855-1775-2259_005_1.jpg","datePublished":"2025-08-14T09:42:00+00:00","dateModified":"2026-02-20T14:38:07+00:00","breadcrumb":{"@id":"https:\/\/blog.uantwerpen.be\/collectief-geheugen\/albert-van-den-daele\/#breadcrumb"},"inLanguage":"nl-BE","potentialAction":[{"@type":"ReadAction","target":["https:\/\/blog.uantwerpen.be\/collectief-geheugen\/albert-van-den-daele\/"]}]},{"@type":"ImageObject","inLanguage":"nl-BE","@id":"https:\/\/blog.uantwerpen.be\/collectief-geheugen\/albert-van-den-daele\/#primaryimage","url":"https:\/\/blog.uantwerpen.be\/collectief-geheugen\/wp-content\/uploads\/2025\/08\/BE-942855-1775-2259_005_1.jpg","contentUrl":"https:\/\/blog.uantwerpen.be\/collectief-geheugen\/wp-content\/uploads\/2025\/08\/BE-942855-1775-2259_005_1.jpg","width":883,"height":1311,"caption":"KADOC-KU Leuven. Beeldarchief Belgische provincie van de jezu\u00efeten"},{"@type":"BreadcrumbList","@id":"https:\/\/blog.uantwerpen.be\/collectief-geheugen\/albert-van-den-daele\/#breadcrumb","itemListElement":[{"@type":"ListItem","position":1,"name":"Home","item":"https:\/\/blog.uantwerpen.be\/collectief-geheugen\/"},{"@type":"ListItem","position":2,"name":"Albert Van den Daele s.j."}]},{"@type":"WebSite","@id":"https:\/\/blog.uantwerpen.be\/collectief-geheugen\/#website","url":"https:\/\/blog.uantwerpen.be\/collectief-geheugen\/","name":"Blog Collectief Geheugen UAntwerpen","description":"Universiteit Antwerpen Collectief Geheugen","publisher":{"@id":"https:\/\/blog.uantwerpen.be\/collectief-geheugen\/#organization"},"potentialAction":[{"@type":"SearchAction","target":{"@type":"EntryPoint","urlTemplate":"https:\/\/blog.uantwerpen.be\/collectief-geheugen\/?s={search_term_string}"},"query-input":{"@type":"PropertyValueSpecification","valueRequired":true,"valueName":"search_term_string"}}],"inLanguage":"nl-BE"},{"@type":"Organization","@id":"https:\/\/blog.uantwerpen.be\/collectief-geheugen\/#organization","name":"Blog Collectief Geheugen UAntwerpen","url":"https:\/\/blog.uantwerpen.be\/collectief-geheugen\/","logo":{"@type":"ImageObject","inLanguage":"nl-BE","@id":"https:\/\/blog.uantwerpen.be\/collectief-geheugen\/#\/schema\/logo\/image\/","url":"https:\/\/blog.uantwerpen.be\/collectief-geheugen\/wp-content\/uploads\/2021\/09\/cropped-UA-hor-1-nl-white.png","contentUrl":"https:\/\/blog.uantwerpen.be\/collectief-geheugen\/wp-content\/uploads\/2021\/09\/cropped-UA-hor-1-nl-white.png","width":873,"height":250,"caption":"Blog Collectief Geheugen UAntwerpen"},"image":{"@id":"https:\/\/blog.uantwerpen.be\/collectief-geheugen\/#\/schema\/logo\/image\/"}},{"@type":"Person","@id":"https:\/\/blog.uantwerpen.be\/collectief-geheugen\/#\/schema\/person\/824ccd372c089c86ff58fad5c2154646","name":"Guido De Baere","url":"https:\/\/blog.uantwerpen.be\/collectief-geheugen\/author\/guido-debaere\/"}]}},"_links":{"self":[{"href":"https:\/\/blog.uantwerpen.be\/collectief-geheugen\/wp-json\/wp\/v2\/posts\/6424","targetHints":{"allow":["GET"]}}],"collection":[{"href":"https:\/\/blog.uantwerpen.be\/collectief-geheugen\/wp-json\/wp\/v2\/posts"}],"about":[{"href":"https:\/\/blog.uantwerpen.be\/collectief-geheugen\/wp-json\/wp\/v2\/types\/post"}],"author":[{"embeddable":true,"href":"https:\/\/blog.uantwerpen.be\/collectief-geheugen\/wp-json\/wp\/v2\/users\/43"}],"replies":[{"embeddable":true,"href":"https:\/\/blog.uantwerpen.be\/collectief-geheugen\/wp-json\/wp\/v2\/comments?post=6424"}],"version-history":[{"count":3,"href":"https:\/\/blog.uantwerpen.be\/collectief-geheugen\/wp-json\/wp\/v2\/posts\/6424\/revisions"}],"predecessor-version":[{"id":6447,"href":"https:\/\/blog.uantwerpen.be\/collectief-geheugen\/wp-json\/wp\/v2\/posts\/6424\/revisions\/6447"}],"wp:featuredmedia":[{"embeddable":true,"href":"https:\/\/blog.uantwerpen.be\/collectief-geheugen\/wp-json\/wp\/v2\/media\/6443"}],"wp:attachment":[{"href":"https:\/\/blog.uantwerpen.be\/collectief-geheugen\/wp-json\/wp\/v2\/media?parent=6424"}],"wp:term":[{"taxonomy":"category","embeddable":true,"href":"https:\/\/blog.uantwerpen.be\/collectief-geheugen\/wp-json\/wp\/v2\/categories?post=6424"},{"taxonomy":"post_tag","embeddable":true,"href":"https:\/\/blog.uantwerpen.be\/collectief-geheugen\/wp-json\/wp\/v2\/tags?post=6424"}],"curies":[{"name":"wp","href":"https:\/\/api.w.org\/{rel}","templated":true}]}}