{"id":6385,"date":"2026-02-02T20:14:31","date_gmt":"2026-02-02T19:14:31","guid":{"rendered":"https:\/\/blog.uantwerpen.be\/collectief-geheugen\/?p=6385"},"modified":"2026-02-20T15:35:12","modified_gmt":"2026-02-20T14:35:12","slug":"wilfried-talloen-s-j","status":"publish","type":"post","link":"https:\/\/blog.uantwerpen.be\/collectief-geheugen\/wilfried-talloen-s-j\/","title":{"rendered":"Wilfried Talloen s.j."},"content":{"rendered":"\n<p class=\"has-text-align-center\"><strong>1908-1979<\/strong><\/p>\n\n\n<div class=\"wp-block-image\">\n<figure class=\"alignright size-full is-resized\"><img loading=\"lazy\" decoding=\"async\" width=\"458\" height=\"584\" src=\"https:\/\/blog.uantwerpen.be\/collectief-geheugen\/wp-content\/uploads\/2026\/02\/BE-942855-1775-2078_001.jpg\" alt=\"\" class=\"wp-image-6440\" style=\"aspect-ratio:0.7842408026755853;width:313px;height:auto\" srcset=\"https:\/\/blog.uantwerpen.be\/collectief-geheugen\/wp-content\/uploads\/2026\/02\/BE-942855-1775-2078_001.jpg 458w, https:\/\/blog.uantwerpen.be\/collectief-geheugen\/wp-content\/uploads\/2026\/02\/BE-942855-1775-2078_001-235x300.jpg 235w\" sizes=\"auto, (max-width: 458px) 100vw, 458px\" \/><figcaption class=\"wp-element-caption\">KADOC-KU Leuven. Beeldarchief Belgische provincie van de jezu\u00efeten<\/figcaption><\/figure>\n<\/div>\n\n\n<p><strong>Studies<\/strong><\/p>\n\n\n\n<p>Wilfried Talloen werd geboren op 6 september 1908 in Aalst. Zijn studiejaren op het Sint-Jozefcollege werden niet zozeer gekenmerkt door schittering dan wel door degelijkheid en eenvoud. Hij trad in bij de jezu\u00efeten in Aarlen in 1927. Voor de filosofische vorming verhuisde hij naar het Berchmanianum in Nijmegen (1931-33) en twee jaar later naar het nieuwe filosoficum in Egenhoven bij Leuven (1933-34). Gedurende twee jaar was hij surveillant in het Sint-Barbaracollege te Gent (1934-36), waar hij geschiedenis en aardrijkskunde onderwees. De studie van de theologie vond plaats in Leuven (1936-41).<\/p>\n\n\n\n<p>Priester gewijd in 1939 werd hij spoedig onder de wapens geroepen. Hij maakte als legeraalmoezenier de 18-daagse veldtocht mee en een gevangenschap in Duitsland tot december 1940.<\/p>\n\n\n\n<p><strong>Loopbaan en onderwijs<\/strong><\/p>\n\n\n\n<p>Daarop is een ononderbroken loopbaan gevolgd in Sint-Ignatius te Antwerpen als professor in de aardrijkskunde, van 1942 tot 1977. De oorlogsomstandigheden maakten de start moeilijk: vanaf oktober 1942 hadden de bezetters het huis aan de Prinsstraat opge\u00ebist. De studenten ontvingen hun colleges op diverse plaatsen in de stad. Toen vanaf oktober 1944 de V-bommen de stad onveilig maakten, werden de colleges per correspondentie gegeven of door middel van handboeken die de student zelf moest verwerken. Het academiejaar 1944-45 was onregelmatig door de wederopening na de bevrijding. Talloen heeft deze ongebruikelijke inrijperiode goed overleefd. In het eerste jaar doceerde hij fysische en menselijke aardrijkskunde (zie literatuur), in het tweede jaar economische aardrijkskunde, in het derde jaar toegepaste economische aardrijkskunde. De aardrijkskunde nam in het oude leerplan een belangrijke plaats in en de bibliotheek was voor deze discipline goed uitgerust. Heel wat generaties studenten genoten van de smaakvolle wijze waarop Talloen hun de leerstof bijbracht. Een passage uit het hieronder geciteerde artikel geeft daarvan een idee: &nbsp;\u201cCette immense tension vitale, ce go\u00fbt de vivre se trouvent inscrits par l\u2019homme sur le globe entier, de mille fa\u00e7ons diff\u00e9rentes, toujours nouvelles, car la vie est in\u00e9puisable\u201d (p. 546). In zijn onderricht voerde hij reeds vroeg een uitgebreide visuele documentatie aan: zijn dia\u2019s waren dikwijls pareltjes van fotografie. Hij was een trouwe medewerker van de Koninklijke Maatschappij voor Dierkunde en lid van het Koninklijk Aardrijkskundig Genootschap van Antwerpen.<\/p>\n\n\n\n<p><strong>Persoonlijkheid<\/strong><\/p>\n\n\n\n<p>Wilfried Talloen was niet uitbundig maar eerder schuchter. Discretie was voor hem een heilige zaak, en zijn privacy kende wetten en grenzen waar niemand ooit helemaal achter kwam. Meer dan 30 jaren heeft hij in alle bescheidenheid mensen begeleid.<\/p>\n\n\n\n<p>Zijn belangstelling voor mensen en dingen was met de jaren zo veelzijdig geworden dat het voor buitenstaanders onoverzichtelijk ging lijken. Dat hij regelmatig als goochelaar optrad, zullen weinigen weten; nochtans liegen zijn koffers met instrumenten er niet om.<\/p>\n\n\n\n<p>De astronomie was een serieuzer bedrijf. Zijn kamertelescoop was een heilig instrument en hoe gelukkig was hij als je hem bij heldere hemel domme vragen stelde over het firmament.<\/p>\n\n\n\n<p>Zijn kennis op het gebied van de geneeskunde was vrij zeldzaam voor een leek. Hij kon overtuigend therapeutische raadgevingen verstrekken, nieuwe eetgewoonten aanbevelen, of voor een confrater binnen de kortste tijd een afspraak vastleggen bij een ongenaakbaar specialist.<\/p>\n\n\n\n<p>Op de morgen van de dag waarop een vasculair accident hem zou vellen, was Wilfried Talloen nog gaan zwemmen, en wel in een zwembad met olympische afmetingen. Bij zijn thuiskomst had hij zich aan de afhandeling van zijn dagelijkse correspondentie gezet. Tegen 11 uur merkte hij tekenen van motorische verlamming. Hij kon nog een huisgenoot waarschuwen. Kort nadien werd een trombose vastgesteld met vergevorderde ravage. In de kliniek hebben geen goede zorgen nog kunnen baten. Bij eventueel herstel zou Wilfried Talloen trouwens zwaar gehandicapt geweest zijn, waar hij zeer tegen opzag.<\/p>\n\n\n\n<p>De huisgenoten en vrienden die bij hem waakten, hebben de comateuze dagen en nachten meebeleefd. Zij hebben niet meer kunnen helpen, maar deze broederdienst heeft hen gelouterd.<\/p>\n\n\n\n<p>Hij overleed op 14 juni 1979 te Antwerpen.<\/p>\n\n\n\n<p>Literatuur:<br>&#8211; \u2018Invitation \u00e0 la g\u00e9ographie humaine. En marge du livre de M. Parain sur la M\u00e9diterran\u00e9e\u2019, in: <em>Les \u00c9tudes classiques<\/em>, 7 (1938), p. 541-546.<\/p>\n\n\n\n<p class=\"has-text-align-right\">em. prof. dr. Guido de Baere, FLW, UAntwerpen<br>14 augustus 2025<\/p>\n","protected":false},"excerpt":{"rendered":"<p>1908-1979<\/p>\n","protected":false},"author":43,"featured_media":6438,"comment_status":"closed","ping_status":"closed","sticky":false,"template":"single-svg.php","format":"standard","meta":{"_acf_changed":false,"footnotes":""},"categories":[128,151,28,32],"tags":[],"class_list":["post-6385","post","type-post","status-publish","format-standard","has-post-thumbnail","hentry","category-hoogleraars","category-m-u","category-ufsia","category-sint-ignatiushandelshogeschool"],"acf":[],"yoast_head":"<!-- This site is optimized with the Yoast SEO plugin v27.4 - https:\/\/yoast.com\/product\/yoast-seo-wordpress\/ -->\n<title>Wilfried Talloen s.j. - Blog Collectief Geheugen UAntwerpen<\/title>\n<meta name=\"robots\" content=\"index, follow, max-snippet:-1, max-image-preview:large, max-video-preview:-1\" \/>\n<link rel=\"canonical\" href=\"https:\/\/blog.uantwerpen.be\/collectief-geheugen\/wilfried-talloen-s-j\/\" \/>\n<meta property=\"og:locale\" content=\"nl_BE\" \/>\n<meta property=\"og:type\" content=\"article\" \/>\n<meta property=\"og:title\" content=\"Wilfried Talloen s.j. - Blog Collectief Geheugen UAntwerpen\" \/>\n<meta property=\"og:description\" content=\"1908-1979\" \/>\n<meta property=\"og:url\" content=\"https:\/\/blog.uantwerpen.be\/collectief-geheugen\/wilfried-talloen-s-j\/\" \/>\n<meta property=\"og:site_name\" content=\"Blog Collectief Geheugen UAntwerpen\" \/>\n<meta property=\"article:published_time\" content=\"2026-02-02T19:14:31+00:00\" \/>\n<meta property=\"article:modified_time\" content=\"2026-02-20T14:35:12+00:00\" \/>\n<meta property=\"og:image\" content=\"https:\/\/blog.uantwerpen.be\/collectief-geheugen\/wp-content\/uploads\/2026\/02\/BE-942855-1775-2078_002r.jpg\" \/>\n\t<meta property=\"og:image:width\" content=\"1100\" \/>\n\t<meta property=\"og:image:height\" content=\"1585\" \/>\n\t<meta property=\"og:image:type\" content=\"image\/jpeg\" \/>\n<meta name=\"author\" content=\"Guido De Baere\" \/>\n<meta name=\"twitter:card\" content=\"summary_large_image\" \/>\n<meta name=\"twitter:label1\" content=\"Geschreven door\" \/>\n\t<meta name=\"twitter:data1\" content=\"Guido De Baere\" \/>\n\t<meta name=\"twitter:label2\" content=\"Geschatte leestijd\" \/>\n\t<meta name=\"twitter:data2\" content=\"1 minuut\" \/>\n<script type=\"application\/ld+json\" class=\"yoast-schema-graph\">{\"@context\":\"https:\\\/\\\/schema.org\",\"@graph\":[{\"@type\":\"Article\",\"@id\":\"https:\\\/\\\/blog.uantwerpen.be\\\/collectief-geheugen\\\/wilfried-talloen-s-j\\\/#article\",\"isPartOf\":{\"@id\":\"https:\\\/\\\/blog.uantwerpen.be\\\/collectief-geheugen\\\/wilfried-talloen-s-j\\\/\"},\"author\":{\"name\":\"Guido De Baere\",\"@id\":\"https:\\\/\\\/blog.uantwerpen.be\\\/collectief-geheugen\\\/#\\\/schema\\\/person\\\/824ccd372c089c86ff58fad5c2154646\"},\"headline\":\"Wilfried Talloen s.j.\",\"datePublished\":\"2026-02-02T19:14:31+00:00\",\"dateModified\":\"2026-02-20T14:35:12+00:00\",\"mainEntityOfPage\":{\"@id\":\"https:\\\/\\\/blog.uantwerpen.be\\\/collectief-geheugen\\\/wilfried-talloen-s-j\\\/\"},\"wordCount\":668,\"publisher\":{\"@id\":\"https:\\\/\\\/blog.uantwerpen.be\\\/collectief-geheugen\\\/#organization\"},\"image\":{\"@id\":\"https:\\\/\\\/blog.uantwerpen.be\\\/collectief-geheugen\\\/wilfried-talloen-s-j\\\/#primaryimage\"},\"thumbnailUrl\":\"https:\\\/\\\/blog.uantwerpen.be\\\/collectief-geheugen\\\/wp-content\\\/uploads\\\/2026\\\/02\\\/BE-942855-1775-2078_002r.jpg\",\"articleSection\":[\"Hoogleraarportretten\",\"M-U - Hoogleraarportretten\",\"UFSIA\",\"Sint-Ignatiushandelshogeschool\"],\"inLanguage\":\"nl-BE\"},{\"@type\":\"WebPage\",\"@id\":\"https:\\\/\\\/blog.uantwerpen.be\\\/collectief-geheugen\\\/wilfried-talloen-s-j\\\/\",\"url\":\"https:\\\/\\\/blog.uantwerpen.be\\\/collectief-geheugen\\\/wilfried-talloen-s-j\\\/\",\"name\":\"Wilfried Talloen s.j. - Blog Collectief Geheugen UAntwerpen\",\"isPartOf\":{\"@id\":\"https:\\\/\\\/blog.uantwerpen.be\\\/collectief-geheugen\\\/#website\"},\"primaryImageOfPage\":{\"@id\":\"https:\\\/\\\/blog.uantwerpen.be\\\/collectief-geheugen\\\/wilfried-talloen-s-j\\\/#primaryimage\"},\"image\":{\"@id\":\"https:\\\/\\\/blog.uantwerpen.be\\\/collectief-geheugen\\\/wilfried-talloen-s-j\\\/#primaryimage\"},\"thumbnailUrl\":\"https:\\\/\\\/blog.uantwerpen.be\\\/collectief-geheugen\\\/wp-content\\\/uploads\\\/2026\\\/02\\\/BE-942855-1775-2078_002r.jpg\",\"datePublished\":\"2026-02-02T19:14:31+00:00\",\"dateModified\":\"2026-02-20T14:35:12+00:00\",\"breadcrumb\":{\"@id\":\"https:\\\/\\\/blog.uantwerpen.be\\\/collectief-geheugen\\\/wilfried-talloen-s-j\\\/#breadcrumb\"},\"inLanguage\":\"nl-BE\",\"potentialAction\":[{\"@type\":\"ReadAction\",\"target\":[\"https:\\\/\\\/blog.uantwerpen.be\\\/collectief-geheugen\\\/wilfried-talloen-s-j\\\/\"]}]},{\"@type\":\"ImageObject\",\"inLanguage\":\"nl-BE\",\"@id\":\"https:\\\/\\\/blog.uantwerpen.be\\\/collectief-geheugen\\\/wilfried-talloen-s-j\\\/#primaryimage\",\"url\":\"https:\\\/\\\/blog.uantwerpen.be\\\/collectief-geheugen\\\/wp-content\\\/uploads\\\/2026\\\/02\\\/BE-942855-1775-2078_002r.jpg\",\"contentUrl\":\"https:\\\/\\\/blog.uantwerpen.be\\\/collectief-geheugen\\\/wp-content\\\/uploads\\\/2026\\\/02\\\/BE-942855-1775-2078_002r.jpg\",\"width\":1100,\"height\":1585,\"caption\":\"KADOC-KU Leuven. Beeldarchief Belgische provincie van de jezu\u00efeten\"},{\"@type\":\"BreadcrumbList\",\"@id\":\"https:\\\/\\\/blog.uantwerpen.be\\\/collectief-geheugen\\\/wilfried-talloen-s-j\\\/#breadcrumb\",\"itemListElement\":[{\"@type\":\"ListItem\",\"position\":1,\"name\":\"Home\",\"item\":\"https:\\\/\\\/blog.uantwerpen.be\\\/collectief-geheugen\\\/\"},{\"@type\":\"ListItem\",\"position\":2,\"name\":\"Wilfried Talloen s.j.\"}]},{\"@type\":\"WebSite\",\"@id\":\"https:\\\/\\\/blog.uantwerpen.be\\\/collectief-geheugen\\\/#website\",\"url\":\"https:\\\/\\\/blog.uantwerpen.be\\\/collectief-geheugen\\\/\",\"name\":\"Blog Collectief Geheugen UAntwerpen\",\"description\":\"Universiteit Antwerpen Collectief Geheugen\",\"publisher\":{\"@id\":\"https:\\\/\\\/blog.uantwerpen.be\\\/collectief-geheugen\\\/#organization\"},\"potentialAction\":[{\"@type\":\"SearchAction\",\"target\":{\"@type\":\"EntryPoint\",\"urlTemplate\":\"https:\\\/\\\/blog.uantwerpen.be\\\/collectief-geheugen\\\/?s={search_term_string}\"},\"query-input\":{\"@type\":\"PropertyValueSpecification\",\"valueRequired\":true,\"valueName\":\"search_term_string\"}}],\"inLanguage\":\"nl-BE\"},{\"@type\":\"Organization\",\"@id\":\"https:\\\/\\\/blog.uantwerpen.be\\\/collectief-geheugen\\\/#organization\",\"name\":\"Blog Collectief Geheugen UAntwerpen\",\"url\":\"https:\\\/\\\/blog.uantwerpen.be\\\/collectief-geheugen\\\/\",\"logo\":{\"@type\":\"ImageObject\",\"inLanguage\":\"nl-BE\",\"@id\":\"https:\\\/\\\/blog.uantwerpen.be\\\/collectief-geheugen\\\/#\\\/schema\\\/logo\\\/image\\\/\",\"url\":\"https:\\\/\\\/blog.uantwerpen.be\\\/collectief-geheugen\\\/wp-content\\\/uploads\\\/2021\\\/09\\\/cropped-UA-hor-1-nl-white.png\",\"contentUrl\":\"https:\\\/\\\/blog.uantwerpen.be\\\/collectief-geheugen\\\/wp-content\\\/uploads\\\/2021\\\/09\\\/cropped-UA-hor-1-nl-white.png\",\"width\":873,\"height\":250,\"caption\":\"Blog Collectief Geheugen UAntwerpen\"},\"image\":{\"@id\":\"https:\\\/\\\/blog.uantwerpen.be\\\/collectief-geheugen\\\/#\\\/schema\\\/logo\\\/image\\\/\"}},{\"@type\":\"Person\",\"@id\":\"https:\\\/\\\/blog.uantwerpen.be\\\/collectief-geheugen\\\/#\\\/schema\\\/person\\\/824ccd372c089c86ff58fad5c2154646\",\"name\":\"Guido De Baere\",\"url\":\"https:\\\/\\\/blog.uantwerpen.be\\\/collectief-geheugen\\\/author\\\/guido-debaere\\\/\"}]}<\/script>\n<!-- \/ Yoast SEO plugin. -->","yoast_head_json":{"title":"Wilfried Talloen s.j. - Blog Collectief Geheugen UAntwerpen","robots":{"index":"index","follow":"follow","max-snippet":"max-snippet:-1","max-image-preview":"max-image-preview:large","max-video-preview":"max-video-preview:-1"},"canonical":"https:\/\/blog.uantwerpen.be\/collectief-geheugen\/wilfried-talloen-s-j\/","og_locale":"nl_BE","og_type":"article","og_title":"Wilfried Talloen s.j. - Blog Collectief Geheugen UAntwerpen","og_description":"1908-1979","og_url":"https:\/\/blog.uantwerpen.be\/collectief-geheugen\/wilfried-talloen-s-j\/","og_site_name":"Blog Collectief Geheugen UAntwerpen","article_published_time":"2026-02-02T19:14:31+00:00","article_modified_time":"2026-02-20T14:35:12+00:00","og_image":[{"width":1100,"height":1585,"url":"https:\/\/blog.uantwerpen.be\/collectief-geheugen\/wp-content\/uploads\/2026\/02\/BE-942855-1775-2078_002r.jpg","type":"image\/jpeg"}],"author":"Guido De Baere","twitter_card":"summary_large_image","twitter_misc":{"Geschreven door":"Guido De Baere","Geschatte leestijd":"1 minuut"},"schema":{"@context":"https:\/\/schema.org","@graph":[{"@type":"Article","@id":"https:\/\/blog.uantwerpen.be\/collectief-geheugen\/wilfried-talloen-s-j\/#article","isPartOf":{"@id":"https:\/\/blog.uantwerpen.be\/collectief-geheugen\/wilfried-talloen-s-j\/"},"author":{"name":"Guido De Baere","@id":"https:\/\/blog.uantwerpen.be\/collectief-geheugen\/#\/schema\/person\/824ccd372c089c86ff58fad5c2154646"},"headline":"Wilfried Talloen s.j.","datePublished":"2026-02-02T19:14:31+00:00","dateModified":"2026-02-20T14:35:12+00:00","mainEntityOfPage":{"@id":"https:\/\/blog.uantwerpen.be\/collectief-geheugen\/wilfried-talloen-s-j\/"},"wordCount":668,"publisher":{"@id":"https:\/\/blog.uantwerpen.be\/collectief-geheugen\/#organization"},"image":{"@id":"https:\/\/blog.uantwerpen.be\/collectief-geheugen\/wilfried-talloen-s-j\/#primaryimage"},"thumbnailUrl":"https:\/\/blog.uantwerpen.be\/collectief-geheugen\/wp-content\/uploads\/2026\/02\/BE-942855-1775-2078_002r.jpg","articleSection":["Hoogleraarportretten","M-U - Hoogleraarportretten","UFSIA","Sint-Ignatiushandelshogeschool"],"inLanguage":"nl-BE"},{"@type":"WebPage","@id":"https:\/\/blog.uantwerpen.be\/collectief-geheugen\/wilfried-talloen-s-j\/","url":"https:\/\/blog.uantwerpen.be\/collectief-geheugen\/wilfried-talloen-s-j\/","name":"Wilfried Talloen s.j. - Blog Collectief Geheugen UAntwerpen","isPartOf":{"@id":"https:\/\/blog.uantwerpen.be\/collectief-geheugen\/#website"},"primaryImageOfPage":{"@id":"https:\/\/blog.uantwerpen.be\/collectief-geheugen\/wilfried-talloen-s-j\/#primaryimage"},"image":{"@id":"https:\/\/blog.uantwerpen.be\/collectief-geheugen\/wilfried-talloen-s-j\/#primaryimage"},"thumbnailUrl":"https:\/\/blog.uantwerpen.be\/collectief-geheugen\/wp-content\/uploads\/2026\/02\/BE-942855-1775-2078_002r.jpg","datePublished":"2026-02-02T19:14:31+00:00","dateModified":"2026-02-20T14:35:12+00:00","breadcrumb":{"@id":"https:\/\/blog.uantwerpen.be\/collectief-geheugen\/wilfried-talloen-s-j\/#breadcrumb"},"inLanguage":"nl-BE","potentialAction":[{"@type":"ReadAction","target":["https:\/\/blog.uantwerpen.be\/collectief-geheugen\/wilfried-talloen-s-j\/"]}]},{"@type":"ImageObject","inLanguage":"nl-BE","@id":"https:\/\/blog.uantwerpen.be\/collectief-geheugen\/wilfried-talloen-s-j\/#primaryimage","url":"https:\/\/blog.uantwerpen.be\/collectief-geheugen\/wp-content\/uploads\/2026\/02\/BE-942855-1775-2078_002r.jpg","contentUrl":"https:\/\/blog.uantwerpen.be\/collectief-geheugen\/wp-content\/uploads\/2026\/02\/BE-942855-1775-2078_002r.jpg","width":1100,"height":1585,"caption":"KADOC-KU Leuven. Beeldarchief Belgische provincie van de jezu\u00efeten"},{"@type":"BreadcrumbList","@id":"https:\/\/blog.uantwerpen.be\/collectief-geheugen\/wilfried-talloen-s-j\/#breadcrumb","itemListElement":[{"@type":"ListItem","position":1,"name":"Home","item":"https:\/\/blog.uantwerpen.be\/collectief-geheugen\/"},{"@type":"ListItem","position":2,"name":"Wilfried Talloen s.j."}]},{"@type":"WebSite","@id":"https:\/\/blog.uantwerpen.be\/collectief-geheugen\/#website","url":"https:\/\/blog.uantwerpen.be\/collectief-geheugen\/","name":"Blog Collectief Geheugen UAntwerpen","description":"Universiteit Antwerpen Collectief Geheugen","publisher":{"@id":"https:\/\/blog.uantwerpen.be\/collectief-geheugen\/#organization"},"potentialAction":[{"@type":"SearchAction","target":{"@type":"EntryPoint","urlTemplate":"https:\/\/blog.uantwerpen.be\/collectief-geheugen\/?s={search_term_string}"},"query-input":{"@type":"PropertyValueSpecification","valueRequired":true,"valueName":"search_term_string"}}],"inLanguage":"nl-BE"},{"@type":"Organization","@id":"https:\/\/blog.uantwerpen.be\/collectief-geheugen\/#organization","name":"Blog Collectief Geheugen UAntwerpen","url":"https:\/\/blog.uantwerpen.be\/collectief-geheugen\/","logo":{"@type":"ImageObject","inLanguage":"nl-BE","@id":"https:\/\/blog.uantwerpen.be\/collectief-geheugen\/#\/schema\/logo\/image\/","url":"https:\/\/blog.uantwerpen.be\/collectief-geheugen\/wp-content\/uploads\/2021\/09\/cropped-UA-hor-1-nl-white.png","contentUrl":"https:\/\/blog.uantwerpen.be\/collectief-geheugen\/wp-content\/uploads\/2021\/09\/cropped-UA-hor-1-nl-white.png","width":873,"height":250,"caption":"Blog Collectief Geheugen UAntwerpen"},"image":{"@id":"https:\/\/blog.uantwerpen.be\/collectief-geheugen\/#\/schema\/logo\/image\/"}},{"@type":"Person","@id":"https:\/\/blog.uantwerpen.be\/collectief-geheugen\/#\/schema\/person\/824ccd372c089c86ff58fad5c2154646","name":"Guido De Baere","url":"https:\/\/blog.uantwerpen.be\/collectief-geheugen\/author\/guido-debaere\/"}]}},"_links":{"self":[{"href":"https:\/\/blog.uantwerpen.be\/collectief-geheugen\/wp-json\/wp\/v2\/posts\/6385","targetHints":{"allow":["GET"]}}],"collection":[{"href":"https:\/\/blog.uantwerpen.be\/collectief-geheugen\/wp-json\/wp\/v2\/posts"}],"about":[{"href":"https:\/\/blog.uantwerpen.be\/collectief-geheugen\/wp-json\/wp\/v2\/types\/post"}],"author":[{"embeddable":true,"href":"https:\/\/blog.uantwerpen.be\/collectief-geheugen\/wp-json\/wp\/v2\/users\/43"}],"replies":[{"embeddable":true,"href":"https:\/\/blog.uantwerpen.be\/collectief-geheugen\/wp-json\/wp\/v2\/comments?post=6385"}],"version-history":[{"count":4,"href":"https:\/\/blog.uantwerpen.be\/collectief-geheugen\/wp-json\/wp\/v2\/posts\/6385\/revisions"}],"predecessor-version":[{"id":6442,"href":"https:\/\/blog.uantwerpen.be\/collectief-geheugen\/wp-json\/wp\/v2\/posts\/6385\/revisions\/6442"}],"wp:featuredmedia":[{"embeddable":true,"href":"https:\/\/blog.uantwerpen.be\/collectief-geheugen\/wp-json\/wp\/v2\/media\/6438"}],"wp:attachment":[{"href":"https:\/\/blog.uantwerpen.be\/collectief-geheugen\/wp-json\/wp\/v2\/media?parent=6385"}],"wp:term":[{"taxonomy":"category","embeddable":true,"href":"https:\/\/blog.uantwerpen.be\/collectief-geheugen\/wp-json\/wp\/v2\/categories?post=6385"},{"taxonomy":"post_tag","embeddable":true,"href":"https:\/\/blog.uantwerpen.be\/collectief-geheugen\/wp-json\/wp\/v2\/tags?post=6385"}],"curies":[{"name":"wp","href":"https:\/\/api.w.org\/{rel}","templated":true}]}}