{"id":5547,"date":"2024-04-17T10:09:00","date_gmt":"2024-04-17T08:09:00","guid":{"rendered":"https:\/\/blog.uantwerpen.be\/collectief-geheugen\/?p=5547"},"modified":"2025-04-11T22:23:20","modified_gmt":"2025-04-11T20:23:20","slug":"fernand-nedee","status":"publish","type":"post","link":"https:\/\/blog.uantwerpen.be\/collectief-geheugen\/fernand-nedee\/","title":{"rendered":"Fernand N\u00e9d\u00e9e"},"content":{"rendered":"\n<p class=\"has-text-align-center\"><strong>1930-1980<\/strong><\/p>\n\n\n\n<p>Voormalig buitengewoon hoogleraar aan de Universiteit Antwerpen Fernand N\u00e9d\u00e9e werd geboren in Antwerpen op 7 februari 1930 en overleed aldaar op 3 augustus 1980.<\/p>\n\n\n<div class=\"wp-block-image\">\n<figure class=\"alignleft size-full is-resized\"><img loading=\"lazy\" decoding=\"async\" width=\"588\" height=\"651\" src=\"https:\/\/blog.uantwerpen.be\/collectief-geheugen\/wp-content\/uploads\/2024\/11\/8266-rotated.jpg\" alt=\"\" class=\"wp-image-5691\" style=\"width:407px;height:auto\" srcset=\"https:\/\/blog.uantwerpen.be\/collectief-geheugen\/wp-content\/uploads\/2024\/11\/8266-rotated.jpg 588w, https:\/\/blog.uantwerpen.be\/collectief-geheugen\/wp-content\/uploads\/2024\/11\/8266-271x300.jpg 271w\" sizes=\"auto, (max-width: 588px) 100vw, 588px\" \/><figcaption class=\"wp-element-caption\">Foto UArchief 8266<\/figcaption><\/figure>\n<\/div>\n\n\n<p>Fernand Jules Mathilde Th\u00e9r\u00e8se George N\u00e9d\u00e9e was een persoon die, ondanks het feit dat hij slechts 50 jaar leefde, een enorme indruk nagelaten heeft op zijn tijdgenoten. In het Nationaal Biografisch Woordenboek, vol. 21, 2014, col. 781-799 werd een uitvoerige biografische nota gepubliceerd. Hier zal vooral ingegaan worden op de relatie die N\u00e9d\u00e9e had met de Universiteit Antwerpen.<\/p>\n\n\n\n<p><strong>Buitengewoon begaafd<\/strong><\/p>\n\n\n\n<p>N\u00e9d\u00e9e was hoogbegaafd en behaalde de volgende diploma\u2019s: in 1954 dr. in de rechten (Leuven), licentiaat in het notariaat (Leuven), licentiaat in de economische wetenschappen, in 1956 licentiaat in de wijsbegeerte (Leuven) en ten slotte aan de universiteit van Chicago master of arts in economics. Hij werd in 1960 kabinetsadviseur van premier Gaston Eyskens (1905-1988) en vervolgens van premier Th\u00e9o Lef\u00e8vre (1914-1973). In 1964 startte N\u00e9d\u00e9e zijn loopbaan in het bankwezen, waar hij Maurits Naessens (1908-1982) opvolgde als directeur van de Bank van Parijs en de Nederlanden. Naast tal van andere activiteiten mag vermeld worden dat N\u00e9d\u00e9e oprichter en beheerder was van de holding Copeba (Compagnie Belge de Participations Paribas) en dat N\u00e9d\u00e9e een van de vier oprichters was van de vandaag nog steeds bestaande krant <em>De Tijd<\/em>.<\/p>\n\n\n\n<p>In oktober 1960 startte N\u00e9d\u00e9e zijn deeltijdse academische loopbaan. Eerst in Namen, waar hij zijn diploma van kandidaat in de rechten had behaald, vervolgens werd hij van 1964 tot 1970 buitengewoon hoogleraar aan de Universitaire Faculteiten Sint-Ignatius te Antwerpen (UFSIA). In 1970 werd hij de eerste lekenvoorzitter van de Algemene Vergadering van UFSIA.<\/p>\n\n\n\n<p><strong>Grondlegger van campus Drie Eiken en UZA<\/strong><\/p>\n\n\n\n<p>Bij de start van de Universitaire Instelling Antwerpen (UIA) in 1972 werd N\u00e9d\u00e9e voorzitter van de Raad van Beheer. N\u00e9d\u00e9e nam de volle verantwoordelijkheid op, niet alleen voor het zoeken naar een geschikte plaats voor het bouwen van de nieuwe instelling in Wilrijk, maar ook daarna voor de bouw van het nieuwe Academische Ziekenhuis in Edegem. In de UIA werd N\u00e9d\u00e9e aangesteld als buitengewoon hoogleraar voor de opleiding van apothekers in het departement Farmaceutische Wetenschappen van 1978 tot 1980. Hij werd belast met de cursus Elementen van de bedrijfseconomie<\/p>\n\n\n\n<p><strong>Geen arts toch erg begaan met geneeskunde<\/strong><\/p>\n\n\n\n<p>In september 1979 hield N\u00e9d\u00e9e in de UIA een voordracht voor de Koninklijke Geneeskundige Kring te Antwerpen met als titel: <em>Maatschappelijke aspecten van de geneeskunde. De visie van een buitenstaander<\/em>. In 1982, na het overlijden van N\u00e9d\u00e9e, werd door drie professoren van de UIA de vzw. <em>The Ferdinand N\u00e9d\u00e9e Conferences<\/em> opgericht, als dank voor de belangrijke steun die N\u00e9d\u00e9e verleende aan het wetenschappelijk onderzoek. In 2002 werd dit initiatief overgenomen door de Koninklijke Academie voor Geneeskunde van Belgi\u00eb. De prijs Fernand N\u00e9d\u00e9e wordt toegekend aan een persoon die een proefschrift verdedigd heeft aan een van de universiteiten in de Benelux en dat verband houdt met een \u2019gezondheideconomisch\u2019 aspect.<\/p>\n\n\n\n<p><strong>Onverwacht overlijden<\/strong><\/p>\n\n\n\n<p>N\u00e9d\u00e9e kreeg begin mei 1980 een agressieve hepatitis en overleed op 3 augustus. Tal van mensen reageerden op dit totaal onverwachte overlijden van de zo innemende N\u00e9d\u00e9e. Zo publiceerde Marcel Schoeters (1925-2013), de socialistische vakbondsman en gewezen senator en lid van de Raad van Beheer van de UIA op 5 mei in het tijdschrift <em>De Morgen<\/em>, dat N\u00e9d\u00e9e een uitzonderlijk dynamische man was, zeer open en pluralistisch. Op donderdag 7 augustus werd F. N\u00e9d\u00e9e ten grave gedragen in de Pius X-kerk in Wilrijk. In de aanwezigheid van de premier, talrijke ministers en andere hoogwaardigheidsbekleders alsook verschillende professoren.<\/p>\n\n\n\n<p>In 1981 verscheen het boek <em>Ons land in 1990<\/em> met bijdragen van talrijke personen, maar ook twee bijdragen van N\u00e9d\u00e9e zelf, namelijk zijn al vernoemde voordracht voor Geneeskundige Kring en een uitvoerige nota waarin N\u00e9d\u00e9e zijn visie verwoordde op de wereld van morgen.<\/p>\n\n\n\n<p class=\"has-text-align-right\">em. prof. dr. Hendrik Deelstra, FFBD, UAntwerpen<br>17 april 2024<\/p>\n","protected":false},"excerpt":{"rendered":"<p>1930-1980<\/p>\n","protected":false},"author":20,"featured_media":5549,"comment_status":"closed","ping_status":"closed","sticky":false,"template":"single-svg.php","format":"standard","meta":{"_acf_changed":false,"footnotes":""},"categories":[128,151,28,27],"tags":[],"class_list":["post-5547","post","type-post","status-publish","format-standard","has-post-thumbnail","hentry","category-hoogleraars","category-m-u","category-ufsia","category-uia"],"acf":[],"yoast_head":"<!-- This site is optimized with the Yoast SEO plugin v27.4 - https:\/\/yoast.com\/product\/yoast-seo-wordpress\/ -->\n<title>Fernand N\u00e9d\u00e9e - Blog Collectief Geheugen UAntwerpen<\/title>\n<meta name=\"robots\" content=\"index, follow, max-snippet:-1, max-image-preview:large, max-video-preview:-1\" \/>\n<link rel=\"canonical\" href=\"https:\/\/blog.uantwerpen.be\/collectief-geheugen\/fernand-nedee\/\" \/>\n<meta property=\"og:locale\" content=\"nl_BE\" \/>\n<meta property=\"og:type\" content=\"article\" \/>\n<meta property=\"og:title\" content=\"Fernand N\u00e9d\u00e9e - Blog Collectief Geheugen UAntwerpen\" \/>\n<meta property=\"og:description\" content=\"1930-1980\" \/>\n<meta property=\"og:url\" content=\"https:\/\/blog.uantwerpen.be\/collectief-geheugen\/fernand-nedee\/\" \/>\n<meta property=\"og:site_name\" content=\"Blog Collectief Geheugen UAntwerpen\" \/>\n<meta property=\"article:published_time\" content=\"2024-04-17T08:09:00+00:00\" \/>\n<meta property=\"article:modified_time\" content=\"2025-04-11T20:23:20+00:00\" \/>\n<meta property=\"og:image\" content=\"https:\/\/blog.uantwerpen.be\/collectief-geheugen\/wp-content\/uploads\/2024\/11\/183041_nedee.jpg\" \/>\n\t<meta property=\"og:image:width\" content=\"190\" \/>\n\t<meta property=\"og:image:height\" content=\"190\" \/>\n\t<meta property=\"og:image:type\" content=\"image\/jpeg\" \/>\n<meta name=\"author\" content=\"Hendrik Deelstra\" \/>\n<meta name=\"twitter:card\" content=\"summary_large_image\" \/>\n<meta name=\"twitter:label1\" content=\"Geschreven door\" \/>\n\t<meta name=\"twitter:data1\" content=\"Hendrik Deelstra\" \/>\n\t<meta name=\"twitter:label2\" content=\"Geschatte leestijd\" \/>\n\t<meta name=\"twitter:data2\" content=\"4 minuten\" \/>\n<script type=\"application\/ld+json\" class=\"yoast-schema-graph\">{\"@context\":\"https:\\\/\\\/schema.org\",\"@graph\":[{\"@type\":\"Article\",\"@id\":\"https:\\\/\\\/blog.uantwerpen.be\\\/collectief-geheugen\\\/fernand-nedee\\\/#article\",\"isPartOf\":{\"@id\":\"https:\\\/\\\/blog.uantwerpen.be\\\/collectief-geheugen\\\/fernand-nedee\\\/\"},\"author\":{\"name\":\"Hendrik Deelstra\",\"@id\":\"https:\\\/\\\/blog.uantwerpen.be\\\/collectief-geheugen\\\/#\\\/schema\\\/person\\\/231def8b1eba86cf0eed8be889e60f38\"},\"headline\":\"Fernand N\u00e9d\u00e9e\",\"datePublished\":\"2024-04-17T08:09:00+00:00\",\"dateModified\":\"2025-04-11T20:23:20+00:00\",\"mainEntityOfPage\":{\"@id\":\"https:\\\/\\\/blog.uantwerpen.be\\\/collectief-geheugen\\\/fernand-nedee\\\/\"},\"wordCount\":655,\"publisher\":{\"@id\":\"https:\\\/\\\/blog.uantwerpen.be\\\/collectief-geheugen\\\/#organization\"},\"image\":{\"@id\":\"https:\\\/\\\/blog.uantwerpen.be\\\/collectief-geheugen\\\/fernand-nedee\\\/#primaryimage\"},\"thumbnailUrl\":\"https:\\\/\\\/blog.uantwerpen.be\\\/collectief-geheugen\\\/wp-content\\\/uploads\\\/2024\\\/11\\\/183041_nedee.jpg\",\"articleSection\":[\"Hoogleraarportretten\",\"M-U - Hoogleraarportretten\",\"UFSIA\",\"UIA\"],\"inLanguage\":\"nl-BE\"},{\"@type\":\"WebPage\",\"@id\":\"https:\\\/\\\/blog.uantwerpen.be\\\/collectief-geheugen\\\/fernand-nedee\\\/\",\"url\":\"https:\\\/\\\/blog.uantwerpen.be\\\/collectief-geheugen\\\/fernand-nedee\\\/\",\"name\":\"Fernand N\u00e9d\u00e9e - Blog Collectief Geheugen UAntwerpen\",\"isPartOf\":{\"@id\":\"https:\\\/\\\/blog.uantwerpen.be\\\/collectief-geheugen\\\/#website\"},\"primaryImageOfPage\":{\"@id\":\"https:\\\/\\\/blog.uantwerpen.be\\\/collectief-geheugen\\\/fernand-nedee\\\/#primaryimage\"},\"image\":{\"@id\":\"https:\\\/\\\/blog.uantwerpen.be\\\/collectief-geheugen\\\/fernand-nedee\\\/#primaryimage\"},\"thumbnailUrl\":\"https:\\\/\\\/blog.uantwerpen.be\\\/collectief-geheugen\\\/wp-content\\\/uploads\\\/2024\\\/11\\\/183041_nedee.jpg\",\"datePublished\":\"2024-04-17T08:09:00+00:00\",\"dateModified\":\"2025-04-11T20:23:20+00:00\",\"breadcrumb\":{\"@id\":\"https:\\\/\\\/blog.uantwerpen.be\\\/collectief-geheugen\\\/fernand-nedee\\\/#breadcrumb\"},\"inLanguage\":\"nl-BE\",\"potentialAction\":[{\"@type\":\"ReadAction\",\"target\":[\"https:\\\/\\\/blog.uantwerpen.be\\\/collectief-geheugen\\\/fernand-nedee\\\/\"]}]},{\"@type\":\"ImageObject\",\"inLanguage\":\"nl-BE\",\"@id\":\"https:\\\/\\\/blog.uantwerpen.be\\\/collectief-geheugen\\\/fernand-nedee\\\/#primaryimage\",\"url\":\"https:\\\/\\\/blog.uantwerpen.be\\\/collectief-geheugen\\\/wp-content\\\/uploads\\\/2024\\\/11\\\/183041_nedee.jpg\",\"contentUrl\":\"https:\\\/\\\/blog.uantwerpen.be\\\/collectief-geheugen\\\/wp-content\\\/uploads\\\/2024\\\/11\\\/183041_nedee.jpg\",\"width\":190,\"height\":190,\"caption\":\"RECHTEN NOK\"},{\"@type\":\"BreadcrumbList\",\"@id\":\"https:\\\/\\\/blog.uantwerpen.be\\\/collectief-geheugen\\\/fernand-nedee\\\/#breadcrumb\",\"itemListElement\":[{\"@type\":\"ListItem\",\"position\":1,\"name\":\"Home\",\"item\":\"https:\\\/\\\/blog.uantwerpen.be\\\/collectief-geheugen\\\/\"},{\"@type\":\"ListItem\",\"position\":2,\"name\":\"Fernand N\u00e9d\u00e9e\"}]},{\"@type\":\"WebSite\",\"@id\":\"https:\\\/\\\/blog.uantwerpen.be\\\/collectief-geheugen\\\/#website\",\"url\":\"https:\\\/\\\/blog.uantwerpen.be\\\/collectief-geheugen\\\/\",\"name\":\"Blog Collectief Geheugen UAntwerpen\",\"description\":\"Universiteit Antwerpen Collectief Geheugen\",\"publisher\":{\"@id\":\"https:\\\/\\\/blog.uantwerpen.be\\\/collectief-geheugen\\\/#organization\"},\"potentialAction\":[{\"@type\":\"SearchAction\",\"target\":{\"@type\":\"EntryPoint\",\"urlTemplate\":\"https:\\\/\\\/blog.uantwerpen.be\\\/collectief-geheugen\\\/?s={search_term_string}\"},\"query-input\":{\"@type\":\"PropertyValueSpecification\",\"valueRequired\":true,\"valueName\":\"search_term_string\"}}],\"inLanguage\":\"nl-BE\"},{\"@type\":\"Organization\",\"@id\":\"https:\\\/\\\/blog.uantwerpen.be\\\/collectief-geheugen\\\/#organization\",\"name\":\"Blog Collectief Geheugen UAntwerpen\",\"url\":\"https:\\\/\\\/blog.uantwerpen.be\\\/collectief-geheugen\\\/\",\"logo\":{\"@type\":\"ImageObject\",\"inLanguage\":\"nl-BE\",\"@id\":\"https:\\\/\\\/blog.uantwerpen.be\\\/collectief-geheugen\\\/#\\\/schema\\\/logo\\\/image\\\/\",\"url\":\"https:\\\/\\\/blog.uantwerpen.be\\\/collectief-geheugen\\\/wp-content\\\/uploads\\\/2021\\\/09\\\/cropped-UA-hor-1-nl-white.png\",\"contentUrl\":\"https:\\\/\\\/blog.uantwerpen.be\\\/collectief-geheugen\\\/wp-content\\\/uploads\\\/2021\\\/09\\\/cropped-UA-hor-1-nl-white.png\",\"width\":873,\"height\":250,\"caption\":\"Blog Collectief Geheugen UAntwerpen\"},\"image\":{\"@id\":\"https:\\\/\\\/blog.uantwerpen.be\\\/collectief-geheugen\\\/#\\\/schema\\\/logo\\\/image\\\/\"}},{\"@type\":\"Person\",\"@id\":\"https:\\\/\\\/blog.uantwerpen.be\\\/collectief-geheugen\\\/#\\\/schema\\\/person\\\/231def8b1eba86cf0eed8be889e60f38\",\"name\":\"Hendrik Deelstra\",\"url\":\"https:\\\/\\\/blog.uantwerpen.be\\\/collectief-geheugen\\\/author\\\/hendrik-deelstra\\\/\"}]}<\/script>\n<!-- \/ Yoast SEO plugin. -->","yoast_head_json":{"title":"Fernand N\u00e9d\u00e9e - Blog Collectief Geheugen UAntwerpen","robots":{"index":"index","follow":"follow","max-snippet":"max-snippet:-1","max-image-preview":"max-image-preview:large","max-video-preview":"max-video-preview:-1"},"canonical":"https:\/\/blog.uantwerpen.be\/collectief-geheugen\/fernand-nedee\/","og_locale":"nl_BE","og_type":"article","og_title":"Fernand N\u00e9d\u00e9e - Blog Collectief Geheugen UAntwerpen","og_description":"1930-1980","og_url":"https:\/\/blog.uantwerpen.be\/collectief-geheugen\/fernand-nedee\/","og_site_name":"Blog Collectief Geheugen UAntwerpen","article_published_time":"2024-04-17T08:09:00+00:00","article_modified_time":"2025-04-11T20:23:20+00:00","og_image":[{"width":190,"height":190,"url":"https:\/\/blog.uantwerpen.be\/collectief-geheugen\/wp-content\/uploads\/2024\/11\/183041_nedee.jpg","type":"image\/jpeg"}],"author":"Hendrik Deelstra","twitter_card":"summary_large_image","twitter_misc":{"Geschreven door":"Hendrik Deelstra","Geschatte leestijd":"4 minuten"},"schema":{"@context":"https:\/\/schema.org","@graph":[{"@type":"Article","@id":"https:\/\/blog.uantwerpen.be\/collectief-geheugen\/fernand-nedee\/#article","isPartOf":{"@id":"https:\/\/blog.uantwerpen.be\/collectief-geheugen\/fernand-nedee\/"},"author":{"name":"Hendrik Deelstra","@id":"https:\/\/blog.uantwerpen.be\/collectief-geheugen\/#\/schema\/person\/231def8b1eba86cf0eed8be889e60f38"},"headline":"Fernand N\u00e9d\u00e9e","datePublished":"2024-04-17T08:09:00+00:00","dateModified":"2025-04-11T20:23:20+00:00","mainEntityOfPage":{"@id":"https:\/\/blog.uantwerpen.be\/collectief-geheugen\/fernand-nedee\/"},"wordCount":655,"publisher":{"@id":"https:\/\/blog.uantwerpen.be\/collectief-geheugen\/#organization"},"image":{"@id":"https:\/\/blog.uantwerpen.be\/collectief-geheugen\/fernand-nedee\/#primaryimage"},"thumbnailUrl":"https:\/\/blog.uantwerpen.be\/collectief-geheugen\/wp-content\/uploads\/2024\/11\/183041_nedee.jpg","articleSection":["Hoogleraarportretten","M-U - Hoogleraarportretten","UFSIA","UIA"],"inLanguage":"nl-BE"},{"@type":"WebPage","@id":"https:\/\/blog.uantwerpen.be\/collectief-geheugen\/fernand-nedee\/","url":"https:\/\/blog.uantwerpen.be\/collectief-geheugen\/fernand-nedee\/","name":"Fernand N\u00e9d\u00e9e - Blog Collectief Geheugen UAntwerpen","isPartOf":{"@id":"https:\/\/blog.uantwerpen.be\/collectief-geheugen\/#website"},"primaryImageOfPage":{"@id":"https:\/\/blog.uantwerpen.be\/collectief-geheugen\/fernand-nedee\/#primaryimage"},"image":{"@id":"https:\/\/blog.uantwerpen.be\/collectief-geheugen\/fernand-nedee\/#primaryimage"},"thumbnailUrl":"https:\/\/blog.uantwerpen.be\/collectief-geheugen\/wp-content\/uploads\/2024\/11\/183041_nedee.jpg","datePublished":"2024-04-17T08:09:00+00:00","dateModified":"2025-04-11T20:23:20+00:00","breadcrumb":{"@id":"https:\/\/blog.uantwerpen.be\/collectief-geheugen\/fernand-nedee\/#breadcrumb"},"inLanguage":"nl-BE","potentialAction":[{"@type":"ReadAction","target":["https:\/\/blog.uantwerpen.be\/collectief-geheugen\/fernand-nedee\/"]}]},{"@type":"ImageObject","inLanguage":"nl-BE","@id":"https:\/\/blog.uantwerpen.be\/collectief-geheugen\/fernand-nedee\/#primaryimage","url":"https:\/\/blog.uantwerpen.be\/collectief-geheugen\/wp-content\/uploads\/2024\/11\/183041_nedee.jpg","contentUrl":"https:\/\/blog.uantwerpen.be\/collectief-geheugen\/wp-content\/uploads\/2024\/11\/183041_nedee.jpg","width":190,"height":190,"caption":"RECHTEN NOK"},{"@type":"BreadcrumbList","@id":"https:\/\/blog.uantwerpen.be\/collectief-geheugen\/fernand-nedee\/#breadcrumb","itemListElement":[{"@type":"ListItem","position":1,"name":"Home","item":"https:\/\/blog.uantwerpen.be\/collectief-geheugen\/"},{"@type":"ListItem","position":2,"name":"Fernand N\u00e9d\u00e9e"}]},{"@type":"WebSite","@id":"https:\/\/blog.uantwerpen.be\/collectief-geheugen\/#website","url":"https:\/\/blog.uantwerpen.be\/collectief-geheugen\/","name":"Blog Collectief Geheugen UAntwerpen","description":"Universiteit Antwerpen Collectief Geheugen","publisher":{"@id":"https:\/\/blog.uantwerpen.be\/collectief-geheugen\/#organization"},"potentialAction":[{"@type":"SearchAction","target":{"@type":"EntryPoint","urlTemplate":"https:\/\/blog.uantwerpen.be\/collectief-geheugen\/?s={search_term_string}"},"query-input":{"@type":"PropertyValueSpecification","valueRequired":true,"valueName":"search_term_string"}}],"inLanguage":"nl-BE"},{"@type":"Organization","@id":"https:\/\/blog.uantwerpen.be\/collectief-geheugen\/#organization","name":"Blog Collectief Geheugen UAntwerpen","url":"https:\/\/blog.uantwerpen.be\/collectief-geheugen\/","logo":{"@type":"ImageObject","inLanguage":"nl-BE","@id":"https:\/\/blog.uantwerpen.be\/collectief-geheugen\/#\/schema\/logo\/image\/","url":"https:\/\/blog.uantwerpen.be\/collectief-geheugen\/wp-content\/uploads\/2021\/09\/cropped-UA-hor-1-nl-white.png","contentUrl":"https:\/\/blog.uantwerpen.be\/collectief-geheugen\/wp-content\/uploads\/2021\/09\/cropped-UA-hor-1-nl-white.png","width":873,"height":250,"caption":"Blog Collectief Geheugen UAntwerpen"},"image":{"@id":"https:\/\/blog.uantwerpen.be\/collectief-geheugen\/#\/schema\/logo\/image\/"}},{"@type":"Person","@id":"https:\/\/blog.uantwerpen.be\/collectief-geheugen\/#\/schema\/person\/231def8b1eba86cf0eed8be889e60f38","name":"Hendrik Deelstra","url":"https:\/\/blog.uantwerpen.be\/collectief-geheugen\/author\/hendrik-deelstra\/"}]}},"_links":{"self":[{"href":"https:\/\/blog.uantwerpen.be\/collectief-geheugen\/wp-json\/wp\/v2\/posts\/5547","targetHints":{"allow":["GET"]}}],"collection":[{"href":"https:\/\/blog.uantwerpen.be\/collectief-geheugen\/wp-json\/wp\/v2\/posts"}],"about":[{"href":"https:\/\/blog.uantwerpen.be\/collectief-geheugen\/wp-json\/wp\/v2\/types\/post"}],"author":[{"embeddable":true,"href":"https:\/\/blog.uantwerpen.be\/collectief-geheugen\/wp-json\/wp\/v2\/users\/20"}],"replies":[{"embeddable":true,"href":"https:\/\/blog.uantwerpen.be\/collectief-geheugen\/wp-json\/wp\/v2\/comments?post=5547"}],"version-history":[{"count":4,"href":"https:\/\/blog.uantwerpen.be\/collectief-geheugen\/wp-json\/wp\/v2\/posts\/5547\/revisions"}],"predecessor-version":[{"id":6033,"href":"https:\/\/blog.uantwerpen.be\/collectief-geheugen\/wp-json\/wp\/v2\/posts\/5547\/revisions\/6033"}],"wp:featuredmedia":[{"embeddable":true,"href":"https:\/\/blog.uantwerpen.be\/collectief-geheugen\/wp-json\/wp\/v2\/media\/5549"}],"wp:attachment":[{"href":"https:\/\/blog.uantwerpen.be\/collectief-geheugen\/wp-json\/wp\/v2\/media?parent=5547"}],"wp:term":[{"taxonomy":"category","embeddable":true,"href":"https:\/\/blog.uantwerpen.be\/collectief-geheugen\/wp-json\/wp\/v2\/categories?post=5547"},{"taxonomy":"post_tag","embeddable":true,"href":"https:\/\/blog.uantwerpen.be\/collectief-geheugen\/wp-json\/wp\/v2\/tags?post=5547"}],"curies":[{"name":"wp","href":"https:\/\/api.w.org\/{rel}","templated":true}]}}