{"id":4110,"date":"2021-08-26T13:00:52","date_gmt":"2021-08-26T13:00:52","guid":{"rendered":"https:\/\/blog.uantwerpen.be\/collectief-geheugen\/?p=4110"},"modified":"2022-04-04T11:00:09","modified_gmt":"2022-04-04T11:00:09","slug":"hoe-laat-is-het-in-wilrijk","status":"publish","type":"post","link":"https:\/\/blog.uantwerpen.be\/collectief-geheugen\/hoe-laat-is-het-in-wilrijk\/","title":{"rendered":"Hoe laat is het in Wilrijk?"},"content":{"rendered":"\n<p>Timing is alles, dacht men bij de bouw van de Drie Eiken Campus aan het begin van de jaren 1970. Om academische kwartiertjes op de UIA te vermijden werden daarom in alle gebouwen klokken opgehangen, die door middel van elektrische pulsen allemaal dezelfde tijd aangaven.<\/p>\n\n\n\n<p>Tegenwoordig zijn bijna al deze ooit alomtegenwoordige klokken verdwenen. E\u00e9n exemplaar is bewaard gebleven in de collectie van het academisch erfgoed (uit een gang van gebouw S) en \u00e9\u00e9n exemplaar hangt nog op zijn originele plaats in de hal op de begane grond van gebouw CDE.C.<\/p>\n\n\n\n<p>Wij zijn op zoek naar andere foto&#8217;s waarop de klokken te zien zijn.<\/p>\n\n\n\n<p>Wie kan ons helpen?<\/p>\n\n\n\n<figure class=\"wp-block-gallery aligncenter has-nested-images columns-default is-cropped wp-block-gallery-1 is-layout-flex wp-block-gallery-is-layout-flex\">\n<figure class=\"wp-block-image size-large\"><img loading=\"lazy\" decoding=\"async\" width=\"768\" height=\"1024\" data-id=\"4134\" src=\"https:\/\/blog.uantwerpen.be\/collectief-geheugen\/wp-content\/uploads\/2021\/10\/IMG_5481-768x1024.jpg\" alt=\"\" class=\"wp-image-4134\" srcset=\"https:\/\/blog.uantwerpen.be\/collectief-geheugen\/wp-content\/uploads\/2021\/10\/IMG_5481-768x1024.jpg 768w, https:\/\/blog.uantwerpen.be\/collectief-geheugen\/wp-content\/uploads\/2021\/10\/IMG_5481-225x300.jpg 225w, https:\/\/blog.uantwerpen.be\/collectief-geheugen\/wp-content\/uploads\/2021\/10\/IMG_5481-1152x1536.jpg 1152w, https:\/\/blog.uantwerpen.be\/collectief-geheugen\/wp-content\/uploads\/2021\/10\/IMG_5481-1536x2048.jpg 1536w, https:\/\/blog.uantwerpen.be\/collectief-geheugen\/wp-content\/uploads\/2021\/10\/IMG_5481-400x533.jpg 400w, https:\/\/blog.uantwerpen.be\/collectief-geheugen\/wp-content\/uploads\/2021\/10\/IMG_5481-scaled.jpg 1920w\" sizes=\"auto, (max-width: 706px) 89vw, (max-width: 767px) 82vw, 740px\" \/><figcaption>Klok in de hal op de begane grond van gebouw CDE.C (foto: Marc Demolder, oktober 2021)<\/figcaption><\/figure>\n<\/figure>\n\n\n\n<p><\/p>\n","protected":false},"excerpt":{"rendered":"<p>Waar zijn de klokken van de UIA gebleven?<\/p>\n","protected":false},"author":8,"featured_media":4111,"comment_status":"closed","ping_status":"closed","sticky":false,"template":"","format":"standard","meta":{"_acf_changed":false,"footnotes":""},"categories":[27],"tags":[66],"class_list":["post-4110","post","type-post","status-publish","format-standard","has-post-thumbnail","hentry","category-uia","tag-drie-eiken"],"acf":[],"yoast_head":"<!-- This site is optimized with the Yoast SEO plugin v27.5 - https:\/\/yoast.com\/product\/yoast-seo-wordpress\/ -->\n<title>Hoe laat is het in Wilrijk? - Blog Collectief Geheugen UAntwerpen<\/title>\n<meta name=\"robots\" content=\"index, follow, max-snippet:-1, max-image-preview:large, max-video-preview:-1\" \/>\n<link rel=\"canonical\" href=\"https:\/\/blog.uantwerpen.be\/collectief-geheugen\/hoe-laat-is-het-in-wilrijk\/\" \/>\n<meta property=\"og:locale\" content=\"nl_BE\" \/>\n<meta property=\"og:type\" content=\"article\" \/>\n<meta property=\"og:title\" content=\"Hoe laat is het in Wilrijk? - Blog Collectief Geheugen UAntwerpen\" \/>\n<meta property=\"og:description\" content=\"Waar zijn de klokken van de UIA gebleven?\" \/>\n<meta property=\"og:url\" content=\"https:\/\/blog.uantwerpen.be\/collectief-geheugen\/hoe-laat-is-het-in-wilrijk\/\" \/>\n<meta property=\"og:site_name\" content=\"Blog Collectief Geheugen UAntwerpen\" \/>\n<meta property=\"article:published_time\" content=\"2021-08-26T13:00:52+00:00\" \/>\n<meta property=\"article:modified_time\" content=\"2022-04-04T11:00:09+00:00\" \/>\n<meta property=\"og:image\" content=\"https:\/\/blog.uantwerpen.be\/collectief-geheugen\/wp-content\/uploads\/2021\/08\/MG_6672-scaled.jpg\" \/>\n\t<meta property=\"og:image:width\" content=\"2560\" \/>\n\t<meta property=\"og:image:height\" content=\"1707\" \/>\n\t<meta property=\"og:image:type\" content=\"image\/jpeg\" \/>\n<meta name=\"author\" content=\"Dani\u00ebl Ermens\" \/>\n<meta name=\"twitter:card\" content=\"summary_large_image\" \/>\n<meta name=\"twitter:label1\" content=\"Geschreven door\" \/>\n\t<meta name=\"twitter:data1\" content=\"Dani\u00ebl Ermens\" \/>\n\t<meta name=\"twitter:label2\" content=\"Geschatte leestijd\" \/>\n\t<meta name=\"twitter:data2\" content=\"1 minuut\" \/>\n<script type=\"application\/ld+json\" class=\"yoast-schema-graph\">{\"@context\":\"https:\\\/\\\/schema.org\",\"@graph\":[{\"@type\":\"Article\",\"@id\":\"https:\\\/\\\/blog.uantwerpen.be\\\/collectief-geheugen\\\/hoe-laat-is-het-in-wilrijk\\\/#article\",\"isPartOf\":{\"@id\":\"https:\\\/\\\/blog.uantwerpen.be\\\/collectief-geheugen\\\/hoe-laat-is-het-in-wilrijk\\\/\"},\"author\":{\"name\":\"Dani\u00ebl Ermens\",\"@id\":\"https:\\\/\\\/blog.uantwerpen.be\\\/collectief-geheugen\\\/#\\\/schema\\\/person\\\/7e1364ef4ad9e504be8cdd3cfd415700\"},\"headline\":\"Hoe laat is het in Wilrijk?\",\"datePublished\":\"2021-08-26T13:00:52+00:00\",\"dateModified\":\"2022-04-04T11:00:09+00:00\",\"mainEntityOfPage\":{\"@id\":\"https:\\\/\\\/blog.uantwerpen.be\\\/collectief-geheugen\\\/hoe-laat-is-het-in-wilrijk\\\/\"},\"wordCount\":132,\"publisher\":{\"@id\":\"https:\\\/\\\/blog.uantwerpen.be\\\/collectief-geheugen\\\/#organization\"},\"image\":{\"@id\":\"https:\\\/\\\/blog.uantwerpen.be\\\/collectief-geheugen\\\/hoe-laat-is-het-in-wilrijk\\\/#primaryimage\"},\"thumbnailUrl\":\"https:\\\/\\\/blog.uantwerpen.be\\\/collectief-geheugen\\\/wp-content\\\/uploads\\\/2021\\\/08\\\/MG_6672-scaled.jpg\",\"keywords\":[\"Drie Eiken\"],\"articleSection\":[\"UIA\"],\"inLanguage\":\"nl-BE\"},{\"@type\":\"WebPage\",\"@id\":\"https:\\\/\\\/blog.uantwerpen.be\\\/collectief-geheugen\\\/hoe-laat-is-het-in-wilrijk\\\/\",\"url\":\"https:\\\/\\\/blog.uantwerpen.be\\\/collectief-geheugen\\\/hoe-laat-is-het-in-wilrijk\\\/\",\"name\":\"Hoe laat is het in Wilrijk? - Blog Collectief Geheugen UAntwerpen\",\"isPartOf\":{\"@id\":\"https:\\\/\\\/blog.uantwerpen.be\\\/collectief-geheugen\\\/#website\"},\"primaryImageOfPage\":{\"@id\":\"https:\\\/\\\/blog.uantwerpen.be\\\/collectief-geheugen\\\/hoe-laat-is-het-in-wilrijk\\\/#primaryimage\"},\"image\":{\"@id\":\"https:\\\/\\\/blog.uantwerpen.be\\\/collectief-geheugen\\\/hoe-laat-is-het-in-wilrijk\\\/#primaryimage\"},\"thumbnailUrl\":\"https:\\\/\\\/blog.uantwerpen.be\\\/collectief-geheugen\\\/wp-content\\\/uploads\\\/2021\\\/08\\\/MG_6672-scaled.jpg\",\"datePublished\":\"2021-08-26T13:00:52+00:00\",\"dateModified\":\"2022-04-04T11:00:09+00:00\",\"breadcrumb\":{\"@id\":\"https:\\\/\\\/blog.uantwerpen.be\\\/collectief-geheugen\\\/hoe-laat-is-het-in-wilrijk\\\/#breadcrumb\"},\"inLanguage\":\"nl-BE\",\"potentialAction\":[{\"@type\":\"ReadAction\",\"target\":[\"https:\\\/\\\/blog.uantwerpen.be\\\/collectief-geheugen\\\/hoe-laat-is-het-in-wilrijk\\\/\"]}]},{\"@type\":\"ImageObject\",\"inLanguage\":\"nl-BE\",\"@id\":\"https:\\\/\\\/blog.uantwerpen.be\\\/collectief-geheugen\\\/hoe-laat-is-het-in-wilrijk\\\/#primaryimage\",\"url\":\"https:\\\/\\\/blog.uantwerpen.be\\\/collectief-geheugen\\\/wp-content\\\/uploads\\\/2021\\\/08\\\/MG_6672-scaled.jpg\",\"contentUrl\":\"https:\\\/\\\/blog.uantwerpen.be\\\/collectief-geheugen\\\/wp-content\\\/uploads\\\/2021\\\/08\\\/MG_6672-scaled.jpg\",\"width\":2560,\"height\":1707,\"caption\":\"Klok\"},{\"@type\":\"BreadcrumbList\",\"@id\":\"https:\\\/\\\/blog.uantwerpen.be\\\/collectief-geheugen\\\/hoe-laat-is-het-in-wilrijk\\\/#breadcrumb\",\"itemListElement\":[{\"@type\":\"ListItem\",\"position\":1,\"name\":\"Home\",\"item\":\"https:\\\/\\\/blog.uantwerpen.be\\\/collectief-geheugen\\\/\"},{\"@type\":\"ListItem\",\"position\":2,\"name\":\"Hoe laat is het in Wilrijk?\"}]},{\"@type\":\"WebSite\",\"@id\":\"https:\\\/\\\/blog.uantwerpen.be\\\/collectief-geheugen\\\/#website\",\"url\":\"https:\\\/\\\/blog.uantwerpen.be\\\/collectief-geheugen\\\/\",\"name\":\"Blog Collectief Geheugen UAntwerpen\",\"description\":\"Universiteit Antwerpen Collectief Geheugen\",\"publisher\":{\"@id\":\"https:\\\/\\\/blog.uantwerpen.be\\\/collectief-geheugen\\\/#organization\"},\"potentialAction\":[{\"@type\":\"SearchAction\",\"target\":{\"@type\":\"EntryPoint\",\"urlTemplate\":\"https:\\\/\\\/blog.uantwerpen.be\\\/collectief-geheugen\\\/?s={search_term_string}\"},\"query-input\":{\"@type\":\"PropertyValueSpecification\",\"valueRequired\":true,\"valueName\":\"search_term_string\"}}],\"inLanguage\":\"nl-BE\"},{\"@type\":\"Organization\",\"@id\":\"https:\\\/\\\/blog.uantwerpen.be\\\/collectief-geheugen\\\/#organization\",\"name\":\"Blog Collectief Geheugen UAntwerpen\",\"url\":\"https:\\\/\\\/blog.uantwerpen.be\\\/collectief-geheugen\\\/\",\"logo\":{\"@type\":\"ImageObject\",\"inLanguage\":\"nl-BE\",\"@id\":\"https:\\\/\\\/blog.uantwerpen.be\\\/collectief-geheugen\\\/#\\\/schema\\\/logo\\\/image\\\/\",\"url\":\"https:\\\/\\\/blog.uantwerpen.be\\\/collectief-geheugen\\\/wp-content\\\/uploads\\\/2021\\\/09\\\/cropped-UA-hor-1-nl-white.png\",\"contentUrl\":\"https:\\\/\\\/blog.uantwerpen.be\\\/collectief-geheugen\\\/wp-content\\\/uploads\\\/2021\\\/09\\\/cropped-UA-hor-1-nl-white.png\",\"width\":873,\"height\":250,\"caption\":\"Blog Collectief Geheugen UAntwerpen\"},\"image\":{\"@id\":\"https:\\\/\\\/blog.uantwerpen.be\\\/collectief-geheugen\\\/#\\\/schema\\\/logo\\\/image\\\/\"}},{\"@type\":\"Person\",\"@id\":\"https:\\\/\\\/blog.uantwerpen.be\\\/collectief-geheugen\\\/#\\\/schema\\\/person\\\/7e1364ef4ad9e504be8cdd3cfd415700\",\"name\":\"Dani\u00ebl Ermens\",\"url\":\"https:\\\/\\\/blog.uantwerpen.be\\\/collectief-geheugen\\\/author\\\/daniel-ermens\\\/\"}]}<\/script>\n<!-- \/ Yoast SEO plugin. -->","yoast_head_json":{"title":"Hoe laat is het in Wilrijk? - Blog Collectief Geheugen UAntwerpen","robots":{"index":"index","follow":"follow","max-snippet":"max-snippet:-1","max-image-preview":"max-image-preview:large","max-video-preview":"max-video-preview:-1"},"canonical":"https:\/\/blog.uantwerpen.be\/collectief-geheugen\/hoe-laat-is-het-in-wilrijk\/","og_locale":"nl_BE","og_type":"article","og_title":"Hoe laat is het in Wilrijk? - Blog Collectief Geheugen UAntwerpen","og_description":"Waar zijn de klokken van de UIA gebleven?","og_url":"https:\/\/blog.uantwerpen.be\/collectief-geheugen\/hoe-laat-is-het-in-wilrijk\/","og_site_name":"Blog Collectief Geheugen UAntwerpen","article_published_time":"2021-08-26T13:00:52+00:00","article_modified_time":"2022-04-04T11:00:09+00:00","og_image":[{"width":2560,"height":1707,"url":"https:\/\/blog.uantwerpen.be\/collectief-geheugen\/wp-content\/uploads\/2021\/08\/MG_6672-scaled.jpg","type":"image\/jpeg"}],"author":"Dani\u00ebl Ermens","twitter_card":"summary_large_image","twitter_misc":{"Geschreven door":"Dani\u00ebl Ermens","Geschatte leestijd":"1 minuut"},"schema":{"@context":"https:\/\/schema.org","@graph":[{"@type":"Article","@id":"https:\/\/blog.uantwerpen.be\/collectief-geheugen\/hoe-laat-is-het-in-wilrijk\/#article","isPartOf":{"@id":"https:\/\/blog.uantwerpen.be\/collectief-geheugen\/hoe-laat-is-het-in-wilrijk\/"},"author":{"name":"Dani\u00ebl Ermens","@id":"https:\/\/blog.uantwerpen.be\/collectief-geheugen\/#\/schema\/person\/7e1364ef4ad9e504be8cdd3cfd415700"},"headline":"Hoe laat is het in Wilrijk?","datePublished":"2021-08-26T13:00:52+00:00","dateModified":"2022-04-04T11:00:09+00:00","mainEntityOfPage":{"@id":"https:\/\/blog.uantwerpen.be\/collectief-geheugen\/hoe-laat-is-het-in-wilrijk\/"},"wordCount":132,"publisher":{"@id":"https:\/\/blog.uantwerpen.be\/collectief-geheugen\/#organization"},"image":{"@id":"https:\/\/blog.uantwerpen.be\/collectief-geheugen\/hoe-laat-is-het-in-wilrijk\/#primaryimage"},"thumbnailUrl":"https:\/\/blog.uantwerpen.be\/collectief-geheugen\/wp-content\/uploads\/2021\/08\/MG_6672-scaled.jpg","keywords":["Drie Eiken"],"articleSection":["UIA"],"inLanguage":"nl-BE"},{"@type":"WebPage","@id":"https:\/\/blog.uantwerpen.be\/collectief-geheugen\/hoe-laat-is-het-in-wilrijk\/","url":"https:\/\/blog.uantwerpen.be\/collectief-geheugen\/hoe-laat-is-het-in-wilrijk\/","name":"Hoe laat is het in Wilrijk? - Blog Collectief Geheugen UAntwerpen","isPartOf":{"@id":"https:\/\/blog.uantwerpen.be\/collectief-geheugen\/#website"},"primaryImageOfPage":{"@id":"https:\/\/blog.uantwerpen.be\/collectief-geheugen\/hoe-laat-is-het-in-wilrijk\/#primaryimage"},"image":{"@id":"https:\/\/blog.uantwerpen.be\/collectief-geheugen\/hoe-laat-is-het-in-wilrijk\/#primaryimage"},"thumbnailUrl":"https:\/\/blog.uantwerpen.be\/collectief-geheugen\/wp-content\/uploads\/2021\/08\/MG_6672-scaled.jpg","datePublished":"2021-08-26T13:00:52+00:00","dateModified":"2022-04-04T11:00:09+00:00","breadcrumb":{"@id":"https:\/\/blog.uantwerpen.be\/collectief-geheugen\/hoe-laat-is-het-in-wilrijk\/#breadcrumb"},"inLanguage":"nl-BE","potentialAction":[{"@type":"ReadAction","target":["https:\/\/blog.uantwerpen.be\/collectief-geheugen\/hoe-laat-is-het-in-wilrijk\/"]}]},{"@type":"ImageObject","inLanguage":"nl-BE","@id":"https:\/\/blog.uantwerpen.be\/collectief-geheugen\/hoe-laat-is-het-in-wilrijk\/#primaryimage","url":"https:\/\/blog.uantwerpen.be\/collectief-geheugen\/wp-content\/uploads\/2021\/08\/MG_6672-scaled.jpg","contentUrl":"https:\/\/blog.uantwerpen.be\/collectief-geheugen\/wp-content\/uploads\/2021\/08\/MG_6672-scaled.jpg","width":2560,"height":1707,"caption":"Klok"},{"@type":"BreadcrumbList","@id":"https:\/\/blog.uantwerpen.be\/collectief-geheugen\/hoe-laat-is-het-in-wilrijk\/#breadcrumb","itemListElement":[{"@type":"ListItem","position":1,"name":"Home","item":"https:\/\/blog.uantwerpen.be\/collectief-geheugen\/"},{"@type":"ListItem","position":2,"name":"Hoe laat is het in Wilrijk?"}]},{"@type":"WebSite","@id":"https:\/\/blog.uantwerpen.be\/collectief-geheugen\/#website","url":"https:\/\/blog.uantwerpen.be\/collectief-geheugen\/","name":"Blog Collectief Geheugen UAntwerpen","description":"Universiteit Antwerpen Collectief Geheugen","publisher":{"@id":"https:\/\/blog.uantwerpen.be\/collectief-geheugen\/#organization"},"potentialAction":[{"@type":"SearchAction","target":{"@type":"EntryPoint","urlTemplate":"https:\/\/blog.uantwerpen.be\/collectief-geheugen\/?s={search_term_string}"},"query-input":{"@type":"PropertyValueSpecification","valueRequired":true,"valueName":"search_term_string"}}],"inLanguage":"nl-BE"},{"@type":"Organization","@id":"https:\/\/blog.uantwerpen.be\/collectief-geheugen\/#organization","name":"Blog Collectief Geheugen UAntwerpen","url":"https:\/\/blog.uantwerpen.be\/collectief-geheugen\/","logo":{"@type":"ImageObject","inLanguage":"nl-BE","@id":"https:\/\/blog.uantwerpen.be\/collectief-geheugen\/#\/schema\/logo\/image\/","url":"https:\/\/blog.uantwerpen.be\/collectief-geheugen\/wp-content\/uploads\/2021\/09\/cropped-UA-hor-1-nl-white.png","contentUrl":"https:\/\/blog.uantwerpen.be\/collectief-geheugen\/wp-content\/uploads\/2021\/09\/cropped-UA-hor-1-nl-white.png","width":873,"height":250,"caption":"Blog Collectief Geheugen UAntwerpen"},"image":{"@id":"https:\/\/blog.uantwerpen.be\/collectief-geheugen\/#\/schema\/logo\/image\/"}},{"@type":"Person","@id":"https:\/\/blog.uantwerpen.be\/collectief-geheugen\/#\/schema\/person\/7e1364ef4ad9e504be8cdd3cfd415700","name":"Dani\u00ebl Ermens","url":"https:\/\/blog.uantwerpen.be\/collectief-geheugen\/author\/daniel-ermens\/"}]}},"_links":{"self":[{"href":"https:\/\/blog.uantwerpen.be\/collectief-geheugen\/wp-json\/wp\/v2\/posts\/4110","targetHints":{"allow":["GET"]}}],"collection":[{"href":"https:\/\/blog.uantwerpen.be\/collectief-geheugen\/wp-json\/wp\/v2\/posts"}],"about":[{"href":"https:\/\/blog.uantwerpen.be\/collectief-geheugen\/wp-json\/wp\/v2\/types\/post"}],"author":[{"embeddable":true,"href":"https:\/\/blog.uantwerpen.be\/collectief-geheugen\/wp-json\/wp\/v2\/users\/8"}],"replies":[{"embeddable":true,"href":"https:\/\/blog.uantwerpen.be\/collectief-geheugen\/wp-json\/wp\/v2\/comments?post=4110"}],"version-history":[{"count":5,"href":"https:\/\/blog.uantwerpen.be\/collectief-geheugen\/wp-json\/wp\/v2\/posts\/4110\/revisions"}],"predecessor-version":[{"id":4174,"href":"https:\/\/blog.uantwerpen.be\/collectief-geheugen\/wp-json\/wp\/v2\/posts\/4110\/revisions\/4174"}],"wp:featuredmedia":[{"embeddable":true,"href":"https:\/\/blog.uantwerpen.be\/collectief-geheugen\/wp-json\/wp\/v2\/media\/4111"}],"wp:attachment":[{"href":"https:\/\/blog.uantwerpen.be\/collectief-geheugen\/wp-json\/wp\/v2\/media?parent=4110"}],"wp:term":[{"taxonomy":"category","embeddable":true,"href":"https:\/\/blog.uantwerpen.be\/collectief-geheugen\/wp-json\/wp\/v2\/categories?post=4110"},{"taxonomy":"post_tag","embeddable":true,"href":"https:\/\/blog.uantwerpen.be\/collectief-geheugen\/wp-json\/wp\/v2\/tags?post=4110"}],"curies":[{"name":"wp","href":"https:\/\/api.w.org\/{rel}","templated":true}]}}