{"id":3047,"date":"2024-04-22T09:56:03","date_gmt":"2024-04-22T07:56:03","guid":{"rendered":"https:\/\/blog.uantwerpen.be\/bladspiegel\/?p=3047"},"modified":"2024-05-02T09:28:11","modified_gmt":"2024-05-02T07:28:11","slug":"stadsgrond","status":"publish","type":"post","link":"https:\/\/blog.uantwerpen.be\/bladspiegel\/stadsgrond\/","title":{"rendered":"Stadsgrond"},"content":{"rendered":"\n<p><\/p>\n\n\n\n<div class=\"wp-block-buttons is-layout-flex wp-block-buttons-is-layout-flex\">\n<div class=\"wp-block-button has-custom-font-size is-style-outline has-small-font-size is-style-outline--1\"><a class=\"wp-block-button__link wp-element-button\" href=\"#english\">Short English version<\/a><\/div>\n<\/div>\n\n\n\n<p><\/p>\n\n\n\n<p><strong>Sinds 1970 vieren we jaarlijks op 22 april Earth Day, een dag waarop we stilstaan bij de toestand van onze aarde en de ecologische uitdagingen waar we voor staan. Voor de gelegenheid zoomt historicus Tim Soens in op de strijd tussen landbouw en natuur. En stelt hij de vraag: moet dit eigenlijk wel een strijd zijn?<\/strong> <em>(tekst: Tim Soens)<\/em><\/p>\n\n\n\n<h2 class=\"wp-block-heading\">Economie vs. ecologie<\/h2>\n\n\n\n<p>Landbouw en natuur, het zijn zelden goeie vrienden. Zeker in dichtbevolkte gebieden is de grond schaars en dus duur en felbevochten. Landbouwers zien met lede ogen aan dat vruchtbare akkers ontpolderd of bebost worden. De strengere stikstofnormen rond natuurgebieden zijn bovendien moeilijk te verzoenen met megastallen voor industri\u00eble rundvee-, pluimvee- of varkensteelt. Geen wonder dus dat de Vlaamse regering afgelopen februari het landbouwersprotest probeerde te sussen met een tijdelijke \u2018pauze\u2019 in de aankoop van landbouwgrond voor natuurontwikkeling. Bovendien toonden zowel de Vlaamse als de Belgische regering zich een koele minnaar van de Europese natuurherstelwetgeving. Ecologisch realisme heet dat dan: klimaat en ecologie zijn belangrijk, zolang ze de economische ontwikkeling niet in de weg staan. Of de diepe malaise in de landbouwsector daardoor zal worden opgelost, valt te betwijfelen. Structureel is er duidelijk iets mis met de inkomstenstructuur in de landbouw: landbouwers krijgen weinig betaald voor hun vee, graan of fruit, maar zien de kosten wel exploderen.&nbsp;<\/p>\n\n\n\n<h2 class=\"wp-block-heading\">Jong protest<\/h2>\n\n\n\n<p>Dat landbouw en natuur met getrokken messen tegenover elkaar staan, is niet nieuw. De duizenden jongeren die tijdens de allereerste Earth Day op 22 april 1970 op straat kwamen in tal van Amerikaanse steden, protesteerden in de eerste plaats tegen de milieuverontreiniging door de industrie. De trigger voor het protest waren enkele spectaculaire olie- en giframpen. Maar ook de landbouw was kop van jut. Enkele jaren eerder al getuigde de biologe Rachel Carson voor de Amerikaanse senaat over de nefaste gevolgen van het pesticidegebruik, en met name DDT, in de landbouw. Haar bestseller <em>Silent Spring<\/em> werd de bijbel van de jonge milieubeweging.<\/p>\n\n\n<div class=\"wp-block-image\">\n<figure class=\"aligncenter size-large\"><img loading=\"lazy\" decoding=\"async\" width=\"1024\" height=\"680\" src=\"https:\/\/blog.uantwerpen.be\/bladspiegel\/wp-content\/uploads\/2024\/04\/Demonstrations._Protestors_at_the_National_Capital_Region_Earth_Day_flag_ceremony_in_Washington_DC._7105d32ffcce4c37a24c537b34437883-1024x680.jpg\" alt=\"\" class=\"wp-image-3067\" srcset=\"https:\/\/blog.uantwerpen.be\/bladspiegel\/wp-content\/uploads\/2024\/04\/Demonstrations._Protestors_at_the_National_Capital_Region_Earth_Day_flag_ceremony_in_Washington_DC._7105d32ffcce4c37a24c537b34437883-1024x680.jpg 1024w, https:\/\/blog.uantwerpen.be\/bladspiegel\/wp-content\/uploads\/2024\/04\/Demonstrations._Protestors_at_the_National_Capital_Region_Earth_Day_flag_ceremony_in_Washington_DC._7105d32ffcce4c37a24c537b34437883-300x199.jpg 300w, https:\/\/blog.uantwerpen.be\/bladspiegel\/wp-content\/uploads\/2024\/04\/Demonstrations._Protestors_at_the_National_Capital_Region_Earth_Day_flag_ceremony_in_Washington_DC._7105d32ffcce4c37a24c537b34437883-768x510.jpg 768w, https:\/\/blog.uantwerpen.be\/bladspiegel\/wp-content\/uploads\/2024\/04\/Demonstrations._Protestors_at_the_National_Capital_Region_Earth_Day_flag_ceremony_in_Washington_DC._7105d32ffcce4c37a24c537b34437883-1536x1020.jpg 1536w\" sizes=\"auto, (max-width: 706px) 89vw, (max-width: 767px) 82vw, 740px\" \/><figcaption class=\"wp-element-caption\">Demonstratie van protestanten bij de National Capital Region Earth Day vlag ceremonie in Washington DC, 1970<\/figcaption><\/figure>\n<\/div>\n\n\n<p>Is een ander landbouwmodel dan mogelijk? Misschien moeten we ophouden met landbouw en natuur als een <em>\u2018zero sum game\u2019<\/em> te zien, waarbij de winst van de ene ten koste gaat van de andere. Grond bijmaken kunnen we niet, maar misschien kan diezelfde grond wel op een andere manier ingezet worden. Dat is de piste van de <strong>agro-ecologie<\/strong>. De agro-ecologie gaat ervan uit dat een productieve landbouw samen kan gaan met het realiseren van natuurdoelstellingen, en wel op hetzelfde stuk grond. Maar hoe kunnen we dat realiseren? Zowel landbouw als natuur proberen de eigen doelstellingen maximaal te realiseren op de beperkte grond waarover ze beschikken, en geef hen maar eens ongelijk.<\/p>\n\n\n\n<h2 class=\"wp-block-heading\">Samenwerken om samen te versterken<\/h2>\n\n\n\n<p>De sleutel komt zo bij de grond zelf te liggen: misschien is de grond waarop we leven en die ons voedsel produceert te kostbaar en te kwetsbaar om louter als een privaat goed en een koopwaar beschouwd te worden. Misschien moeten we denken over andere vormen van eigendom en toegang tot grond, die wel toelaten verschillende doelstellingen samen te realiseren. <\/p>\n\n\n\n<p>Rond \u00e9\u00e9n dergelijk model van alternatieve toegang tot land loopt nog tot 29 september 2024 in het Gentse STAM de tentoonstelling <em><a href=\"https:\/\/stamgent.be\/nl_be\/evenementen\/gentse-gronden\">Gentse gronden<\/a><\/em>. Tot op de dag van vandaag heeft het Gentse OCMW ongeveer 1800 hectare landbouwgrond in bezit, die ze verpacht aan landbouwers verspreid over Vlaanderen. Deze stadsgronden zijn letterlijk een erfenis van het Ancien R\u00e9gime: ze bestaan in essentie uit het grondbezit van armendissen, godshuizen en hospitalen allerhande die in de nasleep van de Franse Revolutie als \u2018overheidsbezit\u2019 beschouwd werden. Zowel voor als na de \u2018nationalisering\u2019 ondersteunden die gronden de stedelijke welvaartszorg. De stadsgrond was voor de Gentse &#8216;onderstand&#8217; in de eerste plaats een stabiele bron van geldelijke inkomsten. Maar daar stopte het niet bij: uit de omvangrijke stadsbossen werd hout gehaald, waarbij de pachters het transport naar de stad organiseerden.<\/p>\n\n\n<div class=\"wp-block-image\">\n<figure class=\"aligncenter size-large\"><img loading=\"lazy\" decoding=\"async\" width=\"1024\" height=\"566\" src=\"https:\/\/blog.uantwerpen.be\/bladspiegel\/wp-content\/uploads\/2024\/04\/Olieverfschilderij_Gezicht_op_de_rede_van_Antwerpen_vanaf_het_Vlaams_Hoofd_Jean-Baptist_Bonnecroy_ca_1658_MAS-1024x566.jpg\" alt=\"\" class=\"wp-image-3049\" srcset=\"https:\/\/blog.uantwerpen.be\/bladspiegel\/wp-content\/uploads\/2024\/04\/Olieverfschilderij_Gezicht_op_de_rede_van_Antwerpen_vanaf_het_Vlaams_Hoofd_Jean-Baptist_Bonnecroy_ca_1658_MAS-1024x566.jpg 1024w, https:\/\/blog.uantwerpen.be\/bladspiegel\/wp-content\/uploads\/2024\/04\/Olieverfschilderij_Gezicht_op_de_rede_van_Antwerpen_vanaf_het_Vlaams_Hoofd_Jean-Baptist_Bonnecroy_ca_1658_MAS-300x166.jpg 300w, https:\/\/blog.uantwerpen.be\/bladspiegel\/wp-content\/uploads\/2024\/04\/Olieverfschilderij_Gezicht_op_de_rede_van_Antwerpen_vanaf_het_Vlaams_Hoofd_Jean-Baptist_Bonnecroy_ca_1658_MAS-768x424.jpg 768w, https:\/\/blog.uantwerpen.be\/bladspiegel\/wp-content\/uploads\/2024\/04\/Olieverfschilderij_Gezicht_op_de_rede_van_Antwerpen_vanaf_het_Vlaams_Hoofd_Jean-Baptist_Bonnecroy_ca_1658_MAS.jpg 1200w\" sizes=\"auto, (max-width: 706px) 89vw, (max-width: 767px) 82vw, 740px\" \/><figcaption class=\"wp-element-caption\">Olieverfschilderij &#8216;Gezicht op de rede van Antwerpen vanaf het Vlaams Hoofd&#8217;,&nbsp;<a href=\"https:\/\/en.wikipedia.org\/wiki\/Jean-Baptist_Bonnecroy\">Jean-Baptist Bonnecroy<\/a>, ca 1658, MAS<\/figcaption><\/figure>\n<\/div>\n\n\n<p>Rond 1900 werd \u00e9\u00e9n van de grootste hoeves \u2013 het Blauwhuis in Nazareth &#8211; ook ingezet om zieke stadskinderen te laten aansterken in de gezonde buitenlucht \u2013 een soort \u2018boerderijvakanties\u2019 zeg maar. Voor 1800 waren de stadsboerderijen ingekapseld in een heus voedselnetwerk rond de stedelijke hospitalen en godshuizen. Zo lezen we in een pachtcontract van 1522 dat pachters Jacob van Crombrugge en Pierijne Neckers van dezelfde Blauwhuishoeve aan het Bijloke-hospitaal jaarlijks 9 mud (5832 liter) rogge, 18 mud (16442 liter) haver voor de paarden en 30 steen (84 kilogram) boter voorzagen, naast een vet kalf op Pasen. De abdis van de Bijloke had ook recht op de helft van de jonge duiven in de duiventoren op de hoeve \u00e9n op de opbrengst van de boomgaard. Daarnaast maakten stad en pachter afspraken over de zorg voor de bodem \u00e9n de vegetatie: de pachter mocht g\u00e9\u00e9n mest van het hof wegvoeren, en al zeker geen vruchtbare duivenmest, de grond moest op gezette tijdstippen braak gelaten worden, en voor elke dode wilg moesten twee nieuwe geplant worden. Via de stadsgronden hadden stedelijke instellingen en families zo al eeuwenlang een directe impact op de landbouw in een uitgestrekt hinterland.<\/p>\n\n\n\n<h2 class=\"wp-block-heading\">De aanwezigheid van de stad op het platteland<\/h2>\n\n\n\n<p>Waren die stadsgronden dan een vorm van korteketenlandbouw avant la lettre, van producent rechtstreeks naar consument? Op een <a href=\"https:\/\/stamgent.be\/nl_be\/evenementen\/congres-feeding-the-citizens\">congres<\/a> in het Gentse STAM dat mee door de Universiteit Antwerpen georganiseerd werd, bogen 25 experten uit tien verschillende landen zich twee dagen over de vraag wat de betekenis van stadsgrond nu echt was in het verleden, en of die stadsgrond ook een wissel op de toekomst kan zijn. Stadsgronden zo bleek, waren zelden of nooit in staat de stedelijke bevolking als geheel te voeden. De meeste stedelingen kochten hun voedsel gewoon op markt of in de kleinhandel. Stadsgronden hadden daarentegen wel een belangrijke sociale functie. Landbouwgrond symboliseerde op veel plaatsen in de wereld rijkdom en status. En daarmee verbonden: een bevoorrechte toegang tot voedsel in een wereld waarin honger nooit helemaal uit te sluiten was.<\/p>\n\n\n<div class=\"wp-block-image\">\n<figure class=\"aligncenter size-full\"><img loading=\"lazy\" decoding=\"async\" width=\"838\" height=\"598\" src=\"https:\/\/blog.uantwerpen.be\/bladspiegel\/wp-content\/uploads\/2024\/04\/Scherm\u00adafbeelding-2024-04-22-om-09.38.51.png\" alt=\"\" class=\"wp-image-3050\" srcset=\"https:\/\/blog.uantwerpen.be\/bladspiegel\/wp-content\/uploads\/2024\/04\/Scherm\u00adafbeelding-2024-04-22-om-09.38.51.png 838w, https:\/\/blog.uantwerpen.be\/bladspiegel\/wp-content\/uploads\/2024\/04\/Scherm\u00adafbeelding-2024-04-22-om-09.38.51-300x214.png 300w, https:\/\/blog.uantwerpen.be\/bladspiegel\/wp-content\/uploads\/2024\/04\/Scherm\u00adafbeelding-2024-04-22-om-09.38.51-768x548.png 768w\" sizes=\"auto, (max-width: 706px) 89vw, (max-width: 767px) 82vw, 740px\" \/><figcaption class=\"wp-element-caption\"><em>Archief Gent en Gilbert Verschatse<\/em><\/figcaption><\/figure>\n<\/div>\n\n\n<p>Stadsgrond symboliseerde de aanwezigheid van de stad op het platteland. Die aanwezigheid was ook letterlijk te nemen: de stedelijke eigenaar &#8211; particulier, abdis of later OCMW-ontvanger &#8211; kwam op gezette tijdstippen de eigendommen inspecteren, vergezeld van een hele schare aan stads-boswachters \u00e9n stads-timmerlui \u2013 allemaal keurig in uniform. Voor de pachters betekende stadsgrond vaak zekerheid: de garantie om van generatie op generatie dezelfde grond of hoeve te kunnen pachten. Omgekeerd bleef de stedelijke eigenaar een impact hebben op hoe het land gebruikt werd, op de eigen grond, maar vaak indirect ook, in de bredere omgeving. &nbsp;&nbsp;<\/p>\n\n\n\n<p>Ook vandaag kunnen die stadsgronden een &#8211; bescheiden &#8211; hefboom zijn in een ander ruimtebeleid, waarin voedselproductie \u00e9n natuur elkaar niet wegconcurreren door altijd hogere grondprijzen. Boeren krijgen zekerheid, de stad en haar bewoners krijgt een zichtbare band met het land. Bij uitstek lijkt de stadsgrond \u2013 1800 hectare in het geval van de Stad Gent &#8211; het ideale labo om de agro-ecologische transitie in te zetten. Zo kunnen boeren en natuurbewegingen op een volgende Earth Day samen opstappen voor het de belang van de aarde.<\/p>\n\n\n\n<p><\/p>\n\n\n\n<p><em>Bron hoofdafbeelding: Jacques De Schryver<\/em><\/p>\n\n\n\n<hr class=\"wp-block-separator has-alpha-channel-opacity\"\/>\n\n\n\n<h2 class=\"wp-block-heading\"><strong>Tip<\/strong>!<\/h2>\n\n\n\n<ul class=\"wp-block-list\">\n<li class=\"has-medium-font-size\">De natuur in de stad is ook het thema van de <a href=\"https:\/\/www.uantwerpen.be\/en\/summer-winter-schools\/citylab-x-urban-studies\/\">summer school CityLAB X: The Sustainable City<\/a>, van 1 tot 5 juli 2024 aan de Universiteit Antwerpen. Inschrijvingen staan open voor master- en doctoraatsstudenten en voor professionals die rond het onderwerp werken.<\/li>\n<\/ul>\n\n\n\n<p><\/p>\n\n\n\n<pre class=\"wp-block-verse\" id=\"english\"><strong>Citygrounds<\/strong><br>On this year's Earth Day historian Tim Soens looks at the tension between agriculture and nature. Recent political decisions and the rejection of European nature restoration legislation highlight the challenge of balancing economic development and ecological interests. The concept of agroecology might offer an opportunity to combine productive agriculture with nature conservation on the same land. Historical examples of urban land show that alternative forms of land ownership and access are possible, allowing agriculture and nature to thrive together. This approach can serve as an opportunity for a more sustainable future, with farmers and nature movements working together for the protection of the earth.<br><\/pre>\n","protected":false},"excerpt":{"rendered":"<p>Op Earth Day 2024 zoomt historicus Tim Soens in op de strijd tussen landbouw en natuur. En stelt hij de vraag of dit eigenlijk wel een strijd moet zijn?<\/p>\n","protected":false},"author":12,"featured_media":3048,"comment_status":"closed","ping_status":"open","sticky":false,"template":"","format":"standard","meta":{"_acf_changed":false,"footnotes":""},"categories":[46],"tags":[323,322,169,321],"coauthors":[52],"class_list":["post-3047","post","type-post","status-publish","format-standard","has-post-thumbnail","hentry","category-geschiedenis","tag-earth-day","tag-ecologie","tag-geschiedenis","tag-tim-soens"],"acf":[],"yoast_head":"<!-- This site is optimized with the Yoast SEO plugin v27.5 - https:\/\/yoast.com\/product\/yoast-seo-wordpress\/ -->\n<title>Stadsgrond - bladspiegel<\/title>\n<meta name=\"robots\" content=\"index, follow, max-snippet:-1, max-image-preview:large, max-video-preview:-1\" \/>\n<link rel=\"canonical\" href=\"https:\/\/blog.uantwerpen.be\/bladspiegel\/stadsgrond\/\" \/>\n<meta property=\"og:locale\" content=\"nl_BE\" \/>\n<meta property=\"og:type\" content=\"article\" \/>\n<meta property=\"og:title\" content=\"Stadsgrond - bladspiegel\" \/>\n<meta property=\"og:description\" content=\"Op Earth Day 2024 zoomt historicus Tim Soens in op de strijd tussen landbouw en natuur. En stelt hij de vraag of dit eigenlijk wel een strijd moet zijn?\" \/>\n<meta property=\"og:url\" content=\"https:\/\/blog.uantwerpen.be\/bladspiegel\/stadsgrond\/\" \/>\n<meta property=\"og:site_name\" content=\"bladspiegel\" \/>\n<meta property=\"article:published_time\" content=\"2024-04-22T07:56:03+00:00\" \/>\n<meta property=\"article:modified_time\" content=\"2024-05-02T07:28:11+00:00\" \/>\n<meta property=\"og:image\" content=\"https:\/\/blog.uantwerpen.be\/bladspiegel\/wp-content\/uploads\/2024\/04\/Scherm\u00adafbeelding-2024-04-22-om-09.38.38.png\" \/>\n\t<meta property=\"og:image:width\" content=\"894\" \/>\n\t<meta property=\"og:image:height\" content=\"592\" \/>\n\t<meta property=\"og:image:type\" content=\"image\/png\" \/>\n<meta name=\"author\" content=\"Michelle Coenen\" \/>\n<meta name=\"twitter:card\" content=\"summary_large_image\" \/>\n<meta name=\"twitter:label1\" content=\"Geschreven door\" \/>\n\t<meta name=\"twitter:data1\" content=\"Michelle Coenen\" \/>\n\t<meta name=\"twitter:label2\" content=\"Geschatte leestijd\" \/>\n\t<meta name=\"twitter:data2\" content=\"7 minuten\" \/>\n\t<meta name=\"twitter:label3\" content=\"Written by\" \/>\n\t<meta name=\"twitter:data3\" content=\"Michelle Coenen\" \/>\n<script type=\"application\/ld+json\" class=\"yoast-schema-graph\">{\"@context\":\"https:\\\/\\\/schema.org\",\"@graph\":[{\"@type\":\"Article\",\"@id\":\"https:\\\/\\\/blog.uantwerpen.be\\\/bladspiegel\\\/stadsgrond\\\/#article\",\"isPartOf\":{\"@id\":\"https:\\\/\\\/blog.uantwerpen.be\\\/bladspiegel\\\/stadsgrond\\\/\"},\"author\":{\"name\":\"Michelle Coenen\",\"@id\":\"https:\\\/\\\/blog.uantwerpen.be\\\/bladspiegel\\\/#\\\/schema\\\/person\\\/709fd8839035d4a7e59c25fc2b902247\"},\"headline\":\"Stadsgrond\",\"datePublished\":\"2024-04-22T07:56:03+00:00\",\"dateModified\":\"2024-05-02T07:28:11+00:00\",\"mainEntityOfPage\":{\"@id\":\"https:\\\/\\\/blog.uantwerpen.be\\\/bladspiegel\\\/stadsgrond\\\/\"},\"wordCount\":1218,\"publisher\":{\"@id\":\"https:\\\/\\\/blog.uantwerpen.be\\\/bladspiegel\\\/#organization\"},\"image\":{\"@id\":\"https:\\\/\\\/blog.uantwerpen.be\\\/bladspiegel\\\/stadsgrond\\\/#primaryimage\"},\"thumbnailUrl\":\"https:\\\/\\\/blog.uantwerpen.be\\\/bladspiegel\\\/wp-content\\\/uploads\\\/2024\\\/04\\\/Scherm\u00adafbeelding-2024-04-22-om-09.38.38.png\",\"keywords\":[\"Earth Day\",\"Ecologie\",\"Geschiedenis\",\"Tim Soens\"],\"articleSection\":[\"Geschiedenis\"],\"inLanguage\":\"nl-BE\"},{\"@type\":\"WebPage\",\"@id\":\"https:\\\/\\\/blog.uantwerpen.be\\\/bladspiegel\\\/stadsgrond\\\/\",\"url\":\"https:\\\/\\\/blog.uantwerpen.be\\\/bladspiegel\\\/stadsgrond\\\/\",\"name\":\"Stadsgrond - bladspiegel\",\"isPartOf\":{\"@id\":\"https:\\\/\\\/blog.uantwerpen.be\\\/bladspiegel\\\/#website\"},\"primaryImageOfPage\":{\"@id\":\"https:\\\/\\\/blog.uantwerpen.be\\\/bladspiegel\\\/stadsgrond\\\/#primaryimage\"},\"image\":{\"@id\":\"https:\\\/\\\/blog.uantwerpen.be\\\/bladspiegel\\\/stadsgrond\\\/#primaryimage\"},\"thumbnailUrl\":\"https:\\\/\\\/blog.uantwerpen.be\\\/bladspiegel\\\/wp-content\\\/uploads\\\/2024\\\/04\\\/Scherm\u00adafbeelding-2024-04-22-om-09.38.38.png\",\"datePublished\":\"2024-04-22T07:56:03+00:00\",\"dateModified\":\"2024-05-02T07:28:11+00:00\",\"breadcrumb\":{\"@id\":\"https:\\\/\\\/blog.uantwerpen.be\\\/bladspiegel\\\/stadsgrond\\\/#breadcrumb\"},\"inLanguage\":\"nl-BE\",\"potentialAction\":[{\"@type\":\"ReadAction\",\"target\":[\"https:\\\/\\\/blog.uantwerpen.be\\\/bladspiegel\\\/stadsgrond\\\/\"]}]},{\"@type\":\"ImageObject\",\"inLanguage\":\"nl-BE\",\"@id\":\"https:\\\/\\\/blog.uantwerpen.be\\\/bladspiegel\\\/stadsgrond\\\/#primaryimage\",\"url\":\"https:\\\/\\\/blog.uantwerpen.be\\\/bladspiegel\\\/wp-content\\\/uploads\\\/2024\\\/04\\\/Scherm\u00adafbeelding-2024-04-22-om-09.38.38.png\",\"contentUrl\":\"https:\\\/\\\/blog.uantwerpen.be\\\/bladspiegel\\\/wp-content\\\/uploads\\\/2024\\\/04\\\/Scherm\u00adafbeelding-2024-04-22-om-09.38.38.png\",\"width\":894,\"height\":592},{\"@type\":\"BreadcrumbList\",\"@id\":\"https:\\\/\\\/blog.uantwerpen.be\\\/bladspiegel\\\/stadsgrond\\\/#breadcrumb\",\"itemListElement\":[{\"@type\":\"ListItem\",\"position\":1,\"name\":\"Home\",\"item\":\"https:\\\/\\\/blog.uantwerpen.be\\\/bladspiegel\\\/\"},{\"@type\":\"ListItem\",\"position\":2,\"name\":\"Stadsgrond\"}]},{\"@type\":\"WebSite\",\"@id\":\"https:\\\/\\\/blog.uantwerpen.be\\\/bladspiegel\\\/#website\",\"url\":\"https:\\\/\\\/blog.uantwerpen.be\\\/bladspiegel\\\/\",\"name\":\"bladspiegel\",\"description\":\"bladspiegel\",\"publisher\":{\"@id\":\"https:\\\/\\\/blog.uantwerpen.be\\\/bladspiegel\\\/#organization\"},\"potentialAction\":[{\"@type\":\"SearchAction\",\"target\":{\"@type\":\"EntryPoint\",\"urlTemplate\":\"https:\\\/\\\/blog.uantwerpen.be\\\/bladspiegel\\\/?s={search_term_string}\"},\"query-input\":{\"@type\":\"PropertyValueSpecification\",\"valueRequired\":true,\"valueName\":\"search_term_string\"}}],\"inLanguage\":\"nl-BE\"},{\"@type\":\"Organization\",\"@id\":\"https:\\\/\\\/blog.uantwerpen.be\\\/bladspiegel\\\/#organization\",\"name\":\"bladspiegel\",\"url\":\"https:\\\/\\\/blog.uantwerpen.be\\\/bladspiegel\\\/\",\"logo\":{\"@type\":\"ImageObject\",\"inLanguage\":\"nl-BE\",\"@id\":\"https:\\\/\\\/blog.uantwerpen.be\\\/bladspiegel\\\/#\\\/schema\\\/logo\\\/image\\\/\",\"url\":\"https:\\\/\\\/blog.uantwerpen.be\\\/bladspiegel\\\/wp-content\\\/uploads\\\/2021\\\/04\\\/cropped-lw-nl-white.png\",\"contentUrl\":\"https:\\\/\\\/blog.uantwerpen.be\\\/bladspiegel\\\/wp-content\\\/uploads\\\/2021\\\/04\\\/cropped-lw-nl-white.png\",\"width\":995,\"height\":250,\"caption\":\"bladspiegel\"},\"image\":{\"@id\":\"https:\\\/\\\/blog.uantwerpen.be\\\/bladspiegel\\\/#\\\/schema\\\/logo\\\/image\\\/\"}},{\"@type\":\"Person\",\"@id\":\"https:\\\/\\\/blog.uantwerpen.be\\\/bladspiegel\\\/#\\\/schema\\\/person\\\/709fd8839035d4a7e59c25fc2b902247\",\"name\":\"Michelle Coenen\",\"url\":\"https:\\\/\\\/blog.uantwerpen.be\\\/bladspiegel\\\/author\\\/michelle-coenen\\\/\"}]}<\/script>\n<!-- \/ Yoast SEO plugin. -->","yoast_head_json":{"title":"Stadsgrond - bladspiegel","robots":{"index":"index","follow":"follow","max-snippet":"max-snippet:-1","max-image-preview":"max-image-preview:large","max-video-preview":"max-video-preview:-1"},"canonical":"https:\/\/blog.uantwerpen.be\/bladspiegel\/stadsgrond\/","og_locale":"nl_BE","og_type":"article","og_title":"Stadsgrond - bladspiegel","og_description":"Op Earth Day 2024 zoomt historicus Tim Soens in op de strijd tussen landbouw en natuur. En stelt hij de vraag of dit eigenlijk wel een strijd moet zijn?","og_url":"https:\/\/blog.uantwerpen.be\/bladspiegel\/stadsgrond\/","og_site_name":"bladspiegel","article_published_time":"2024-04-22T07:56:03+00:00","article_modified_time":"2024-05-02T07:28:11+00:00","og_image":[{"width":894,"height":592,"url":"https:\/\/blog.uantwerpen.be\/bladspiegel\/wp-content\/uploads\/2024\/04\/Scherm\u00adafbeelding-2024-04-22-om-09.38.38.png","type":"image\/png"}],"author":"Michelle Coenen","twitter_card":"summary_large_image","twitter_misc":{"Geschreven door":"Michelle Coenen","Geschatte leestijd":"7 minuten","Written by":"Michelle Coenen"},"schema":{"@context":"https:\/\/schema.org","@graph":[{"@type":"Article","@id":"https:\/\/blog.uantwerpen.be\/bladspiegel\/stadsgrond\/#article","isPartOf":{"@id":"https:\/\/blog.uantwerpen.be\/bladspiegel\/stadsgrond\/"},"author":{"name":"Michelle Coenen","@id":"https:\/\/blog.uantwerpen.be\/bladspiegel\/#\/schema\/person\/709fd8839035d4a7e59c25fc2b902247"},"headline":"Stadsgrond","datePublished":"2024-04-22T07:56:03+00:00","dateModified":"2024-05-02T07:28:11+00:00","mainEntityOfPage":{"@id":"https:\/\/blog.uantwerpen.be\/bladspiegel\/stadsgrond\/"},"wordCount":1218,"publisher":{"@id":"https:\/\/blog.uantwerpen.be\/bladspiegel\/#organization"},"image":{"@id":"https:\/\/blog.uantwerpen.be\/bladspiegel\/stadsgrond\/#primaryimage"},"thumbnailUrl":"https:\/\/blog.uantwerpen.be\/bladspiegel\/wp-content\/uploads\/2024\/04\/Scherm\u00adafbeelding-2024-04-22-om-09.38.38.png","keywords":["Earth Day","Ecologie","Geschiedenis","Tim Soens"],"articleSection":["Geschiedenis"],"inLanguage":"nl-BE"},{"@type":"WebPage","@id":"https:\/\/blog.uantwerpen.be\/bladspiegel\/stadsgrond\/","url":"https:\/\/blog.uantwerpen.be\/bladspiegel\/stadsgrond\/","name":"Stadsgrond - bladspiegel","isPartOf":{"@id":"https:\/\/blog.uantwerpen.be\/bladspiegel\/#website"},"primaryImageOfPage":{"@id":"https:\/\/blog.uantwerpen.be\/bladspiegel\/stadsgrond\/#primaryimage"},"image":{"@id":"https:\/\/blog.uantwerpen.be\/bladspiegel\/stadsgrond\/#primaryimage"},"thumbnailUrl":"https:\/\/blog.uantwerpen.be\/bladspiegel\/wp-content\/uploads\/2024\/04\/Scherm\u00adafbeelding-2024-04-22-om-09.38.38.png","datePublished":"2024-04-22T07:56:03+00:00","dateModified":"2024-05-02T07:28:11+00:00","breadcrumb":{"@id":"https:\/\/blog.uantwerpen.be\/bladspiegel\/stadsgrond\/#breadcrumb"},"inLanguage":"nl-BE","potentialAction":[{"@type":"ReadAction","target":["https:\/\/blog.uantwerpen.be\/bladspiegel\/stadsgrond\/"]}]},{"@type":"ImageObject","inLanguage":"nl-BE","@id":"https:\/\/blog.uantwerpen.be\/bladspiegel\/stadsgrond\/#primaryimage","url":"https:\/\/blog.uantwerpen.be\/bladspiegel\/wp-content\/uploads\/2024\/04\/Scherm\u00adafbeelding-2024-04-22-om-09.38.38.png","contentUrl":"https:\/\/blog.uantwerpen.be\/bladspiegel\/wp-content\/uploads\/2024\/04\/Scherm\u00adafbeelding-2024-04-22-om-09.38.38.png","width":894,"height":592},{"@type":"BreadcrumbList","@id":"https:\/\/blog.uantwerpen.be\/bladspiegel\/stadsgrond\/#breadcrumb","itemListElement":[{"@type":"ListItem","position":1,"name":"Home","item":"https:\/\/blog.uantwerpen.be\/bladspiegel\/"},{"@type":"ListItem","position":2,"name":"Stadsgrond"}]},{"@type":"WebSite","@id":"https:\/\/blog.uantwerpen.be\/bladspiegel\/#website","url":"https:\/\/blog.uantwerpen.be\/bladspiegel\/","name":"bladspiegel","description":"bladspiegel","publisher":{"@id":"https:\/\/blog.uantwerpen.be\/bladspiegel\/#organization"},"potentialAction":[{"@type":"SearchAction","target":{"@type":"EntryPoint","urlTemplate":"https:\/\/blog.uantwerpen.be\/bladspiegel\/?s={search_term_string}"},"query-input":{"@type":"PropertyValueSpecification","valueRequired":true,"valueName":"search_term_string"}}],"inLanguage":"nl-BE"},{"@type":"Organization","@id":"https:\/\/blog.uantwerpen.be\/bladspiegel\/#organization","name":"bladspiegel","url":"https:\/\/blog.uantwerpen.be\/bladspiegel\/","logo":{"@type":"ImageObject","inLanguage":"nl-BE","@id":"https:\/\/blog.uantwerpen.be\/bladspiegel\/#\/schema\/logo\/image\/","url":"https:\/\/blog.uantwerpen.be\/bladspiegel\/wp-content\/uploads\/2021\/04\/cropped-lw-nl-white.png","contentUrl":"https:\/\/blog.uantwerpen.be\/bladspiegel\/wp-content\/uploads\/2021\/04\/cropped-lw-nl-white.png","width":995,"height":250,"caption":"bladspiegel"},"image":{"@id":"https:\/\/blog.uantwerpen.be\/bladspiegel\/#\/schema\/logo\/image\/"}},{"@type":"Person","@id":"https:\/\/blog.uantwerpen.be\/bladspiegel\/#\/schema\/person\/709fd8839035d4a7e59c25fc2b902247","name":"Michelle Coenen","url":"https:\/\/blog.uantwerpen.be\/bladspiegel\/author\/michelle-coenen\/"}]}},"_links":{"self":[{"href":"https:\/\/blog.uantwerpen.be\/bladspiegel\/wp-json\/wp\/v2\/posts\/3047","targetHints":{"allow":["GET"]}}],"collection":[{"href":"https:\/\/blog.uantwerpen.be\/bladspiegel\/wp-json\/wp\/v2\/posts"}],"about":[{"href":"https:\/\/blog.uantwerpen.be\/bladspiegel\/wp-json\/wp\/v2\/types\/post"}],"author":[{"embeddable":true,"href":"https:\/\/blog.uantwerpen.be\/bladspiegel\/wp-json\/wp\/v2\/users\/12"}],"replies":[{"embeddable":true,"href":"https:\/\/blog.uantwerpen.be\/bladspiegel\/wp-json\/wp\/v2\/comments?post=3047"}],"version-history":[{"count":5,"href":"https:\/\/blog.uantwerpen.be\/bladspiegel\/wp-json\/wp\/v2\/posts\/3047\/revisions"}],"predecessor-version":[{"id":3083,"href":"https:\/\/blog.uantwerpen.be\/bladspiegel\/wp-json\/wp\/v2\/posts\/3047\/revisions\/3083"}],"wp:featuredmedia":[{"embeddable":true,"href":"https:\/\/blog.uantwerpen.be\/bladspiegel\/wp-json\/wp\/v2\/media\/3048"}],"wp:attachment":[{"href":"https:\/\/blog.uantwerpen.be\/bladspiegel\/wp-json\/wp\/v2\/media?parent=3047"}],"wp:term":[{"taxonomy":"category","embeddable":true,"href":"https:\/\/blog.uantwerpen.be\/bladspiegel\/wp-json\/wp\/v2\/categories?post=3047"},{"taxonomy":"post_tag","embeddable":true,"href":"https:\/\/blog.uantwerpen.be\/bladspiegel\/wp-json\/wp\/v2\/tags?post=3047"},{"taxonomy":"author","embeddable":true,"href":"https:\/\/blog.uantwerpen.be\/bladspiegel\/wp-json\/wp\/v2\/coauthors?post=3047"}],"curies":[{"name":"wp","href":"https:\/\/api.w.org\/{rel}","templated":true}]}}