{"id":925,"date":"2021-02-05T09:54:56","date_gmt":"2021-02-05T09:54:56","guid":{"rendered":"https:\/\/blog.uantwerpen.be\/armoede-sociale-uitsluiting\/?p=925"},"modified":"2021-02-05T10:02:46","modified_gmt":"2021-02-05T10:02:46","slug":"pleidooi-voor-een-vernieuwd-sociaal-contract","status":"publish","type":"post","link":"https:\/\/blog.uantwerpen.be\/armoede-sociale-uitsluiting\/pleidooi-voor-een-vernieuwd-sociaal-contract\/","title":{"rendered":"Pleidooi voor een vernieuwd sociaal contract"},"content":{"rendered":"\n<p><strong>Auteur: Bea Cantillon<\/strong><\/p>\n\n\n\n<p>We hebben de voorbije maanden geleerd hoe belangrijk de verzorgingsstaat is, voor de mensen \u00e9n voor de economie. Maar het lijdt geen twijfel dat de pandemie de welvaartsstaat heeft getroffen op een kritisch moment in zijn geschiedenis. Om die reden pleit ik, <a href=\"https:\/\/1000x1000.be\/over-1000x1000\/\" target=\"_blank\" rel=\"noreferrer noopener\">samen met meer dan 1.300 academici die de oproep mee ondertekenden<\/a>, voor een vernieuwd sociaal contract.<\/p>\n\n\n\n<h2 class=\"wp-block-heading\"><strong>Het Sociaal Pact van 1944<\/strong><\/h2>\n\n\n\n<p>Onze verzorgingsstaat vindt zijn grondslag in het naoorlogse Sociaal Pact over groei, werk en herverdeling. De kern ervan: welvaart cre\u00ebren en armoede bestrijden door groei, volledige tewerkstelling, loonstijgingen binnen de grenzen van de productiviteit en sociale herverdeling op arbeid gestoeld.<\/p>\n\n\n\n<p>Het Pact was een te laat antwoord op de negentiende-eeuwse sociale kwestie die vele kwaadaardige krachten in het leven had geroepen. Het installeerde de verzorgingsstaat die de ongelijkheden en de armoede succesvol kon terugdringen.<\/p>\n\n\n\n<p>Aan het begin van de 70\u2019er jaren van de vorige eeuw kwam de droom in zicht dat kapitalistische groei en sociale herverdeling zouden leiden tot betere leefomstandigheden voor iedereen.<\/p>\n\n\n\n<h2 class=\"wp-block-heading\"><strong>De verzorgingsstaat kwam tot stilstand\u2026<\/strong><\/h2>\n\n\n\n<p>Maar, uitgerekend wanneer de welvaarsstaat een grote mate van maturiteit had bereikt, begon de naoorlogse sociale gelijkmaking te vertragen. Ergens in de jaren negentig, kwam ze tot stilstand. Mensen met een lagere scholing, werklozen en zieken werden minder bestaanszeker. De kinderarmoede begon aan een opmars. De egalisering van de onderwijskansen stokte. De kloof in de (gezonde) levensverwachting van hoger en lager geschoolde mensen werd groter.<\/p>\n\n\n\n<p>Waarom? Het is te gemakkelijk om de verantwoordelijkheid daarvoor bij de politiek, en andere actoren all\u00e9\u00e9n te leggen. Het gaat zeer zeker om beleidskeuzen, maar \u00f3\u00f3k en wellicht vooral om de onderliggende systemen. Systemen die berusten op afspraken die intussen ingehaald werden door de technologie en de kenniseconomie, door de individualisering en de emancipatie van de vrouw, door het beleid dat zich op deze transformaties entte.<\/p>\n\n\n\n<p>In de nieuwe samenlevingsordening zijn de naoorlogse aannames over volledige tewerkstelling niet langer geldig. Volledige tewerkstelling voor mannen maakte plaats voor een duale arbeidsmarkt. Daarin gaat volledige tewerkstelling voor hoger geschoolden samen met structurele werkloosheid bij kortgeschoolde mannen en vrouwen.<\/p>\n\n\n\n<p>De lage lonen bleven achter bij de groei van de productiviteit en daardoor is arbeid een te smalle basis geworden voor herverdeling.<\/p>\n\n\n\n<p>De sociale zekerheid kijkt aan tegen een \u2018glazen plafond\u2019 van lage lonen en lukt er niet meer in om bestaanszekerheid te waarborgen aan vele werklozen, zieken, invaliden en mensen die onbetaald zorg dragen voor anderen.<\/p>\n\n\n\n<p>En nochtans, aan de vooravond van de pandemie, werkte de actieve welvaartsstaat harder dan ooit tevoren. Ze ging gepaard met hoge sociale overheidsuitgaven, steeds meer mensen aan het werk en groei van de inkomens. Maar zelfs in deze gunstige omstandigheden konden de ongelijkheden en de armoede niet worden teruggedrongen.<\/p>\n\n\n\n<p>Men rekende op een vliegwieleffect. Zo dacht men het herverdelingsvraagstuk te kunnen omzeilen: hogere werkzaamheidsgraden zouden zorgen voor minder uitgaven en meer inkomsten.<\/p>\n\n\n\n<h2 class=\"wp-block-heading\"><strong>Trilemma of hoe het Sociaal Pact werd ingehaald<\/strong><\/h2>\n\n\n\n<p>In de werkelijkheid stond de actieve welvaartsstaat voor een hardnekkig trilemma. Nieuwe jobs waren scheef verdeeld, de werkloosheid bij lager geschoolden bleef hoog en de nieuwe jobs kwamen met een hoge prijs. De lastenverlagingen drukten op de inkomsten van de sociale zekerheid, sommige jobs moesten zwaar gesubsidieerd worden, de overheden moesten bijspringen om lage lonen leefbaar te maken. Tegelijk, door de wurggreep van de wekloosheidsvallen, kalfde de sociale bescherming voor de werklozen af. Bijgevolg steeg de armoede bij lager geschoolde, werkloze gezinnen terwijl ook het probleem van \u2018in-work-poverty\u2019 niet opgelost raakte.<\/p>\n\n\n\n<p>De tragiek van de actieve welvaartsstaat werd in een <a href=\"https:\/\/www.scp.nl\/publicaties\/publicaties\/2020\/06\/18\/kansrijk-armoedebeleid\" target=\"_blank\" rel=\"noreferrer noopener\">recent rapport van het Nederlandse Sociaal en Cultureel Planbureau <\/a>zeer treffend samengevat: &#8220;Armoede verminderen is mogelijk, maar kost geld en banen&#8221;.<\/p>\n\n\n\n<p>De verscheurende keuze tussen armoede verminderen, meer geld uitgeven of inboeten op laagproductieve banen is systemisch, samenhangend met de achterhaaldheid van het naoorlogse sociaal contract, van sociale herverdeling, op arbeid gestoeld.<\/p>\n\n\n\n<h2 class=\"wp-block-heading\"><strong>Nieuwe transformatiegolven, nieuwe verdelingskwesties<\/strong><\/h2>\n\n\n\n<p>De pandemie treft onze welvaartsstaat aan de vooravond van een nieuwe golf van grote transformaties: de klimaatopwarming, de vergrijzing, de digitalisering. Het verscheurend trilemma \u2013 armoede, geld of banen &#8211; zal daarmee niet verdwijnen, integendeel.<\/p>\n\n\n\n<p>Het klimaatbeleid \u2013 dat zeer ambitieus zal moeten zijn &#8211; bedreigt sommige mensen meer dan anderen. De productiewijze zal moeten veranderen. Sommigen zullen daar wel bij varen. Anderen zullen hun job verliezen.<\/p>\n\n\n\n<p>Het principe van \u2018de vervuiler betaalt\u2019 staat op gespannen voet met verdelende rechtvaardigheid. Koolstofbelastingen bijvoorbeeld, treffen de onderste lagen relatief zwaarder dan de hogere. De gele hesjes gaven daarvan reeds de eerste, niet mis te verstane signalen. Omdat te grote ongelijkheden en armoede de klimaattransitie in de weg staan, kan het verdelingsvraagstuk nu niet langer ontweken worden.<\/p>\n\n\n\n<h2 class=\"wp-block-heading\">De pandemie treft ons midden in de verouderingsgolf<\/h2>\n\n\n\n<p>Bovendien heeft de crisis de strategie\u00ebn om de pensioenlast te financieren veel wind uit de zeilen genomen. De eerstkomende jaren zullen we niet moeten rekenen op schuldafbouw en meer mensen aan het werk om de pensioenlasten te financieren.<\/p>\n\n\n\n<p>Zo is de veroudering meer dan ooit een verdelingsprobleem geworden. De armoede bij kinderen en jongeren is nu hoger dan bij de ouderen. Door de crisis zal deze ongelijkheid nog groter worden. In een recessie blijven de pensioenen op peil terwijl de werkgelegenheid en de lonen dalen.<\/p>\n\n\n\n<p>De coronacrisis zal het ritme van verandering op de arbeidsmarkt versnellen. De pandemie treft vooral jongeren, midden- en kortgeschoolden, lager betaalden, arbeiders en mensen met een migratieachtergrond. En de digitalisering is in een hogere versnelling gebracht. Er zullen nieuwe jobs ontstaan, maar het zijn de beroepen met de meest routinematige taken die het grootste gevaar lopen te verdwijnen. De vraag naar zinvol werk wordt indringender dan ooit.<\/p>\n\n\n\n<h2 class=\"wp-block-heading\"><strong>Ongelijke impact van de pandemie<\/strong><\/h2>\n\n\n\n<p>De pandemie heeft de samenleving ongelijk getroffen. De overheidsinspanningen zijn enorm en vangen een groot deel van de noden op. Maar lang niet elk huis bood de nodige ruimte om te werken en te studeren. Sommigen zijn uit de boot van de reddingmaatregelen gevallen. Voor anderen was de bescherming ontoereikend, werklozen en langdurig zieken verloren het perspectief op werk. Kleine bedrijven zullen het moeilijker hebben dan de grote, velen zijn bedreigd. Bij de werknemers zijn degenen met lage inkomens zwaarder getroffen dan de anderen. En de armoede zal verder toenemen zodra de reddingsboeien worden weggehaald.<\/p>\n\n\n\n<p>Voedselbanken werden zeer zichtbaar. Zij zitten al verschillende decennia in de lift, als kanaries in de koolmijn van de welvaartsstaat.<\/p>\n\n\n\n<p>We zijn zo rijk geworden dat er zeer veel middelen zijn voor de consumptie van luxegoederen, voor reizen en dure hobby\u2019s. De 25% rijkste gezinnen kunnen meer dan 30% van hun inkomen besparen op restaurantbezoek en reizen. De 25% armste gezinnen hebben doorgaans helemaal geen ruimte voor zulke uitgaven.<\/p>\n\n\n\n<h2 class=\"wp-block-heading\"><strong>Weeffouten wegwerken volstaat niet<\/strong><\/h2>\n\n\n\n<p>Het relancebeleid zal buitengewoon veeleisend zijn. De welvaart is gedaald en de collectieve lasten bereiken een ongezien hoog peil. Een rijke samenleving kan veel aan, de massale overheidssteun is eenmalig en de rente laag. Maar de corona-uitgaven komen bovenop de kosten van de veroudering en de inspanningen die nodig zijn voor de klimaattransitie. En de nieuwe ongelijkheden komen bovenop de onopgeloste armoedeproblemen.<\/p>\n\n\n\n<p>Het zal niet volstaan om weeffouten hier en daar te remedi\u00ebren. De economische en ecologische relance zal enorme collectieve inspanningen vergen, op vele vlakken. We gaan jaren inspanningen moeten leveren. Ditmaal zal de verdelingskwestie niet meer omzeild kunnen worden.<\/p>\n\n\n\n<h2 class=\"wp-block-heading\"><strong>Gedeeld belang<\/strong><\/h2>\n\n\n\n<p>Hier ligt de diepe reden van onze oproep. Om te slagen waar we faalden in het verleden is een nieuwe basisafspraak nodig over werk, rechtvaardige belastingen, ook op vermogen, klimaat en een correcte verdeling van de vergrijzingskost, die niet al het gewicht op de schouders van de jonge generaties legt.<\/p>\n\n\n\n<p>De pandemie biedt daartoe ongeziene kansen: ze heeft vele positieve krachten blootgelegd en ze heeft ons herinnerd aan de betekenis van \u201cgedeeld belang\u201d.<\/p>\n\n\n\n<p>De pandemie heeft heel wat sterke kenmerken van onze samenleving aan het licht gebracht: de capaciteit om samen snel te schakelen, het enorme engagement van het personeel in de zorg, de spontane solidariteit van duizenden vrijwilligers, de sterkte van de sociale zekerheid, de gezondheidszorg, de verzorgingsstaat. Onmiddellijk werden alle hens aan dek geroepen om de economie te stutten en de mensen inkomenszekerheid te geven.<\/p>\n\n\n\n<p>De pandemie heeft ons ook herinnerd aan de diepe betekenis van \u2018gedeeld belang\u2019. Zorgen voor de rest werd meer dan ooit een kwestie van eigenbelang. Iedereen heeft gezien dat het risico op groot inkomensverlies iedereen kan treffen. Niemand die nog twijfelt aan de zin van sociale verzekeringen. De pandemie heeft getoond dat mensen die weinig verdienen belangrijk zijn: zij oefenen vaak de \u201cessenti\u00eble beroepen\u201d uit. De pandemie heeft gewezen op de waarde van het \u201czorgen voor elkaar\u201d. Het zijn de inspanningen van de vele vaders en moeders, dochters en zonen die zorgen voor de afremming van de besmettingen en daardoor voor de borging van economische activiteiten. De pandemie heeft getoond hoe sterk de markt afhankelijk is van de welvaartsstaat. De pandemie heeft het kolossale belang van samenwerken zichtbaar gemaakt: lokaal, regionaal, federaal, Europees.<\/p>\n\n\n\n<p>Over \u2018gedeeld belang\u2019 nog dit: v\u00f3\u00f3r corona waren er kwaadaardige krachten werkzaam \u2013 Trump, Brexit, het opkomend populisme. Deze kwaadaardige krachten hielden minstens voor een deel verband met onopgeloste verdelingsvraagstukken, achterstelling en ongelijkheid. In de door het virus bevroren samenleving lijken ze even te zijn gaan liggen. Er is echter niet veel nodig opdat ze terug tot leven komen, virulenter dan ooit.<\/p>\n\n\n\n<h2 class=\"wp-block-heading\"><strong>Kansen<\/strong><\/h2>\n\n\n\n<p>De pandemie heeft intussen al enkele opmerkelijke zaken in gang gezet, vanuit de noodzaak van gedeeld belang.<\/p>\n\n\n\n<p>De Europese Commissie meldde bij de voorstelling van het <em>Green Recovery Fund<\/em> dat nieuwe inkomstenbronnen zullen gezocht worden, zoals een belasting op financi\u00eble transacties, een financi\u00eble bijdrage gekoppeld aan de zakelijke sector en een nieuwe gemeenschappelijke heffingsgrondslag voor de vennootschapsbelasting. Dit gaat over samenwerking. Dit gaat over ecologisch verantwoorde groei. Dit gaat over herverdeling niet louter gestoeld op arbeid. Vanuit een sterk bewustzijn van de gemeenschappelijkheid der dingen.<\/p>\n\n\n\n<p>Het Europese SURE (\u201c<em>temporary Support to mitigate Unemployment Risks in an Emergency<\/em>\u201d) verstrekt financi\u00eble steun om lidstaten te helpen bij het stutten van hun systemen van tijdelijke werkloosheid. Het is de eerste keer in de geschiedenis dat Europa nationale sociale zekerheidssystemen helpt met een bredere financieringsbasis.<\/p>\n\n\n\n<p><a href=\"https:\/\/www.armoedebestrijding.be\/themas\/covid-19\/\" target=\"_blank\" rel=\"noreferrer noopener\">Het overzicht van de Belgische Covid-19-maatregelen <\/a>van het Steunpunt tot Bestrijding van de Armoede, Bestaansonzekerheid en Sociale Uitsluiting, telt niet minder dan 109 bladzijden. Sociale minima worden opgetrokken. Het zorgpersoneel wordt geherwaardeerd. En na de noodzakelijke verhogingen van de tijdelijke werkloosheidsuitkeringen zal het moeilijk zijn om met goed fatsoen de gewone zieken en werklozen achter te laten.<\/p>\n\n\n\n<p>&#8220;Niemand mag achterblijven in de storm&#8221;, zo verwoordde Erica Vlieghe het doel van de actie 1000&#215;1000. D\u00e1t moet het kompas zijn van het vernieuwde sociaal contract.<\/p>\n\n\n\n<p>Een sociaal contract is geen menu van concrete beleidsmaatregelen. Het definieert gemeenschappelijke doelstellingen, rechten en plichten. Maar het moet ook over meer gaan dan over algemene beginselen. Er zullen afspraken moeten worden gemaakt over instrumenten en methoden.<\/p>\n\n\n\n<p>Daarvoor is een brede conversatie nodig tussen overheden, sociale partners en het brede middenveld. Ons pleidooi is daarom in de eerste plaats naar h\u00e9n gericht.<\/p>\n\n\n\n<p><em>Dit is de tekst van de lezing \u2018&#8221;Pleidooi voor een vernieuwd sociaal contract&#8221; op het slotcongres van de actie 1000&#215;1000, op 3 februari 2021. Een uitgebreide versie van deze tekst is te lezen <a href=\"https:\/\/1000x1000.be\/nieuws-item\/pleidooi-voor-een-vernieuwd-sociaal-contract-2\/\" target=\"_blank\" rel=\"noreferrer noopener\">op de website van 1000&#215;1000<\/a>.<\/em><\/p>\n\n\n\n<p>Afbeelding van&nbsp;<a href=\"https:\/\/pixabay.com\/nl\/users\/geralt-9301\/?utm_source=link-attribution&amp;utm_medium=referral&amp;utm_campaign=image&amp;utm_content=567566\">Gerd Altmann<\/a>&nbsp;via&nbsp;<a href=\"https:\/\/pixabay.com\/nl\/?utm_source=link-attribution&amp;utm_medium=referral&amp;utm_campaign=image&amp;utm_content=567566\">Pixabay<\/a>&nbsp;<\/p>\n","protected":false},"excerpt":{"rendered":"<p>We hebben de voorbije maanden geleerd hoe belangrijk de verzorgingsstaat is. Maar het lijdt geen twijfel dat de pandemie de welvaartsstaat heeft getroffen op een kritisch moment in zijn geschiedenis.  Daarom is er nood aan een vernieuwd sociaal contract.<\/p>\n","protected":false},"author":12,"featured_media":926,"comment_status":"closed","ping_status":"open","sticky":false,"template":"","format":"standard","meta":{"_acf_changed":false,"footnotes":""},"categories":[61],"tags":[58,72,88,87],"coauthors":[63],"class_list":["post-925","post","type-post","status-publish","format-standard","has-post-thumbnail","hentry","category-opinie","tag-armoede","tag-corona","tag-sociale-zekerheid","tag-welvaartsstaat"],"acf":[],"yoast_head":"<!-- This site is optimized with the Yoast SEO plugin v27.5 - https:\/\/yoast.com\/product\/yoast-seo-wordpress\/ -->\n<title>Pleidooi voor een vernieuwd sociaal contract - Armoede en Sociale Uitsluiting<\/title>\n<meta name=\"robots\" content=\"index, follow, max-snippet:-1, max-image-preview:large, max-video-preview:-1\" \/>\n<link rel=\"canonical\" href=\"https:\/\/blog.uantwerpen.be\/armoede-sociale-uitsluiting\/pleidooi-voor-een-vernieuwd-sociaal-contract\/\" \/>\n<meta property=\"og:locale\" content=\"nl_BE\" \/>\n<meta property=\"og:type\" content=\"article\" \/>\n<meta property=\"og:title\" content=\"Pleidooi voor een vernieuwd sociaal contract - Armoede en Sociale Uitsluiting\" \/>\n<meta property=\"og:description\" content=\"We hebben de voorbije maanden geleerd hoe belangrijk de verzorgingsstaat is. Maar het lijdt geen twijfel dat de pandemie de welvaartsstaat heeft getroffen op een kritisch moment in zijn geschiedenis. Daarom is er nood aan een vernieuwd sociaal contract.\" \/>\n<meta property=\"og:url\" content=\"https:\/\/blog.uantwerpen.be\/armoede-sociale-uitsluiting\/pleidooi-voor-een-vernieuwd-sociaal-contract\/\" \/>\n<meta property=\"og:site_name\" content=\"Armoede en Sociale Uitsluiting\" \/>\n<meta property=\"article:published_time\" content=\"2021-02-05T09:54:56+00:00\" \/>\n<meta property=\"article:modified_time\" content=\"2021-02-05T10:02:46+00:00\" \/>\n<meta property=\"og:image\" content=\"https:\/\/blog.uantwerpen.be\/armoede-sociale-uitsluiting\/wp-content\/uploads\/2021\/02\/human-567566_1920.jpg\" \/>\n\t<meta property=\"og:image:width\" content=\"1920\" \/>\n\t<meta property=\"og:image:height\" content=\"1355\" \/>\n\t<meta property=\"og:image:type\" content=\"image\/jpeg\" \/>\n<meta name=\"author\" content=\"USAB\" \/>\n<meta name=\"twitter:card\" content=\"summary_large_image\" \/>\n<meta name=\"twitter:label1\" content=\"Geschreven door\" \/>\n\t<meta name=\"twitter:data1\" content=\"USAB\" \/>\n\t<meta name=\"twitter:label2\" content=\"Geschatte leestijd\" \/>\n\t<meta name=\"twitter:data2\" content=\"9 minuten\" \/>\n\t<meta name=\"twitter:label3\" content=\"Written by\" \/>\n\t<meta name=\"twitter:data3\" content=\"USAB\" \/>\n<script type=\"application\/ld+json\" class=\"yoast-schema-graph\">{\"@context\":\"https:\\\/\\\/schema.org\",\"@graph\":[{\"@type\":\"Article\",\"@id\":\"https:\\\/\\\/blog.uantwerpen.be\\\/armoede-sociale-uitsluiting\\\/pleidooi-voor-een-vernieuwd-sociaal-contract\\\/#article\",\"isPartOf\":{\"@id\":\"https:\\\/\\\/blog.uantwerpen.be\\\/armoede-sociale-uitsluiting\\\/pleidooi-voor-een-vernieuwd-sociaal-contract\\\/\"},\"author\":{\"name\":\"USAB\",\"@id\":\"https:\\\/\\\/blog.uantwerpen.be\\\/armoede-sociale-uitsluiting\\\/#\\\/schema\\\/person\\\/bdc9fac7c33ec579483ddf8179e41cc7\"},\"headline\":\"Pleidooi voor een vernieuwd sociaal contract\",\"datePublished\":\"2021-02-05T09:54:56+00:00\",\"dateModified\":\"2021-02-05T10:02:46+00:00\",\"mainEntityOfPage\":{\"@id\":\"https:\\\/\\\/blog.uantwerpen.be\\\/armoede-sociale-uitsluiting\\\/pleidooi-voor-een-vernieuwd-sociaal-contract\\\/\"},\"wordCount\":1863,\"publisher\":{\"@id\":\"https:\\\/\\\/blog.uantwerpen.be\\\/armoede-sociale-uitsluiting\\\/#organization\"},\"image\":{\"@id\":\"https:\\\/\\\/blog.uantwerpen.be\\\/armoede-sociale-uitsluiting\\\/pleidooi-voor-een-vernieuwd-sociaal-contract\\\/#primaryimage\"},\"thumbnailUrl\":\"https:\\\/\\\/blog.uantwerpen.be\\\/armoede-sociale-uitsluiting\\\/wp-content\\\/uploads\\\/2021\\\/02\\\/human-567566_1920.jpg\",\"keywords\":[\"armoede\",\"corona\",\"sociale zekerheid\",\"welvaartsstaat\"],\"articleSection\":[\"Opinie\"],\"inLanguage\":\"nl-BE\"},{\"@type\":\"WebPage\",\"@id\":\"https:\\\/\\\/blog.uantwerpen.be\\\/armoede-sociale-uitsluiting\\\/pleidooi-voor-een-vernieuwd-sociaal-contract\\\/\",\"url\":\"https:\\\/\\\/blog.uantwerpen.be\\\/armoede-sociale-uitsluiting\\\/pleidooi-voor-een-vernieuwd-sociaal-contract\\\/\",\"name\":\"Pleidooi voor een vernieuwd sociaal contract - Armoede en Sociale Uitsluiting\",\"isPartOf\":{\"@id\":\"https:\\\/\\\/blog.uantwerpen.be\\\/armoede-sociale-uitsluiting\\\/#website\"},\"primaryImageOfPage\":{\"@id\":\"https:\\\/\\\/blog.uantwerpen.be\\\/armoede-sociale-uitsluiting\\\/pleidooi-voor-een-vernieuwd-sociaal-contract\\\/#primaryimage\"},\"image\":{\"@id\":\"https:\\\/\\\/blog.uantwerpen.be\\\/armoede-sociale-uitsluiting\\\/pleidooi-voor-een-vernieuwd-sociaal-contract\\\/#primaryimage\"},\"thumbnailUrl\":\"https:\\\/\\\/blog.uantwerpen.be\\\/armoede-sociale-uitsluiting\\\/wp-content\\\/uploads\\\/2021\\\/02\\\/human-567566_1920.jpg\",\"datePublished\":\"2021-02-05T09:54:56+00:00\",\"dateModified\":\"2021-02-05T10:02:46+00:00\",\"breadcrumb\":{\"@id\":\"https:\\\/\\\/blog.uantwerpen.be\\\/armoede-sociale-uitsluiting\\\/pleidooi-voor-een-vernieuwd-sociaal-contract\\\/#breadcrumb\"},\"inLanguage\":\"nl-BE\",\"potentialAction\":[{\"@type\":\"ReadAction\",\"target\":[\"https:\\\/\\\/blog.uantwerpen.be\\\/armoede-sociale-uitsluiting\\\/pleidooi-voor-een-vernieuwd-sociaal-contract\\\/\"]}]},{\"@type\":\"ImageObject\",\"inLanguage\":\"nl-BE\",\"@id\":\"https:\\\/\\\/blog.uantwerpen.be\\\/armoede-sociale-uitsluiting\\\/pleidooi-voor-een-vernieuwd-sociaal-contract\\\/#primaryimage\",\"url\":\"https:\\\/\\\/blog.uantwerpen.be\\\/armoede-sociale-uitsluiting\\\/wp-content\\\/uploads\\\/2021\\\/02\\\/human-567566_1920.jpg\",\"contentUrl\":\"https:\\\/\\\/blog.uantwerpen.be\\\/armoede-sociale-uitsluiting\\\/wp-content\\\/uploads\\\/2021\\\/02\\\/human-567566_1920.jpg\",\"width\":1920,\"height\":1355},{\"@type\":\"BreadcrumbList\",\"@id\":\"https:\\\/\\\/blog.uantwerpen.be\\\/armoede-sociale-uitsluiting\\\/pleidooi-voor-een-vernieuwd-sociaal-contract\\\/#breadcrumb\",\"itemListElement\":[{\"@type\":\"ListItem\",\"position\":1,\"name\":\"Home\",\"item\":\"https:\\\/\\\/blog.uantwerpen.be\\\/armoede-sociale-uitsluiting\\\/\"},{\"@type\":\"ListItem\",\"position\":2,\"name\":\"Pleidooi voor een vernieuwd sociaal contract\"}]},{\"@type\":\"WebSite\",\"@id\":\"https:\\\/\\\/blog.uantwerpen.be\\\/armoede-sociale-uitsluiting\\\/#website\",\"url\":\"https:\\\/\\\/blog.uantwerpen.be\\\/armoede-sociale-uitsluiting\\\/\",\"name\":\"Armoede en Sociale Uitsluiting\",\"description\":\"Armoede en Sociale Uitsluiting\",\"publisher\":{\"@id\":\"https:\\\/\\\/blog.uantwerpen.be\\\/armoede-sociale-uitsluiting\\\/#organization\"},\"potentialAction\":[{\"@type\":\"SearchAction\",\"target\":{\"@type\":\"EntryPoint\",\"urlTemplate\":\"https:\\\/\\\/blog.uantwerpen.be\\\/armoede-sociale-uitsluiting\\\/?s={search_term_string}\"},\"query-input\":{\"@type\":\"PropertyValueSpecification\",\"valueRequired\":true,\"valueName\":\"search_term_string\"}}],\"inLanguage\":\"nl-BE\"},{\"@type\":\"Organization\",\"@id\":\"https:\\\/\\\/blog.uantwerpen.be\\\/armoede-sociale-uitsluiting\\\/#organization\",\"name\":\"Armoede en Sociale Uitsluiting\",\"url\":\"https:\\\/\\\/blog.uantwerpen.be\\\/armoede-sociale-uitsluiting\\\/\",\"logo\":{\"@type\":\"ImageObject\",\"inLanguage\":\"nl-BE\",\"@id\":\"https:\\\/\\\/blog.uantwerpen.be\\\/armoede-sociale-uitsluiting\\\/#\\\/schema\\\/logo\\\/image\\\/\",\"url\":\"https:\\\/\\\/blog.uantwerpen.be\\\/armoede-sociale-uitsluiting\\\/wp-content\\\/uploads\\\/2021\\\/09\\\/cropped-UA-hor-1-nl-white.png\",\"contentUrl\":\"https:\\\/\\\/blog.uantwerpen.be\\\/armoede-sociale-uitsluiting\\\/wp-content\\\/uploads\\\/2021\\\/09\\\/cropped-UA-hor-1-nl-white.png\",\"width\":873,\"height\":250,\"caption\":\"Armoede en Sociale Uitsluiting\"},\"image\":{\"@id\":\"https:\\\/\\\/blog.uantwerpen.be\\\/armoede-sociale-uitsluiting\\\/#\\\/schema\\\/logo\\\/image\\\/\"}},{\"@type\":\"Person\",\"@id\":\"https:\\\/\\\/blog.uantwerpen.be\\\/armoede-sociale-uitsluiting\\\/#\\\/schema\\\/person\\\/bdc9fac7c33ec579483ddf8179e41cc7\",\"name\":\"USAB\",\"url\":\"https:\\\/\\\/blog.uantwerpen.be\\\/armoede-sociale-uitsluiting\\\/author\\\/jill-coene\\\/\"}]}<\/script>\n<!-- \/ Yoast SEO plugin. -->","yoast_head_json":{"title":"Pleidooi voor een vernieuwd sociaal contract - Armoede en Sociale Uitsluiting","robots":{"index":"index","follow":"follow","max-snippet":"max-snippet:-1","max-image-preview":"max-image-preview:large","max-video-preview":"max-video-preview:-1"},"canonical":"https:\/\/blog.uantwerpen.be\/armoede-sociale-uitsluiting\/pleidooi-voor-een-vernieuwd-sociaal-contract\/","og_locale":"nl_BE","og_type":"article","og_title":"Pleidooi voor een vernieuwd sociaal contract - Armoede en Sociale Uitsluiting","og_description":"We hebben de voorbije maanden geleerd hoe belangrijk de verzorgingsstaat is. Maar het lijdt geen twijfel dat de pandemie de welvaartsstaat heeft getroffen op een kritisch moment in zijn geschiedenis. Daarom is er nood aan een vernieuwd sociaal contract.","og_url":"https:\/\/blog.uantwerpen.be\/armoede-sociale-uitsluiting\/pleidooi-voor-een-vernieuwd-sociaal-contract\/","og_site_name":"Armoede en Sociale Uitsluiting","article_published_time":"2021-02-05T09:54:56+00:00","article_modified_time":"2021-02-05T10:02:46+00:00","og_image":[{"width":1920,"height":1355,"url":"https:\/\/blog.uantwerpen.be\/armoede-sociale-uitsluiting\/wp-content\/uploads\/2021\/02\/human-567566_1920.jpg","type":"image\/jpeg"}],"author":"USAB","twitter_card":"summary_large_image","twitter_misc":{"Geschreven door":"USAB","Geschatte leestijd":"9 minuten","Written by":"USAB"},"schema":{"@context":"https:\/\/schema.org","@graph":[{"@type":"Article","@id":"https:\/\/blog.uantwerpen.be\/armoede-sociale-uitsluiting\/pleidooi-voor-een-vernieuwd-sociaal-contract\/#article","isPartOf":{"@id":"https:\/\/blog.uantwerpen.be\/armoede-sociale-uitsluiting\/pleidooi-voor-een-vernieuwd-sociaal-contract\/"},"author":{"name":"USAB","@id":"https:\/\/blog.uantwerpen.be\/armoede-sociale-uitsluiting\/#\/schema\/person\/bdc9fac7c33ec579483ddf8179e41cc7"},"headline":"Pleidooi voor een vernieuwd sociaal contract","datePublished":"2021-02-05T09:54:56+00:00","dateModified":"2021-02-05T10:02:46+00:00","mainEntityOfPage":{"@id":"https:\/\/blog.uantwerpen.be\/armoede-sociale-uitsluiting\/pleidooi-voor-een-vernieuwd-sociaal-contract\/"},"wordCount":1863,"publisher":{"@id":"https:\/\/blog.uantwerpen.be\/armoede-sociale-uitsluiting\/#organization"},"image":{"@id":"https:\/\/blog.uantwerpen.be\/armoede-sociale-uitsluiting\/pleidooi-voor-een-vernieuwd-sociaal-contract\/#primaryimage"},"thumbnailUrl":"https:\/\/blog.uantwerpen.be\/armoede-sociale-uitsluiting\/wp-content\/uploads\/2021\/02\/human-567566_1920.jpg","keywords":["armoede","corona","sociale zekerheid","welvaartsstaat"],"articleSection":["Opinie"],"inLanguage":"nl-BE"},{"@type":"WebPage","@id":"https:\/\/blog.uantwerpen.be\/armoede-sociale-uitsluiting\/pleidooi-voor-een-vernieuwd-sociaal-contract\/","url":"https:\/\/blog.uantwerpen.be\/armoede-sociale-uitsluiting\/pleidooi-voor-een-vernieuwd-sociaal-contract\/","name":"Pleidooi voor een vernieuwd sociaal contract - Armoede en Sociale Uitsluiting","isPartOf":{"@id":"https:\/\/blog.uantwerpen.be\/armoede-sociale-uitsluiting\/#website"},"primaryImageOfPage":{"@id":"https:\/\/blog.uantwerpen.be\/armoede-sociale-uitsluiting\/pleidooi-voor-een-vernieuwd-sociaal-contract\/#primaryimage"},"image":{"@id":"https:\/\/blog.uantwerpen.be\/armoede-sociale-uitsluiting\/pleidooi-voor-een-vernieuwd-sociaal-contract\/#primaryimage"},"thumbnailUrl":"https:\/\/blog.uantwerpen.be\/armoede-sociale-uitsluiting\/wp-content\/uploads\/2021\/02\/human-567566_1920.jpg","datePublished":"2021-02-05T09:54:56+00:00","dateModified":"2021-02-05T10:02:46+00:00","breadcrumb":{"@id":"https:\/\/blog.uantwerpen.be\/armoede-sociale-uitsluiting\/pleidooi-voor-een-vernieuwd-sociaal-contract\/#breadcrumb"},"inLanguage":"nl-BE","potentialAction":[{"@type":"ReadAction","target":["https:\/\/blog.uantwerpen.be\/armoede-sociale-uitsluiting\/pleidooi-voor-een-vernieuwd-sociaal-contract\/"]}]},{"@type":"ImageObject","inLanguage":"nl-BE","@id":"https:\/\/blog.uantwerpen.be\/armoede-sociale-uitsluiting\/pleidooi-voor-een-vernieuwd-sociaal-contract\/#primaryimage","url":"https:\/\/blog.uantwerpen.be\/armoede-sociale-uitsluiting\/wp-content\/uploads\/2021\/02\/human-567566_1920.jpg","contentUrl":"https:\/\/blog.uantwerpen.be\/armoede-sociale-uitsluiting\/wp-content\/uploads\/2021\/02\/human-567566_1920.jpg","width":1920,"height":1355},{"@type":"BreadcrumbList","@id":"https:\/\/blog.uantwerpen.be\/armoede-sociale-uitsluiting\/pleidooi-voor-een-vernieuwd-sociaal-contract\/#breadcrumb","itemListElement":[{"@type":"ListItem","position":1,"name":"Home","item":"https:\/\/blog.uantwerpen.be\/armoede-sociale-uitsluiting\/"},{"@type":"ListItem","position":2,"name":"Pleidooi voor een vernieuwd sociaal contract"}]},{"@type":"WebSite","@id":"https:\/\/blog.uantwerpen.be\/armoede-sociale-uitsluiting\/#website","url":"https:\/\/blog.uantwerpen.be\/armoede-sociale-uitsluiting\/","name":"Armoede en Sociale Uitsluiting","description":"Armoede en Sociale Uitsluiting","publisher":{"@id":"https:\/\/blog.uantwerpen.be\/armoede-sociale-uitsluiting\/#organization"},"potentialAction":[{"@type":"SearchAction","target":{"@type":"EntryPoint","urlTemplate":"https:\/\/blog.uantwerpen.be\/armoede-sociale-uitsluiting\/?s={search_term_string}"},"query-input":{"@type":"PropertyValueSpecification","valueRequired":true,"valueName":"search_term_string"}}],"inLanguage":"nl-BE"},{"@type":"Organization","@id":"https:\/\/blog.uantwerpen.be\/armoede-sociale-uitsluiting\/#organization","name":"Armoede en Sociale Uitsluiting","url":"https:\/\/blog.uantwerpen.be\/armoede-sociale-uitsluiting\/","logo":{"@type":"ImageObject","inLanguage":"nl-BE","@id":"https:\/\/blog.uantwerpen.be\/armoede-sociale-uitsluiting\/#\/schema\/logo\/image\/","url":"https:\/\/blog.uantwerpen.be\/armoede-sociale-uitsluiting\/wp-content\/uploads\/2021\/09\/cropped-UA-hor-1-nl-white.png","contentUrl":"https:\/\/blog.uantwerpen.be\/armoede-sociale-uitsluiting\/wp-content\/uploads\/2021\/09\/cropped-UA-hor-1-nl-white.png","width":873,"height":250,"caption":"Armoede en Sociale Uitsluiting"},"image":{"@id":"https:\/\/blog.uantwerpen.be\/armoede-sociale-uitsluiting\/#\/schema\/logo\/image\/"}},{"@type":"Person","@id":"https:\/\/blog.uantwerpen.be\/armoede-sociale-uitsluiting\/#\/schema\/person\/bdc9fac7c33ec579483ddf8179e41cc7","name":"USAB","url":"https:\/\/blog.uantwerpen.be\/armoede-sociale-uitsluiting\/author\/jill-coene\/"}]}},"_links":{"self":[{"href":"https:\/\/blog.uantwerpen.be\/armoede-sociale-uitsluiting\/wp-json\/wp\/v2\/posts\/925","targetHints":{"allow":["GET"]}}],"collection":[{"href":"https:\/\/blog.uantwerpen.be\/armoede-sociale-uitsluiting\/wp-json\/wp\/v2\/posts"}],"about":[{"href":"https:\/\/blog.uantwerpen.be\/armoede-sociale-uitsluiting\/wp-json\/wp\/v2\/types\/post"}],"author":[{"embeddable":true,"href":"https:\/\/blog.uantwerpen.be\/armoede-sociale-uitsluiting\/wp-json\/wp\/v2\/users\/12"}],"replies":[{"embeddable":true,"href":"https:\/\/blog.uantwerpen.be\/armoede-sociale-uitsluiting\/wp-json\/wp\/v2\/comments?post=925"}],"version-history":[{"count":3,"href":"https:\/\/blog.uantwerpen.be\/armoede-sociale-uitsluiting\/wp-json\/wp\/v2\/posts\/925\/revisions"}],"predecessor-version":[{"id":929,"href":"https:\/\/blog.uantwerpen.be\/armoede-sociale-uitsluiting\/wp-json\/wp\/v2\/posts\/925\/revisions\/929"}],"wp:featuredmedia":[{"embeddable":true,"href":"https:\/\/blog.uantwerpen.be\/armoede-sociale-uitsluiting\/wp-json\/wp\/v2\/media\/926"}],"wp:attachment":[{"href":"https:\/\/blog.uantwerpen.be\/armoede-sociale-uitsluiting\/wp-json\/wp\/v2\/media?parent=925"}],"wp:term":[{"taxonomy":"category","embeddable":true,"href":"https:\/\/blog.uantwerpen.be\/armoede-sociale-uitsluiting\/wp-json\/wp\/v2\/categories?post=925"},{"taxonomy":"post_tag","embeddable":true,"href":"https:\/\/blog.uantwerpen.be\/armoede-sociale-uitsluiting\/wp-json\/wp\/v2\/tags?post=925"},{"taxonomy":"author","embeddable":true,"href":"https:\/\/blog.uantwerpen.be\/armoede-sociale-uitsluiting\/wp-json\/wp\/v2\/coauthors?post=925"}],"curies":[{"name":"wp","href":"https:\/\/api.w.org\/{rel}","templated":true}]}}