{"id":737,"date":"2019-11-25T15:05:27","date_gmt":"2019-11-25T15:05:27","guid":{"rendered":"https:\/\/www.uantwerpen.one\/armoede-sociale-uitsluiting\/?p=737"},"modified":"2019-12-02T14:07:09","modified_gmt":"2019-12-02T14:07:09","slug":"toegang-duurzame-consumptie","status":"publish","type":"post","link":"https:\/\/blog.uantwerpen.be\/armoede-sociale-uitsluiting\/toegang-duurzame-consumptie\/","title":{"rendered":"Hebben mensen in armoede minder toegang tot een duurzame levensstijl?"},"content":{"rendered":"\n<h3 class=\"wp-block-heading\">Vervuilen ze daardoor ook meer?<\/h3>\n\n\n\n<p>Afhankelijk van de gehanteerde methodologie, varieert de  CO<sub>2<\/sub>-voetafdruk gelieerd aan de consumptie van een gemiddeld Belgisch gezin tussen 12,5 en 17 ton  CO<sub>2<\/sub> e\/jaar. Hogere inkomensgroepen dragen meer bij aan de uitstoot van broeikasgassen dan de laagste inkomensgroepen. De consumptie van de rijkste 10% hangt samen met dubbel zoveel uitstoot dan de consumptie van de armste 10%. Dat berekenden <em>Petra Zsusza L\u00e9vay (CSB UAntwerpen), Josefine Vanhille (CSB UAntwerpen), Gertjan Cooreman (Federaal Planbureau), Jean-Maurice Fr\u00e8re (Federaal Planbureau), Gerlinde Verbist (CSB UAntwerpen) en Tim Goedem\u00e9<\/em> <em>(University of Oxford)<\/em>.<\/p>\n\n\n\n<p>Maar per uitgegeven euro gaat het\nconsumptiepatroon in de lagere inkomensgroepen wel gepaard met meer\nbroeikasgasuitstoot dan in de hogere inkomensgroepen. Dat komt doordat de consumptiecategorie\u00ebn\n\u2018energie en huisvesting\u2019 en \u2018voeding\u2019 onderaan in de inkomensverdeling zwaarder\ndoorwegen in het gezinsbudget. Deze categorie\u00ebn zijn erg CO<sub>2<\/sub>-intensief.\nVoor het beleid is deze vaststelling relevant: het belasten van uitstoot zonder\nmeer zal armere groepen sterker treffen dan rijkere groepen.<\/p>\n\n\n\n<p>Lees er meer over in het <a href=\"https:\/\/www.uantwerpen.be\/images\/uantwerpen\/container34686\/files\/Jaarboek%20Armoede%202019_WEB3.pdf\">&#8220;Jaarboek Armoede en Sociale Uitsluiting 2019&#8221;<\/a>, p.107-123.<\/p>\n\n\n\n<h3 class=\"wp-block-heading\">Ook de toegang tot duurzaam wonen is beperkt voor wie arm is<\/h3>\n\n\n\n<p>Het belang van de\nconsumptiecategorie \u2018energie en huisvesting\u2019 in de uitstoot van lage\ninkomensgezinnen doet vragen rijzen naar de toegang van lage inkomensgroepen\ntot energiezuinige en kwaliteitsvolle woningen. <\/p>\n\n\n\n<p>Volgens <em>Griet Verbeeck (UHasselt), Lieve Vanderstraeten (VUB) en Kristof Heylen (HIVA KU Leuven)<\/em> blijken financieel kwetsbare huishoudens minder vaak te wonen in duurzame woningen (een woning waar 5 of 6 van de volgende maatregelen aanwezig zijn: isolerend glas, dak-, muur- of vloerisolatie, een energiezuinige ketel of hernieuwbare energie) dan de rest van Vlaamse huishoudens. Het aandeel arme en lage middenklasse huishoudens dat woont in een duurzame woning is de voorbije vijf jaar<a> <\/a>wel gestegen. Toch is het aandeel kwetsbare huishoudens in een niet duurzame woning (waar 2  of minder van de genoemde maatregelen aanwezig zijn) in 2018 nog steeds dubbel zo hoog als bij de rest van Vlaamse huishoudens. Bovendien verkeert een aanzienlijk deel van de niet duurzame woningen in een slechte fysieke staat. <\/p>\n\n\n\n<p>Wie woont in een duurzame woning, heeft een groter risico op betaalbaarheidsproblemen ten opzichte van wie woont in een \u2018redelijk\u2019 duurzame woning. Door de hogere huurprijzen van duurzame woningen, nemen ze een grotere hap uit het beschikbaar gezinsbudget en dit wordt niet volledig gecompenseerd door een lagere energiefactuur. <\/p>\n\n\n\n<p>Lees er meer over in het <a href=\"https:\/\/www.uantwerpen.be\/images\/uantwerpen\/container34686\/files\/Jaarboek%20Armoede%202019_WEB3.pdf\">&#8220;Jaarboek Armoede en Sociale Uitsluiting 2019&#8221;<\/a>, p.125-145. <\/p>\n\n\n\n<h3 class=\"wp-block-heading\">Hoe kan het wel?<\/h3>\n\n\n\n<p>Verbeeck en collega\u2019s zien als eerste stap het sensibiliseren van bewoners over hun woonsituatie. Dat kan via een energiescan, een waterscan of via de &#8216;woonmeter&#8217;, een instrument ontwikkeld door Samenlevingsopbouw. Deze instrumenten zouden automatisch moeten worden ingezet door OCMW\u2019s, CAW\u2019s of andere instellingen. <\/p>\n\n\n\n<p>Om structurele vooruitgang te boeken, moeten volgens de auteurs initiatieven die inzetten op het verbeteren van huurwoningen op de private huurmarkt worden ondersteund. Ook moeten zogenaamde &#8216;noodkopers&#8217; ondersteund worden wanneer ze hun woning willen verduurzamen. In het <a href=\"https:\/\/www.uantwerpen.be\/images\/uantwerpen\/container34686\/files\/Jaarboek%20Armoede%202019_WEB3.pdf\">Jaarboek Armoede en Sociale Uitsluiting 2019 <\/a> benoemen Verbeeck en collega\u2019s enkele beloftevolle initiatieven. <\/p>\n\n\n\n<p>Hogere huurprijzen (ten gevolge van woningrenovatie) zouden moeten worden gecompenseerd. Dat kan bijvoorbeeld door te verhuren via een sociaal verhuurkantoor. Men zou ook kunnen rekenen met een constante woonkost, waarbij een huurprijsverhoging wordt gedaan die in lijn is met de verlaging van de energiekost. <\/p>\n\n\n\n<h3 class=\"wp-block-heading\">Een ander economisch model<\/h3>\n\n\n\n<p>Een duurzame samenleving vereist een duurzaam economisch model. De circulaire economie kan hierbij een belangrijke rol spelen. In de circulaire economie worden producten, onderdelen en materialen in de kringloop gehouden. Er wordt ingezet op hergebruik, herstel en onderhoud. In tweede instantie worden zoveel mogelijk grondstoffen gerecupereerd via composteren en recycleren.&nbsp;&nbsp;Ook de \u2018deeleconomie\u2019 is een belangrijk model in de transitie naar en duurzame maatschappij. <\/p>\n\n\n\n<p>De shift naar een circulaire en deeleconomie kan impact uitoefenen op economisch, ecologisch en sociaal vlak. Allerlei actoren moeten daarbij hun verantwoordelijkheid opnemen:  overheid, bedrijven, financi\u00eble instellingen en individuele consumenten. <\/p>\n\n\n\n<p>De sociale impact is nog onvoldoende onderzocht. <em>Karine Van Doorsselaer  en Jill Coene<\/em> van Universiteit Antwerpen bekijken hoe mensen in armoede goedkoper, maar toch kwaliteitsvol kunnen consumeren. Dat kan bijvoorbeeld via de tweedehandsmarkt, ruilen en weggeefwinkels. Ook hersteldiensten en meer sociale initiatieven als repaircaf\u00e9s zijn belangrijk. Tot slot kan de trend van &#8216;hebben naar gebruiken&#8217; mensen in armoede toegang geven tot duurzame producten. Uitleendiensten, deelsystemen en &#8216;pay-per-service&#8217; concepten bieden heel wat potentieel. <\/p>\n\n\n\n<p>Lees er meer over in het <a href=\"https:\/\/www.uantwerpen.be\/images\/uantwerpen\/container34686\/files\/Jaarboek%20Armoede%202019_WEB3.pdf\">&#8220;Jaarboek Armoede en Sociale Uitsluiting 2019&#8221;<\/a>, p.203-222.  <\/p>\n\n\n\n<p> Foto door&nbsp;<a href=\"https:\/\/unsplash.com\/@echogrid?utm_source=unsplash&amp;utm_medium=referral&amp;utm_content=creditCopyText\">Echo Grid<\/a>&nbsp;via&nbsp;<a href=\"https:\/\/unsplash.com\/s\/photos\/old-house?utm_source=unsplash&amp;utm_medium=referral&amp;utm_content=creditCopyText\">Unsplash<\/a> <\/p>\n","protected":false},"excerpt":{"rendered":"<p>Mensen in armoede hebben minder  toegang tot duurzame consumptiegoederen.<\/p>\n","protected":false},"author":12,"featured_media":738,"comment_status":"closed","ping_status":"open","sticky":false,"template":"","format":"standard","meta":{"_acf_changed":false,"footnotes":""},"categories":[32],"tags":[55,56,48,51],"coauthors":[],"class_list":["post-737","post","type-post","status-publish","format-standard","has-post-thumbnail","hentry","category-onderzoek","tag-circulaire-economie","tag-deeleconomie","tag-duurzaamheid","tag-wonen"],"acf":[],"yoast_head":"<!-- This site is optimized with the Yoast SEO plugin v27.5 - https:\/\/yoast.com\/product\/yoast-seo-wordpress\/ -->\n<title>Hebben mensen in armoede minder toegang tot een duurzame levensstijl? - Armoede en Sociale Uitsluiting<\/title>\n<meta name=\"robots\" content=\"index, follow, max-snippet:-1, max-image-preview:large, max-video-preview:-1\" \/>\n<link rel=\"canonical\" href=\"https:\/\/blog.uantwerpen.be\/armoede-sociale-uitsluiting\/toegang-duurzame-consumptie\/\" \/>\n<meta property=\"og:locale\" content=\"nl_BE\" \/>\n<meta property=\"og:type\" content=\"article\" \/>\n<meta property=\"og:title\" content=\"Hebben mensen in armoede minder toegang tot een duurzame levensstijl? - Armoede en Sociale Uitsluiting\" \/>\n<meta property=\"og:description\" content=\"Mensen in armoede hebben minder toegang tot duurzame consumptiegoederen.\" \/>\n<meta property=\"og:url\" content=\"https:\/\/blog.uantwerpen.be\/armoede-sociale-uitsluiting\/toegang-duurzame-consumptie\/\" \/>\n<meta property=\"og:site_name\" content=\"Armoede en Sociale Uitsluiting\" \/>\n<meta property=\"article:published_time\" content=\"2019-11-25T15:05:27+00:00\" \/>\n<meta property=\"article:modified_time\" content=\"2019-12-02T14:07:09+00:00\" \/>\n<meta property=\"og:image\" content=\"https:\/\/blog.uantwerpen.be\/armoede-sociale-uitsluiting\/wp-content\/uploads\/2019\/11\/echo-grid-NZVQ3YDlIa4-unsplash-scaled.jpg\" \/>\n\t<meta property=\"og:image:width\" content=\"2560\" \/>\n\t<meta property=\"og:image:height\" content=\"1707\" \/>\n\t<meta property=\"og:image:type\" content=\"image\/jpeg\" \/>\n<meta name=\"author\" content=\"USAB\" \/>\n<meta name=\"twitter:card\" content=\"summary_large_image\" \/>\n<meta name=\"twitter:label1\" content=\"Geschreven door\" \/>\n\t<meta name=\"twitter:data1\" content=\"USAB\" \/>\n\t<meta name=\"twitter:label2\" content=\"Geschatte leestijd\" \/>\n\t<meta name=\"twitter:data2\" content=\"4 minuten\" \/>\n\t<meta name=\"twitter:label3\" content=\"Written by\" \/>\n\t<meta name=\"twitter:data3\" content=\"USAB\" \/>\n<script type=\"application\/ld+json\" class=\"yoast-schema-graph\">{\"@context\":\"https:\\\/\\\/schema.org\",\"@graph\":[{\"@type\":\"Article\",\"@id\":\"https:\\\/\\\/blog.uantwerpen.be\\\/armoede-sociale-uitsluiting\\\/toegang-duurzame-consumptie\\\/#article\",\"isPartOf\":{\"@id\":\"https:\\\/\\\/blog.uantwerpen.be\\\/armoede-sociale-uitsluiting\\\/toegang-duurzame-consumptie\\\/\"},\"author\":{\"name\":\"USAB\",\"@id\":\"https:\\\/\\\/blog.uantwerpen.be\\\/armoede-sociale-uitsluiting\\\/#\\\/schema\\\/person\\\/bdc9fac7c33ec579483ddf8179e41cc7\"},\"headline\":\"Hebben mensen in armoede minder toegang tot een duurzame levensstijl?\",\"datePublished\":\"2019-11-25T15:05:27+00:00\",\"dateModified\":\"2019-12-02T14:07:09+00:00\",\"mainEntityOfPage\":{\"@id\":\"https:\\\/\\\/blog.uantwerpen.be\\\/armoede-sociale-uitsluiting\\\/toegang-duurzame-consumptie\\\/\"},\"wordCount\":744,\"publisher\":{\"@id\":\"https:\\\/\\\/blog.uantwerpen.be\\\/armoede-sociale-uitsluiting\\\/#organization\"},\"image\":{\"@id\":\"https:\\\/\\\/blog.uantwerpen.be\\\/armoede-sociale-uitsluiting\\\/toegang-duurzame-consumptie\\\/#primaryimage\"},\"thumbnailUrl\":\"https:\\\/\\\/blog.uantwerpen.be\\\/armoede-sociale-uitsluiting\\\/wp-content\\\/uploads\\\/2019\\\/11\\\/echo-grid-NZVQ3YDlIa4-unsplash-scaled.jpg\",\"keywords\":[\"circulaire economie\",\"deeleconomie\",\"duurzaamheid\",\"wonen\"],\"articleSection\":[\"Onderzoek\"],\"inLanguage\":\"nl-BE\"},{\"@type\":\"WebPage\",\"@id\":\"https:\\\/\\\/blog.uantwerpen.be\\\/armoede-sociale-uitsluiting\\\/toegang-duurzame-consumptie\\\/\",\"url\":\"https:\\\/\\\/blog.uantwerpen.be\\\/armoede-sociale-uitsluiting\\\/toegang-duurzame-consumptie\\\/\",\"name\":\"Hebben mensen in armoede minder toegang tot een duurzame levensstijl? - Armoede en Sociale Uitsluiting\",\"isPartOf\":{\"@id\":\"https:\\\/\\\/blog.uantwerpen.be\\\/armoede-sociale-uitsluiting\\\/#website\"},\"primaryImageOfPage\":{\"@id\":\"https:\\\/\\\/blog.uantwerpen.be\\\/armoede-sociale-uitsluiting\\\/toegang-duurzame-consumptie\\\/#primaryimage\"},\"image\":{\"@id\":\"https:\\\/\\\/blog.uantwerpen.be\\\/armoede-sociale-uitsluiting\\\/toegang-duurzame-consumptie\\\/#primaryimage\"},\"thumbnailUrl\":\"https:\\\/\\\/blog.uantwerpen.be\\\/armoede-sociale-uitsluiting\\\/wp-content\\\/uploads\\\/2019\\\/11\\\/echo-grid-NZVQ3YDlIa4-unsplash-scaled.jpg\",\"datePublished\":\"2019-11-25T15:05:27+00:00\",\"dateModified\":\"2019-12-02T14:07:09+00:00\",\"breadcrumb\":{\"@id\":\"https:\\\/\\\/blog.uantwerpen.be\\\/armoede-sociale-uitsluiting\\\/toegang-duurzame-consumptie\\\/#breadcrumb\"},\"inLanguage\":\"nl-BE\",\"potentialAction\":[{\"@type\":\"ReadAction\",\"target\":[\"https:\\\/\\\/blog.uantwerpen.be\\\/armoede-sociale-uitsluiting\\\/toegang-duurzame-consumptie\\\/\"]}]},{\"@type\":\"ImageObject\",\"inLanguage\":\"nl-BE\",\"@id\":\"https:\\\/\\\/blog.uantwerpen.be\\\/armoede-sociale-uitsluiting\\\/toegang-duurzame-consumptie\\\/#primaryimage\",\"url\":\"https:\\\/\\\/blog.uantwerpen.be\\\/armoede-sociale-uitsluiting\\\/wp-content\\\/uploads\\\/2019\\\/11\\\/echo-grid-NZVQ3YDlIa4-unsplash-scaled.jpg\",\"contentUrl\":\"https:\\\/\\\/blog.uantwerpen.be\\\/armoede-sociale-uitsluiting\\\/wp-content\\\/uploads\\\/2019\\\/11\\\/echo-grid-NZVQ3YDlIa4-unsplash-scaled.jpg\",\"width\":2560,\"height\":1707},{\"@type\":\"BreadcrumbList\",\"@id\":\"https:\\\/\\\/blog.uantwerpen.be\\\/armoede-sociale-uitsluiting\\\/toegang-duurzame-consumptie\\\/#breadcrumb\",\"itemListElement\":[{\"@type\":\"ListItem\",\"position\":1,\"name\":\"Home\",\"item\":\"https:\\\/\\\/blog.uantwerpen.be\\\/armoede-sociale-uitsluiting\\\/\"},{\"@type\":\"ListItem\",\"position\":2,\"name\":\"Hebben mensen in armoede minder toegang tot een duurzame levensstijl?\"}]},{\"@type\":\"WebSite\",\"@id\":\"https:\\\/\\\/blog.uantwerpen.be\\\/armoede-sociale-uitsluiting\\\/#website\",\"url\":\"https:\\\/\\\/blog.uantwerpen.be\\\/armoede-sociale-uitsluiting\\\/\",\"name\":\"Armoede en Sociale Uitsluiting\",\"description\":\"Armoede en Sociale Uitsluiting\",\"publisher\":{\"@id\":\"https:\\\/\\\/blog.uantwerpen.be\\\/armoede-sociale-uitsluiting\\\/#organization\"},\"potentialAction\":[{\"@type\":\"SearchAction\",\"target\":{\"@type\":\"EntryPoint\",\"urlTemplate\":\"https:\\\/\\\/blog.uantwerpen.be\\\/armoede-sociale-uitsluiting\\\/?s={search_term_string}\"},\"query-input\":{\"@type\":\"PropertyValueSpecification\",\"valueRequired\":true,\"valueName\":\"search_term_string\"}}],\"inLanguage\":\"nl-BE\"},{\"@type\":\"Organization\",\"@id\":\"https:\\\/\\\/blog.uantwerpen.be\\\/armoede-sociale-uitsluiting\\\/#organization\",\"name\":\"Armoede en Sociale Uitsluiting\",\"url\":\"https:\\\/\\\/blog.uantwerpen.be\\\/armoede-sociale-uitsluiting\\\/\",\"logo\":{\"@type\":\"ImageObject\",\"inLanguage\":\"nl-BE\",\"@id\":\"https:\\\/\\\/blog.uantwerpen.be\\\/armoede-sociale-uitsluiting\\\/#\\\/schema\\\/logo\\\/image\\\/\",\"url\":\"https:\\\/\\\/blog.uantwerpen.be\\\/armoede-sociale-uitsluiting\\\/wp-content\\\/uploads\\\/2021\\\/09\\\/cropped-UA-hor-1-nl-white.png\",\"contentUrl\":\"https:\\\/\\\/blog.uantwerpen.be\\\/armoede-sociale-uitsluiting\\\/wp-content\\\/uploads\\\/2021\\\/09\\\/cropped-UA-hor-1-nl-white.png\",\"width\":873,\"height\":250,\"caption\":\"Armoede en Sociale Uitsluiting\"},\"image\":{\"@id\":\"https:\\\/\\\/blog.uantwerpen.be\\\/armoede-sociale-uitsluiting\\\/#\\\/schema\\\/logo\\\/image\\\/\"}},{\"@type\":\"Person\",\"@id\":\"https:\\\/\\\/blog.uantwerpen.be\\\/armoede-sociale-uitsluiting\\\/#\\\/schema\\\/person\\\/bdc9fac7c33ec579483ddf8179e41cc7\",\"name\":\"USAB\",\"url\":\"https:\\\/\\\/blog.uantwerpen.be\\\/armoede-sociale-uitsluiting\\\/author\\\/jill-coene\\\/\"}]}<\/script>\n<!-- \/ Yoast SEO plugin. -->","yoast_head_json":{"title":"Hebben mensen in armoede minder toegang tot een duurzame levensstijl? - Armoede en Sociale Uitsluiting","robots":{"index":"index","follow":"follow","max-snippet":"max-snippet:-1","max-image-preview":"max-image-preview:large","max-video-preview":"max-video-preview:-1"},"canonical":"https:\/\/blog.uantwerpen.be\/armoede-sociale-uitsluiting\/toegang-duurzame-consumptie\/","og_locale":"nl_BE","og_type":"article","og_title":"Hebben mensen in armoede minder toegang tot een duurzame levensstijl? - Armoede en Sociale Uitsluiting","og_description":"Mensen in armoede hebben minder toegang tot duurzame consumptiegoederen.","og_url":"https:\/\/blog.uantwerpen.be\/armoede-sociale-uitsluiting\/toegang-duurzame-consumptie\/","og_site_name":"Armoede en Sociale Uitsluiting","article_published_time":"2019-11-25T15:05:27+00:00","article_modified_time":"2019-12-02T14:07:09+00:00","og_image":[{"width":2560,"height":1707,"url":"https:\/\/blog.uantwerpen.be\/armoede-sociale-uitsluiting\/wp-content\/uploads\/2019\/11\/echo-grid-NZVQ3YDlIa4-unsplash-scaled.jpg","type":"image\/jpeg"}],"author":"USAB","twitter_card":"summary_large_image","twitter_misc":{"Geschreven door":"USAB","Geschatte leestijd":"4 minuten","Written by":"USAB"},"schema":{"@context":"https:\/\/schema.org","@graph":[{"@type":"Article","@id":"https:\/\/blog.uantwerpen.be\/armoede-sociale-uitsluiting\/toegang-duurzame-consumptie\/#article","isPartOf":{"@id":"https:\/\/blog.uantwerpen.be\/armoede-sociale-uitsluiting\/toegang-duurzame-consumptie\/"},"author":{"name":"USAB","@id":"https:\/\/blog.uantwerpen.be\/armoede-sociale-uitsluiting\/#\/schema\/person\/bdc9fac7c33ec579483ddf8179e41cc7"},"headline":"Hebben mensen in armoede minder toegang tot een duurzame levensstijl?","datePublished":"2019-11-25T15:05:27+00:00","dateModified":"2019-12-02T14:07:09+00:00","mainEntityOfPage":{"@id":"https:\/\/blog.uantwerpen.be\/armoede-sociale-uitsluiting\/toegang-duurzame-consumptie\/"},"wordCount":744,"publisher":{"@id":"https:\/\/blog.uantwerpen.be\/armoede-sociale-uitsluiting\/#organization"},"image":{"@id":"https:\/\/blog.uantwerpen.be\/armoede-sociale-uitsluiting\/toegang-duurzame-consumptie\/#primaryimage"},"thumbnailUrl":"https:\/\/blog.uantwerpen.be\/armoede-sociale-uitsluiting\/wp-content\/uploads\/2019\/11\/echo-grid-NZVQ3YDlIa4-unsplash-scaled.jpg","keywords":["circulaire economie","deeleconomie","duurzaamheid","wonen"],"articleSection":["Onderzoek"],"inLanguage":"nl-BE"},{"@type":"WebPage","@id":"https:\/\/blog.uantwerpen.be\/armoede-sociale-uitsluiting\/toegang-duurzame-consumptie\/","url":"https:\/\/blog.uantwerpen.be\/armoede-sociale-uitsluiting\/toegang-duurzame-consumptie\/","name":"Hebben mensen in armoede minder toegang tot een duurzame levensstijl? - Armoede en Sociale Uitsluiting","isPartOf":{"@id":"https:\/\/blog.uantwerpen.be\/armoede-sociale-uitsluiting\/#website"},"primaryImageOfPage":{"@id":"https:\/\/blog.uantwerpen.be\/armoede-sociale-uitsluiting\/toegang-duurzame-consumptie\/#primaryimage"},"image":{"@id":"https:\/\/blog.uantwerpen.be\/armoede-sociale-uitsluiting\/toegang-duurzame-consumptie\/#primaryimage"},"thumbnailUrl":"https:\/\/blog.uantwerpen.be\/armoede-sociale-uitsluiting\/wp-content\/uploads\/2019\/11\/echo-grid-NZVQ3YDlIa4-unsplash-scaled.jpg","datePublished":"2019-11-25T15:05:27+00:00","dateModified":"2019-12-02T14:07:09+00:00","breadcrumb":{"@id":"https:\/\/blog.uantwerpen.be\/armoede-sociale-uitsluiting\/toegang-duurzame-consumptie\/#breadcrumb"},"inLanguage":"nl-BE","potentialAction":[{"@type":"ReadAction","target":["https:\/\/blog.uantwerpen.be\/armoede-sociale-uitsluiting\/toegang-duurzame-consumptie\/"]}]},{"@type":"ImageObject","inLanguage":"nl-BE","@id":"https:\/\/blog.uantwerpen.be\/armoede-sociale-uitsluiting\/toegang-duurzame-consumptie\/#primaryimage","url":"https:\/\/blog.uantwerpen.be\/armoede-sociale-uitsluiting\/wp-content\/uploads\/2019\/11\/echo-grid-NZVQ3YDlIa4-unsplash-scaled.jpg","contentUrl":"https:\/\/blog.uantwerpen.be\/armoede-sociale-uitsluiting\/wp-content\/uploads\/2019\/11\/echo-grid-NZVQ3YDlIa4-unsplash-scaled.jpg","width":2560,"height":1707},{"@type":"BreadcrumbList","@id":"https:\/\/blog.uantwerpen.be\/armoede-sociale-uitsluiting\/toegang-duurzame-consumptie\/#breadcrumb","itemListElement":[{"@type":"ListItem","position":1,"name":"Home","item":"https:\/\/blog.uantwerpen.be\/armoede-sociale-uitsluiting\/"},{"@type":"ListItem","position":2,"name":"Hebben mensen in armoede minder toegang tot een duurzame levensstijl?"}]},{"@type":"WebSite","@id":"https:\/\/blog.uantwerpen.be\/armoede-sociale-uitsluiting\/#website","url":"https:\/\/blog.uantwerpen.be\/armoede-sociale-uitsluiting\/","name":"Armoede en Sociale Uitsluiting","description":"Armoede en Sociale Uitsluiting","publisher":{"@id":"https:\/\/blog.uantwerpen.be\/armoede-sociale-uitsluiting\/#organization"},"potentialAction":[{"@type":"SearchAction","target":{"@type":"EntryPoint","urlTemplate":"https:\/\/blog.uantwerpen.be\/armoede-sociale-uitsluiting\/?s={search_term_string}"},"query-input":{"@type":"PropertyValueSpecification","valueRequired":true,"valueName":"search_term_string"}}],"inLanguage":"nl-BE"},{"@type":"Organization","@id":"https:\/\/blog.uantwerpen.be\/armoede-sociale-uitsluiting\/#organization","name":"Armoede en Sociale Uitsluiting","url":"https:\/\/blog.uantwerpen.be\/armoede-sociale-uitsluiting\/","logo":{"@type":"ImageObject","inLanguage":"nl-BE","@id":"https:\/\/blog.uantwerpen.be\/armoede-sociale-uitsluiting\/#\/schema\/logo\/image\/","url":"https:\/\/blog.uantwerpen.be\/armoede-sociale-uitsluiting\/wp-content\/uploads\/2021\/09\/cropped-UA-hor-1-nl-white.png","contentUrl":"https:\/\/blog.uantwerpen.be\/armoede-sociale-uitsluiting\/wp-content\/uploads\/2021\/09\/cropped-UA-hor-1-nl-white.png","width":873,"height":250,"caption":"Armoede en Sociale Uitsluiting"},"image":{"@id":"https:\/\/blog.uantwerpen.be\/armoede-sociale-uitsluiting\/#\/schema\/logo\/image\/"}},{"@type":"Person","@id":"https:\/\/blog.uantwerpen.be\/armoede-sociale-uitsluiting\/#\/schema\/person\/bdc9fac7c33ec579483ddf8179e41cc7","name":"USAB","url":"https:\/\/blog.uantwerpen.be\/armoede-sociale-uitsluiting\/author\/jill-coene\/"}]}},"_links":{"self":[{"href":"https:\/\/blog.uantwerpen.be\/armoede-sociale-uitsluiting\/wp-json\/wp\/v2\/posts\/737","targetHints":{"allow":["GET"]}}],"collection":[{"href":"https:\/\/blog.uantwerpen.be\/armoede-sociale-uitsluiting\/wp-json\/wp\/v2\/posts"}],"about":[{"href":"https:\/\/blog.uantwerpen.be\/armoede-sociale-uitsluiting\/wp-json\/wp\/v2\/types\/post"}],"author":[{"embeddable":true,"href":"https:\/\/blog.uantwerpen.be\/armoede-sociale-uitsluiting\/wp-json\/wp\/v2\/users\/12"}],"replies":[{"embeddable":true,"href":"https:\/\/blog.uantwerpen.be\/armoede-sociale-uitsluiting\/wp-json\/wp\/v2\/comments?post=737"}],"version-history":[{"count":5,"href":"https:\/\/blog.uantwerpen.be\/armoede-sociale-uitsluiting\/wp-json\/wp\/v2\/posts\/737\/revisions"}],"predecessor-version":[{"id":778,"href":"https:\/\/blog.uantwerpen.be\/armoede-sociale-uitsluiting\/wp-json\/wp\/v2\/posts\/737\/revisions\/778"}],"wp:featuredmedia":[{"embeddable":true,"href":"https:\/\/blog.uantwerpen.be\/armoede-sociale-uitsluiting\/wp-json\/wp\/v2\/media\/738"}],"wp:attachment":[{"href":"https:\/\/blog.uantwerpen.be\/armoede-sociale-uitsluiting\/wp-json\/wp\/v2\/media?parent=737"}],"wp:term":[{"taxonomy":"category","embeddable":true,"href":"https:\/\/blog.uantwerpen.be\/armoede-sociale-uitsluiting\/wp-json\/wp\/v2\/categories?post=737"},{"taxonomy":"post_tag","embeddable":true,"href":"https:\/\/blog.uantwerpen.be\/armoede-sociale-uitsluiting\/wp-json\/wp\/v2\/tags?post=737"},{"taxonomy":"author","embeddable":true,"href":"https:\/\/blog.uantwerpen.be\/armoede-sociale-uitsluiting\/wp-json\/wp\/v2\/coauthors?post=737"}],"curies":[{"name":"wp","href":"https:\/\/api.w.org\/{rel}","templated":true}]}}